{"id":58711,"date":"2018-11-23T09:00:49","date_gmt":"2018-11-23T15:00:49","guid":{"rendered":"https:\/\/www.uv.mx\/prensa\/?p=58711"},"modified":"2018-11-23T11:43:50","modified_gmt":"2018-11-23T17:43:50","slug":"estudiantes-de-qfb-participaron-en-feria-cientifica-en-peru","status":"publish","type":"post","link":"https:\/\/www.uv.mx\/prensa\/general\/estudiantes-de-qfb-participaron-en-feria-cientifica-en-peru\/","title":{"rendered":"Estudiantes de QFB participaron en feria cient\u00edfica, en Per\u00fa"},"content":{"rendered":"<ul>\n<li><em><span class=\"TextRun SCXW261145127\" lang=\"ES-ES\" xml:lang=\"ES-ES\"><span class=\"NormalTextRun SCXW261145127\">Su proyecto se llama <\/span><\/span><span class=\"TextRun SCXW261145127\" lang=\"ES-ES\" xml:lang=\"ES-ES\"><span class=\"SpellingError SCXW261145127\">Chaol\u2019s<\/span><span class=\"NormalTextRun SCXW261145127\">,<\/span><\/span><span class=\"TextRun SCXW261145127\" lang=\"ES-ES\" xml:lang=\"ES-ES\"><span class=\"NormalTextRun SCXW261145127\"> una l\u00ednea de productos de uso t\u00f3pico en la que combinan los saberes de la medicina herbolaria mexicana con los conocimientos cient\u00edficos y farmac\u00e9uticos<\/span><\/span><\/em><\/li>\n<\/ul>\n<p>&nbsp;<\/p>\n<div id=\"attachment_58713\" style=\"width: 732px\" class=\"wp-caption aligncenter\"><a href=\"https:\/\/www.uv.mx\/prensa\/files\/2018\/11\/201118-PAOLA-Alumnos-QFB.jpg\"><img loading=\"lazy\" decoding=\"async\" aria-describedby=\"caption-attachment-58713\" class=\"size-full wp-image-58713\" src=\"https:\/\/www.uv.mx\/prensa\/files\/2018\/11\/201118-PAOLA-Alumnos-QFB.jpg\" alt=\"\" width=\"722\" height=\"481\" srcset=\"https:\/\/www.uv.mx\/prensa\/files\/2018\/11\/201118-PAOLA-Alumnos-QFB.jpg 722w, https:\/\/www.uv.mx\/prensa\/files\/2018\/11\/201118-PAOLA-Alumnos-QFB-300x200.jpg 300w\" sizes=\"auto, (max-width: 722px) 100vw, 722px\" \/><\/a><p id=\"caption-attachment-58713\" class=\"wp-caption-text\">V\u00edctor Guerrero, Sandra Mart\u00ednez, Zamira Gon\u00e9 y Mauro Antonio Villanueva asistieron a la Feria Eureka en Per\u00fa<\/p><\/div>\n<p>&nbsp;<\/p>\n<p><b><i>Paola Cort\u00e9s P\u00e9rez<\/i><\/b><\/p>\n<p><b><i>23\/11\/18, Xalapa, Ver.<\/i><\/b><b><i>&#8211;<\/i><\/b> Sandra Mart\u00ednez Trujillo, V\u00edctor Manuel Guerrero Velasco y Zamira Itzayana Gon\u00e9 Zapata, estudiantes de la <a href=\"https:\/\/www.uv.mx\/qfb\/\">Facultad de Qu\u00edmica Farmac\u00e9utica Biol\u00f3gica<\/a> (QFB) de la Universidad Veracruzana (UV), expresaron que participar en concursos nacionales e internacionales de divulgaci\u00f3n cient\u00edfica enriquecen su formaci\u00f3n acad\u00e9mica y personal.<\/p>\n<p>Los j\u00f3venes universitarios obtuvieron el segundo lugar en la Feria Nacional de Ciencias e Ingenier\u00edas (<i>Fenaci<\/i>) realizada en 2017, con el desarrollo de un producto t\u00f3pico con propiedades medicinales, para tratar heridas leves y golpes.<\/p>\n<p>Este triunfo les dio el pase para participar en la Feria Escolar Nacional de Ciencia y Tecnolog\u00eda \u201cEureka\u201d, organizada por el Ministerio de Educaci\u00f3n de Per\u00fa del 8 al 12 de noviembre del presente a\u00f1o, que promueve e impulsa la investigaci\u00f3n cient\u00edfica, as\u00ed como las capacidades y habilidades cient\u00edficas y tecnol\u00f3gicas en docentes y estudiantes de educaci\u00f3n b\u00e1sica regular.<\/p>\n<p>Sandra coment\u00f3 que en \u201cEureka\u201d compitieron alrededor de 100 proyectos cient\u00edficos (de dos a tres por cada departamentos o estados peruanos), adem\u00e1s de propuestas de los pa\u00edses invitados, que para el caso de M\u00e9xico fueron cuatro, uno por cada categor\u00eda de la <i>Fenaci<\/i>.<\/p>\n<p>\u201cLos equipos de los pa\u00edses participantes (Colombia, Ecuador, Bolivia y M\u00e9xico) fuimos de exhibici\u00f3n, as\u00ed que nos evaluaron de manera simb\u00f3lica y premiaron a la mejor exposici\u00f3n. El equipo del estado de Sinaloa fue el ganador, presentaron un proyecto en el cual la guan\u00e1bana es usada como tratamiento para curar el c\u00e1ncer de mama.\u201d<\/p>\n<p>Al preguntarle sobre lo aprendido de esta experiencia internacional, los universitarios expresaron que fortalecieron sus capacidades acad\u00e9micas y personales.<\/p>\n<p>\u201cNos permiti\u00f3 fortalecer nuestras capacidades de expresi\u00f3n y regresamos muy animados para buscar una movilidad nacional e internacional, porque ahora sabemos que en cada pa\u00eds hay diferentes maneras de hacer ciencia\u201d, expres\u00f3 Sandra.<\/p>\n<p>V\u00edctor dijo: \u201cParticipar en esta feria me ampli\u00f3 las fronteras geogr\u00e1ficas y acad\u00e9micas, adem\u00e1s de que hemos tenido la oportunidad de aplicar los conocimientos aprendidos en la escuela, lo cual es dif\u00edcil\u201d.<\/p>\n<p>Zamira Itzayana mencion\u00f3 que este viaje le permiti\u00f3 conocer el valor que tiene la divulgaci\u00f3n de la ciencia en un pa\u00eds como Per\u00fa, esto \u201cfortaleci\u00f3 nuestras habilidades acad\u00e9micas ya que nos anima a desarrollar investigaci\u00f3n en conjunto con j\u00f3venes de otros pa\u00edses\u201d.<\/p>\n<p>El siguiente paso para los universitarios es continuar con la investigaci\u00f3n, a fin de perfeccionar su proyecto, adem\u00e1s buscar\u00e1n realizar una movilidad y\/o estancia nacional o internacional.<\/p>\n<p>&nbsp;<\/p>\n<p><b>Chaol\u2019s, medicina tradicional<\/b><\/p>\n<p>El nombre del proyecto con el que participaron en \u201cEureka\u201d lo llamaron Chaol\u2019s, que consiste en una l\u00ednea de productos de uso t\u00f3pico en la que combinan los saberes de la medicina herbolaria mexicana con los conocimientos cient\u00edficos y farmac\u00e9uticos.<\/p>\n<p>\u201cCon esto queremos rescatar los conocimientos de la medicina tradicional heredada de nuestros ancestros y, por otro lado, queremos aportar a la sociedad productos de origen natural que cient\u00edficamente tienen garantizada su eficacia y efectividad\u201d, explic\u00f3 Zamira.<\/p>\n<p>Detall\u00f3 que el proceso de investigaci\u00f3n lo realizaron en enero de 2017, por lo que para la feria estatal ya ten\u00edan listos los productos y las pruebas de su efectividad.<\/p>\n<p>La l\u00ednea de productos consta de un gel y crema para el tratamiento de heridas leves y golpes, elaborados con tres plantas silvestres de f\u00e1cil propagaci\u00f3n: gigant\u00f3n (<i>Tithonia diversifolia<\/i>), mozote blanco (<i>Bidens pilosa<\/i>) y acuyo (<i>Piper auritum<\/i>).<\/p>\n<p>\u201cBuscamos recuperar las ense\u00f1anzas de la medicina tradicional y reforzarla con conocimientos cient\u00edficos, para lograr un impacto positivo en la sociedad\u201d, reiter\u00f3 Sandra.<\/p>\n<p>V\u00edctor detall\u00f3 que estas plantas fueron amplia y minuciosamente analizadas para conocer desde los usos emp\u00edricos que la gente les da, hasta encontrar estudios cient\u00edficos previos que comprueban sus propiedades antiinflamatorias y cicatrizantes, entre otras.<\/p>\n<p>En tanto, Mauro Antonio Villanueva Lendechy, profesor de la Facultad de QFB y asesor de los j\u00f3venes, dijo que son un ejemplo y motivaci\u00f3n para el resto de sus compa\u00f1eros, ahora hay m\u00e1s estudiantes que se animan a participar en el desarrollo de proyectos de investigaci\u00f3n.<\/p>\n<p>\u201cLa impresi\u00f3n que nos dej\u00f3 este viaje es que existe un muy buen nivel acad\u00e9mico y de investigaci\u00f3n de los proyectos que observamos, sobre todo se impulsa la vocaci\u00f3n cient\u00edfica entre ni\u00f1os (de nueve a 15 a\u00f1os) y j\u00f3venes (de 18 a 21 a\u00f1os). Fue una experiencia muy gratificante.\u201d<\/p>\n","protected":false},"excerpt":{"rendered":"<p>Mauro Antonio Villanueva Lendechy, profesor de la Facultad y asesor de los j\u00f3venes, dijo que son un ejemplo y motivaci\u00f3n para el resto de sus compa\u00f1eros<\/p>\n","protected":false},"author":1508,"featured_media":58712,"comment_status":"closed","ping_status":"closed","sticky":false,"template":"","format":"standard","meta":{"footnotes":""},"categories":[1,61],"tags":[],"class_list":["post-58711","post","type-post","status-publish","format-standard","has-post-thumbnail","hentry","category-general","category-banner"],"_links":{"self":[{"href":"https:\/\/www.uv.mx\/prensa\/wp-json\/wp\/v2\/posts\/58711","targetHints":{"allow":["GET"]}}],"collection":[{"href":"https:\/\/www.uv.mx\/prensa\/wp-json\/wp\/v2\/posts"}],"about":[{"href":"https:\/\/www.uv.mx\/prensa\/wp-json\/wp\/v2\/types\/post"}],"author":[{"embeddable":true,"href":"https:\/\/www.uv.mx\/prensa\/wp-json\/wp\/v2\/users\/1508"}],"replies":[{"embeddable":true,"href":"https:\/\/www.uv.mx\/prensa\/wp-json\/wp\/v2\/comments?post=58711"}],"version-history":[{"count":0,"href":"https:\/\/www.uv.mx\/prensa\/wp-json\/wp\/v2\/posts\/58711\/revisions"}],"wp:featuredmedia":[{"embeddable":true,"href":"https:\/\/www.uv.mx\/prensa\/wp-json\/wp\/v2\/media\/58712"}],"wp:attachment":[{"href":"https:\/\/www.uv.mx\/prensa\/wp-json\/wp\/v2\/media?parent=58711"}],"wp:term":[{"taxonomy":"category","embeddable":true,"href":"https:\/\/www.uv.mx\/prensa\/wp-json\/wp\/v2\/categories?post=58711"},{"taxonomy":"post_tag","embeddable":true,"href":"https:\/\/www.uv.mx\/prensa\/wp-json\/wp\/v2\/tags?post=58711"}],"curies":[{"name":"wp","href":"https:\/\/api.w.org\/{rel}","templated":true}]}}