{"id":58707,"date":"2018-11-23T09:00:04","date_gmt":"2018-11-23T15:00:04","guid":{"rendered":"https:\/\/www.uv.mx\/prensa\/?p=58707"},"modified":"2018-11-23T11:57:28","modified_gmt":"2018-11-23T17:57:28","slug":"academico-de-sociologia-participo-en-festival-de-trieste-italia","status":"publish","type":"post","link":"https:\/\/www.uv.mx\/prensa\/banner\/academico-de-sociologia-participo-en-festival-de-trieste-italia\/","title":{"rendered":"Acad\u00e9mico de Sociolog\u00eda particip\u00f3 en festival de Trieste, Italia"},"content":{"rendered":"<ul>\n<li><em><span class=\"TextRun SCXW121815645\" lang=\"ES-MX\" xml:lang=\"ES-MX\"><span class=\"NormalTextRun SCXW121815645\">El documental\u00a0<\/span><\/span><\/em><span class=\"TextRun SCXW121815645\" lang=\"ES-MX\" xml:lang=\"ES-MX\"><span class=\"NormalTextRun SCXW121815645\">Vidas del c<\/span><\/span><span class=\"TextRun SCXW121815645\" lang=\"ES-MX\" xml:lang=\"ES-MX\"><span class=\"NormalTextRun SCXW121815645\">af\u00e9\u00a0<\/span><\/span><em><span class=\"TextRun SCXW121815645\" lang=\"ES-MX\" xml:lang=\"ES-MX\"><span class=\"NormalTextRun SCXW121815645\">gi<\/span><\/span><span class=\"TextRun SCXW121815645\" lang=\"ES-MX\" xml:lang=\"ES-MX\"><span class=\"NormalTextRun SCXW121815645\">ra en torno a la historia de ex <\/span><\/span><span class=\"TextRun SCXW121815645\" lang=\"ES-MX\" xml:lang=\"ES-MX\"><span class=\"NormalTextRun SCXW121815645\">hacendados cafetaleros y jornaleros de la regi\u00f3n de Huatusco<\/span><\/span><\/em><\/li>\n<\/ul>\n<p>&nbsp;<\/p>\n<div id=\"attachment_58709\" style=\"width: 732px\" class=\"wp-caption aligncenter\"><a href=\"https:\/\/www.uv.mx\/prensa\/files\/2018\/11\/231118-Documental-Vidas-del-Cafe.jpg\"><img loading=\"lazy\" decoding=\"async\" aria-describedby=\"caption-attachment-58709\" class=\"size-full wp-image-58709\" src=\"https:\/\/www.uv.mx\/prensa\/files\/2018\/11\/231118-Documental-Vidas-del-Cafe.jpg\" alt=\"\" width=\"722\" height=\"478\" srcset=\"https:\/\/www.uv.mx\/prensa\/files\/2018\/11\/231118-Documental-Vidas-del-Cafe.jpg 722w, https:\/\/www.uv.mx\/prensa\/files\/2018\/11\/231118-Documental-Vidas-del-Cafe-300x199.jpg 300w\" sizes=\"auto, (max-width: 722px) 100vw, 722px\" \/><\/a><p id=\"caption-attachment-58709\" class=\"wp-caption-text\">Gualberto D\u00edaz Gonz\u00e1lez<\/p><\/div>\n<p>&nbsp;<\/p>\n<p><b><i>Carlos Hugo Hermida Rosales<\/i><\/b><\/p>\n<p><b><i>23<\/i><\/b><b><i>\/11\/<\/i><\/b><b><i>18<\/i><\/b><b><i>,<\/i><\/b> <b><i>Xalapa, Ver.<\/i><\/b><b><i>&#8211;<\/i><\/b> Gualberto D\u00edaz Gonz\u00e1lez, acad\u00e9mico de la <a href=\"https:\/\/www.uv.mx\/sociologia\/\">Facultad de Sociolog\u00eda de la Universidad Veracruzana<\/a> (UV), codirigi\u00f3 el documental <i>Vidas del <\/i><i>c<\/i><i>af\u00e9<\/i>, cortometraje que particip\u00f3 en el 33 Festival del Cinema Latinoamericano di Trieste, realizado en el Cinema Teatro Miela de esa ciudad italiana del 10 al 18 de noviembre.<\/p>\n<p>El docente explic\u00f3 que <i>Vidas del caf\u00e9<\/i> es producto de una investigaci\u00f3n de cuatro a\u00f1os en la regi\u00f3n cafetalera de los alrededores de Huatusco, por el Consejo Nacional de Ciencia y Tecnolog\u00eda (<i>Conacyt<\/i>) y el Instituto de Ecolog\u00eda (<i>Inecol<\/i>).<\/p>\n<p>Gualberto D\u00edaz relat\u00f3 que este documental \u2013de 30 minutos de duraci\u00f3n y coproducido por la Facultad de Sociolog\u00eda y Sotavento Producciones\u2013 gira en torno a la historia de ex hacendados cafetaleros y jornaleros, quienes laboran en los alrededores de las ex haciendas Boca del Monte y El Mirador.<\/p>\n<p>\u201cLa trama se concentra en rescatar historias que giran alrededor del cultivo del caf\u00e9, tanto de jornaleros como de descendientes de hacendados.\u201d<\/p>\n<p>El acad\u00e9mico destac\u00f3 que con el objetivo de proyectar este filme a p\u00fablicos amplios, dentro de \u00e9l se narran historias f\u00e1ciles de entender en cualquier parte del mundo.<\/p>\n<p>Mencion\u00f3 que el documental refleja c\u00f3mo la condici\u00f3n, en la que trabajan los jornaleros que cosechan el caf\u00e9, no ha cambiado mucho a trav\u00e9s del tiempo ya que a\u00fan son el eslab\u00f3n m\u00e1s bajo de la cadena productiva de este producto.<\/p>\n<p>\u201cComo la cosecha del caf\u00e9 s\u00f3lo se da en algunas temporadas del a\u00f1o, los jornaleros deben buscar otras actividades para sobrevivir como el corte de ca\u00f1a y la cosecha de chile. Su vida es azarosa y carecen de todo tipo de prestaciones sociales.\u201d<\/p>\n<p>A\u00f1adi\u00f3 que otro hecho que destaca el documental es el trabajo infantil, que pese a estar prohibido a nivel nacional se lleva a cabo. \u201cMuchos de estos ni\u00f1os no acuden a la escuela, ya que se dedican a cortar caf\u00e9 junto con los dem\u00e1s integrantes de su familia\u201d, coment\u00f3.<\/p>\n<p>Gualberto D\u00edaz asegur\u00f3 que las producciones cinematogr\u00e1ficas basadas en investigaciones serias son grandes herramientas para exhibir problemas sociales, y darlos a conocer a sectores amplios de la sociedad.<\/p>\n<p>\u201cEn esta era de la informaci\u00f3n el material audiovisual es una herramienta importante para producir el conocimiento y difundirlo, as\u00ed como dar a conocer realidades y ofrecer una explicaci\u00f3n de los problemas que aquejan a la poblaci\u00f3n.\u201d<\/p>\n<p>Mencion\u00f3 que es indispensable que las ciencias sociales aprovechen las herramientas audiovisuales para mostrar el trabajo que realizan, y que las nuevas generaciones de estudiantes las utilicen para contar historias.<\/p>\n<p>El documental <i>Vidas del caf\u00e9<\/i> s\u00f3lo se ha exhibido internamente, pero se tiene planeado proyectarlo a todo p\u00fablico a inicios de 2019 en la Facultad de Sociolog\u00eda. La fecha exacta se publicar\u00e1 en la p\u00e1gina de <i>Facebook<\/i> de esta entidad acad\u00e9mica: <a href=\"https:\/\/www.facebook.com\/FacultaddeSociologiaUV\/\">https:\/\/www.facebook.com\/FacultaddeSociologiaUV\/<\/a>.<\/p>\n","protected":false},"excerpt":{"rendered":"<p>Gualberto D\u00edaz Gonz\u00e1lez present\u00f3 el documental <em>Vidas del caf\u00e9<\/em> en el evento internacional; tiene planeado proyectarlo a todo p\u00fablico a inicios de 2019 en la Facultad de Sociolog\u00eda<\/p>\n","protected":false},"author":1508,"featured_media":58708,"comment_status":"closed","ping_status":"closed","sticky":false,"template":"","format":"standard","meta":{"footnotes":""},"categories":[61],"tags":[],"class_list":["post-58707","post","type-post","status-publish","format-standard","has-post-thumbnail","hentry","category-banner"],"_links":{"self":[{"href":"https:\/\/www.uv.mx\/prensa\/wp-json\/wp\/v2\/posts\/58707","targetHints":{"allow":["GET"]}}],"collection":[{"href":"https:\/\/www.uv.mx\/prensa\/wp-json\/wp\/v2\/posts"}],"about":[{"href":"https:\/\/www.uv.mx\/prensa\/wp-json\/wp\/v2\/types\/post"}],"author":[{"embeddable":true,"href":"https:\/\/www.uv.mx\/prensa\/wp-json\/wp\/v2\/users\/1508"}],"replies":[{"embeddable":true,"href":"https:\/\/www.uv.mx\/prensa\/wp-json\/wp\/v2\/comments?post=58707"}],"version-history":[{"count":0,"href":"https:\/\/www.uv.mx\/prensa\/wp-json\/wp\/v2\/posts\/58707\/revisions"}],"wp:featuredmedia":[{"embeddable":true,"href":"https:\/\/www.uv.mx\/prensa\/wp-json\/wp\/v2\/media\/58708"}],"wp:attachment":[{"href":"https:\/\/www.uv.mx\/prensa\/wp-json\/wp\/v2\/media?parent=58707"}],"wp:term":[{"taxonomy":"category","embeddable":true,"href":"https:\/\/www.uv.mx\/prensa\/wp-json\/wp\/v2\/categories?post=58707"},{"taxonomy":"post_tag","embeddable":true,"href":"https:\/\/www.uv.mx\/prensa\/wp-json\/wp\/v2\/tags?post=58707"}],"curies":[{"name":"wp","href":"https:\/\/api.w.org\/{rel}","templated":true}]}}