{"id":58696,"date":"2018-11-22T18:19:09","date_gmt":"2018-11-23T00:19:09","guid":{"rendered":"https:\/\/www.uv.mx\/prensa\/?p=58696"},"modified":"2018-11-22T18:19:09","modified_gmt":"2018-11-23T00:19:09","slug":"derecho-gano-el-interfacultades-de-futbol-rapido","status":"publish","type":"post","link":"https:\/\/www.uv.mx\/prensa\/deportes\/derecho-gano-el-interfacultades-de-futbol-rapido\/","title":{"rendered":"Derecho gan\u00f3 el Interfacultades de Futbol R\u00e1pido"},"content":{"rendered":"<ul>\n<li><em><span class=\"TextRun SCXW198645749\" lang=\"ES-MX\" xml:lang=\"ES-MX\"><span class=\"NormalTextRun SCXW198645749\">En gran encuentro se impuso por 4-3 a Pedagog\u00eda, con tres golazos de <\/span><\/span><span class=\"TextRun SCXW198645749\" lang=\"ES-MX\" xml:lang=\"ES-MX\"><span class=\"NormalTextRun SCXW198645749\">Aline<\/span><\/span> <span class=\"TextRun SCXW198645749\" lang=\"ES-MX\" xml:lang=\"ES-MX\"><span class=\"NormalTextRun SCXW198645749\">Atzin<\/span><\/span><\/em><\/li>\n<\/ul>\n<p>&nbsp;<\/p>\n<div id=\"attachment_58698\" style=\"width: 732px\" class=\"wp-caption aligncenter\"><a href=\"https:\/\/www.uv.mx\/prensa\/files\/2018\/11\/221118-Fut-rapido-1.jpg\"><img loading=\"lazy\" decoding=\"async\" aria-describedby=\"caption-attachment-58698\" class=\"size-full wp-image-58698\" src=\"https:\/\/www.uv.mx\/prensa\/files\/2018\/11\/221118-Fut-rapido-1.jpg\" alt=\"\" width=\"722\" height=\"481\" srcset=\"https:\/\/www.uv.mx\/prensa\/files\/2018\/11\/221118-Fut-rapido-1.jpg 722w, https:\/\/www.uv.mx\/prensa\/files\/2018\/11\/221118-Fut-rapido-1-300x200.jpg 300w\" sizes=\"auto, (max-width: 722px) 100vw, 722px\" \/><\/a><p id=\"caption-attachment-58698\" class=\"wp-caption-text\">El equipo de Derecho result\u00f3 campe\u00f3n<\/p><\/div>\n<p>&nbsp;<\/p>\n<p><b><i>Santiago Morales Ortiz<\/i><\/b><\/p>\n<p><b><i>22\/11\/<\/i><\/b><b><i>18, X<\/i><\/b><b><i>alapa<\/i><\/b><b><i>, Ver.-<\/i><\/b> El representativo de Derecho, encabezado por la goleadora Aline Atzin, se llev\u00f3 el t\u00edtulo del Torneo Interfacultades de Futbol R\u00e1pido Femenil de la Universidad Veracruzana (UV), al vencer con marcador de 4-3 a Pedagog\u00eda.<span>\u00a0<\/span><\/p>\n<p>\u00c9ste \u00faltimo se puso adelante en el marcador en tres ocasiones, con dos goles de Yolanda Rojas, y uno de Briseida Bringas, pero al final las chicas de Derecho sacaron la casta y tras empatar a tres goles le dieron la vuelta al marcador para el 4-3. Aline Atzin anot\u00f3 tres tantos y el otro fue de Karen Cer\u00f3n.<span>\u00a0<\/span><\/p>\n<p>&nbsp;<\/p>\n<div id=\"attachment_58699\" style=\"width: 732px\" class=\"wp-caption aligncenter\"><a href=\"https:\/\/www.uv.mx\/prensa\/files\/2018\/11\/221118-Fut-rapido-2.jpg\"><img loading=\"lazy\" decoding=\"async\" aria-describedby=\"caption-attachment-58699\" class=\"size-full wp-image-58699\" src=\"https:\/\/www.uv.mx\/prensa\/files\/2018\/11\/221118-Fut-rapido-2.jpg\" alt=\"\" width=\"722\" height=\"481\" srcset=\"https:\/\/www.uv.mx\/prensa\/files\/2018\/11\/221118-Fut-rapido-2.jpg 722w, https:\/\/www.uv.mx\/prensa\/files\/2018\/11\/221118-Fut-rapido-2-300x200.jpg 300w\" sizes=\"auto, (max-width: 722px) 100vw, 722px\" \/><\/a><p id=\"caption-attachment-58699\" class=\"wp-caption-text\">Pedagog\u00eda, el subcampe\u00f3n<\/p><\/div>\n<p>&nbsp;<\/p>\n<p>Ante un buen ambiente en la tribuna de la cancha de la Unidad Deportiva del Campus para la Cultura, las Artes y el Deporte de la UV, ambos equipos estuvieron apoyados por numerosa porra que festej\u00f3 los siete goles del partido.<span>\u00a0<\/span><\/p>\n<p>Las campeonas de Derecho alinearon con: Karla Salazar, Alma Ortiz, Aline Atzin, Luz Z\u00fa\u00f1iga, Michel G\u00f3mez, Alba Mora, Karla Amores, Andrea Palacios y Karen Cer\u00f3n.<span>\u00a0<\/span><\/p>\n<p>Por Pedagog\u00eda hicieron lo propio: Jazm\u00edn Jim\u00e9nez, Andrea Lizama, Briseida Bringas, Rub\u00ed L\u00f3pez, Paola Carnero, Anah\u00ed Vega, Andrea Guevara, Melissa Hern\u00e1ndez y Yolanda Rojas.<span>\u00a0<\/span><\/p>\n<p>La ceremonia de premiaci\u00f3n estuvo encabezada por Israel Solar Flores, coordinador deportivo de la Direcci\u00f3n de Actividades Deportivas (DADUV), y el responsable del torneo Miguel \u00c1ngel Maldonado Hern\u00e1ndez, quienes entregaron medallas al campe\u00f3n y subcampe\u00f3n.<\/p>\n<p>&nbsp;<\/p>\n<div id=\"attachment_58700\" style=\"width: 732px\" class=\"wp-caption aligncenter\"><a href=\"https:\/\/www.uv.mx\/prensa\/files\/2018\/11\/221118-Fut-rapido-3.jpg\"><img loading=\"lazy\" decoding=\"async\" aria-describedby=\"caption-attachment-58700\" class=\"size-full wp-image-58700\" src=\"https:\/\/www.uv.mx\/prensa\/files\/2018\/11\/221118-Fut-rapido-3.jpg\" alt=\"\" width=\"722\" height=\"481\" srcset=\"https:\/\/www.uv.mx\/prensa\/files\/2018\/11\/221118-Fut-rapido-3.jpg 722w, https:\/\/www.uv.mx\/prensa\/files\/2018\/11\/221118-Fut-rapido-3-300x200.jpg 300w\" sizes=\"auto, (max-width: 722px) 100vw, 722px\" \/><\/a><p id=\"caption-attachment-58700\" class=\"wp-caption-text\">Buenas jugadas de los equipos finalistas<\/p><\/div>\n","protected":false},"excerpt":{"rendered":"<p>En gran encuentro se impuso por 4-3 a Pedagog\u00eda, con tres golazos de Aline Atzin<\/p>\n","protected":false},"author":1508,"featured_media":58698,"comment_status":"closed","ping_status":"closed","sticky":false,"template":"","format":"standard","meta":{"footnotes":""},"categories":[12],"tags":[],"class_list":["post-58696","post","type-post","status-publish","format-standard","has-post-thumbnail","hentry","category-deportes"],"_links":{"self":[{"href":"https:\/\/www.uv.mx\/prensa\/wp-json\/wp\/v2\/posts\/58696","targetHints":{"allow":["GET"]}}],"collection":[{"href":"https:\/\/www.uv.mx\/prensa\/wp-json\/wp\/v2\/posts"}],"about":[{"href":"https:\/\/www.uv.mx\/prensa\/wp-json\/wp\/v2\/types\/post"}],"author":[{"embeddable":true,"href":"https:\/\/www.uv.mx\/prensa\/wp-json\/wp\/v2\/users\/1508"}],"replies":[{"embeddable":true,"href":"https:\/\/www.uv.mx\/prensa\/wp-json\/wp\/v2\/comments?post=58696"}],"version-history":[{"count":0,"href":"https:\/\/www.uv.mx\/prensa\/wp-json\/wp\/v2\/posts\/58696\/revisions"}],"wp:featuredmedia":[{"embeddable":true,"href":"https:\/\/www.uv.mx\/prensa\/wp-json\/wp\/v2\/media\/58698"}],"wp:attachment":[{"href":"https:\/\/www.uv.mx\/prensa\/wp-json\/wp\/v2\/media?parent=58696"}],"wp:term":[{"taxonomy":"category","embeddable":true,"href":"https:\/\/www.uv.mx\/prensa\/wp-json\/wp\/v2\/categories?post=58696"},{"taxonomy":"post_tag","embeddable":true,"href":"https:\/\/www.uv.mx\/prensa\/wp-json\/wp\/v2\/tags?post=58696"}],"curies":[{"name":"wp","href":"https:\/\/api.w.org\/{rel}","templated":true}]}}