{"id":58672,"date":"2018-11-22T17:33:54","date_gmt":"2018-11-22T23:33:54","guid":{"rendered":"https:\/\/www.uv.mx\/prensa\/?p=58672"},"modified":"2018-11-22T17:33:54","modified_gmt":"2018-11-22T23:33:54","slug":"uv-inauguro-tercer-foro-multidisciplinar-de-idiomas","status":"publish","type":"post","link":"https:\/\/www.uv.mx\/prensa\/regiones\/uv-inauguro-tercer-foro-multidisciplinar-de-idiomas\/","title":{"rendered":"UV inaugur\u00f3 Tercer Foro Multidisciplinar de Idiomas"},"content":{"rendered":"<div id=\"attachment_58673\" style=\"width: 732px\" class=\"wp-caption aligncenter\"><a href=\"https:\/\/www.uv.mx\/prensa\/files\/2018\/11\/221118-veracruz-foro-multidisciplinar-1.jpg\"><img loading=\"lazy\" decoding=\"async\" aria-describedby=\"caption-attachment-58673\" class=\"size-full wp-image-58673\" src=\"https:\/\/www.uv.mx\/prensa\/files\/2018\/11\/221118-veracruz-foro-multidisciplinar-1.jpg\" alt=\"\" width=\"722\" height=\"406\" srcset=\"https:\/\/www.uv.mx\/prensa\/files\/2018\/11\/221118-veracruz-foro-multidisciplinar-1.jpg 722w, https:\/\/www.uv.mx\/prensa\/files\/2018\/11\/221118-veracruz-foro-multidisciplinar-1-300x169.jpg 300w\" sizes=\"auto, (max-width: 722px) 100vw, 722px\" \/><\/a><p id=\"caption-attachment-58673\" class=\"wp-caption-text\">El Subdelegado de la Secretar\u00eda de Econom\u00eda celebr\u00f3 la vinculaci\u00f3n con la UV<\/p><\/div>\n<p><span>\u00a0<\/span><\/p>\n<p><b><i>Shuguey<\/i><\/b><b><i> Enr\u00edquez <\/i><\/b><b><i>Ambell<\/i><\/b><span>\u00a0<\/span><\/p>\n<p><b><i>22\/11\/18, Boca del R\u00edo, <\/i><\/b><b><i>Ver.-<\/i><\/b> Con la finalidad de promover la relevancia del aprendizaje de otros idiomas en la formaci\u00f3n profesional de los estudiantes, acad\u00e9micos de la regi\u00f3n Veracruz de la Universidad Veracruzana (UV) realizaron la tercera edici\u00f3n del Foro Multidisciplinar de Idiomas, el jueves 22 de noviembre en la Unidad de Servicios Bibliotecarios y de Informaci\u00f3n (USBI).<span>\u00a0<\/span><\/p>\n<p>El programa incluy\u00f3 las conferencias \u201cRecursos visuales para el aprendizaje de una lengua\u201d y \u201cLos retos del int\u00e9rprete\u201d, as\u00ed como un club de conversaci\u00f3n; adem\u00e1s se realizaron mesas redondas que abordaron los temas \u201cReflexionando el aprendizaje de lenguas\u201d, \u201cLa investigaci\u00f3n ling\u00fc\u00edstica\u201d y \u201cCertificaci\u00f3n y acreditaci\u00f3n de una lengua extranjera\u201d.<span>\u00a0<\/span><\/p>\n<p>En el foro participaron aproximadamente 300 estudiantes de los programas educativos de Ingenier\u00eda, Pedagog\u00eda, Ciencias de la Comunicaci\u00f3n, Administraci\u00f3n y Odontolog\u00eda; asimismo, asistieron alumnos de la Universidad \u201cCrist\u00f3bal Col\u00f3n\u201d y de la Universidad de Oriente.<span>\u00a0<\/span><\/p>\n<p>Claudia Andrea Dur\u00e1n Montenegro, acad\u00e9mica del Centro de Idiomas de Veracruz e integrante del equipo organizador del evento, expres\u00f3 su satisfacci\u00f3n por la realizaci\u00f3n del foro que \u201cpromueve la cultura, las artes y la lengua en todas sus expresiones art\u00edsticas, musicales y did\u00e1cticas\u201d.<span>\u00a0<\/span><\/p>\n<p>Y agreg\u00f3: \u201cEstamos en una situaci\u00f3n de unirnos en pro de todos los avances e innovaci\u00f3n ling\u00fc\u00edstica, pero tambi\u00e9n de mantener nuestro legado cultural. Defendemos el espa\u00f1ol con el deseo de aprender idiomas y poder transmitir a otros pa\u00edses toda esta herencia y todo lo que somos\u201d.<span>\u00a0<\/span><\/p>\n<p>Indic\u00f3 que otro de los objetivos principales es generar un espacio donde los j\u00f3venes puedan hablar diferentes idiomas y convertirse en embajadores de M\u00e9xico.<span>\u00a0<\/span><\/p>\n<p>Alejandro Palma Fragoso, subdelegado federal de la Secretar\u00eda de Econom\u00eda, fue el encargado de inaugurar el foro y resalt\u00f3 la vinculaci\u00f3n que existe con la UV: \u201cSi logramos esta vinculaci\u00f3n entre academia, gobierno y sociedad civil, entonces podemos construir otro M\u00e9xico\u201d, afirm\u00f3.<span>\u00a0<\/span><\/p>\n<p>Tambi\u00e9n coment\u00f3 que a trav\u00e9s de la cultura se puede construir una mejor econom\u00eda y un mejor entorno, por lo que celebr\u00f3 la realizaci\u00f3n de estos foros que acercan a todos los actores sociales.<span>\u00a0<\/span><\/p>\n<p>Palma Fragoso reconoci\u00f3 el trabajo de los acad\u00e9micos de la UV a favor de la identidad nacional y subray\u00f3 la educaci\u00f3n integral que reciben los alumnos en esta casa de estudios.<span>\u00a0<\/span><\/p>\n<p>Al dirigirse a los estudiantes dijo: \u201cNo s\u00f3lo se avoquen al conocimiento de su profesi\u00f3n, sino que \u00e9ste sea complementado por una serie de actividades que fortalecen el esp\u00edritu de la persona\u201d. A\u00f1adi\u00f3 que a trav\u00e9s de la cultura y todas sus expresiones se enriquecen y preparan para un mundo global.<span>\u00a0<\/span><\/p>\n<p>\u201cSin duda muy pronto estar\u00e1n en contacto con personas de otros pa\u00edses y van a poder hablar bien de Veracruz y de M\u00e9xico\u201d, puntualiz\u00f3.<span>\u00a0<\/span><\/p>\n<p>En el acto inaugural estuvieron: Celia Magdalena S\u00e1nchez Sosa, coordinadora del Centro de Idiomas regi\u00f3n Veracruz y directora de la Asociaci\u00f3n Universitaria de Profesores de Ingl\u00e9s; Claudia Andrea Dur\u00e1n Montenegro, acad\u00e9mica de la UV.<span>\u00a0<\/span><\/p>\n<p>Adem\u00e1s, Ervitz de los \u00c1ngeles Guti\u00e9rrez V\u00e1zquez, acad\u00e9mica de la Facultad de Administraci\u00f3n, y Marco Malpica Rivero, representante de la Facultad de Ciencias de la Comunicaci\u00f3n, ambos integrantes del equipo organizador del foro.<span>\u00a0<\/span><\/p>\n","protected":false},"excerpt":{"rendered":"<p>El evento promueve la cultura, las artes y la lengua en todas sus expresiones art\u00edsticas, musicales y did\u00e1cticas <\/p>\n","protected":false},"author":1869,"featured_media":58673,"comment_status":"closed","ping_status":"closed","sticky":false,"template":"","format":"standard","meta":{"footnotes":""},"categories":[32,55],"tags":[],"class_list":["post-58672","post","type-post","status-publish","format-standard","has-post-thumbnail","hentry","category-regiones","category-veracruz"],"_links":{"self":[{"href":"https:\/\/www.uv.mx\/prensa\/wp-json\/wp\/v2\/posts\/58672","targetHints":{"allow":["GET"]}}],"collection":[{"href":"https:\/\/www.uv.mx\/prensa\/wp-json\/wp\/v2\/posts"}],"about":[{"href":"https:\/\/www.uv.mx\/prensa\/wp-json\/wp\/v2\/types\/post"}],"author":[{"embeddable":true,"href":"https:\/\/www.uv.mx\/prensa\/wp-json\/wp\/v2\/users\/1869"}],"replies":[{"embeddable":true,"href":"https:\/\/www.uv.mx\/prensa\/wp-json\/wp\/v2\/comments?post=58672"}],"version-history":[{"count":0,"href":"https:\/\/www.uv.mx\/prensa\/wp-json\/wp\/v2\/posts\/58672\/revisions"}],"wp:featuredmedia":[{"embeddable":true,"href":"https:\/\/www.uv.mx\/prensa\/wp-json\/wp\/v2\/media\/58673"}],"wp:attachment":[{"href":"https:\/\/www.uv.mx\/prensa\/wp-json\/wp\/v2\/media?parent=58672"}],"wp:term":[{"taxonomy":"category","embeddable":true,"href":"https:\/\/www.uv.mx\/prensa\/wp-json\/wp\/v2\/categories?post=58672"},{"taxonomy":"post_tag","embeddable":true,"href":"https:\/\/www.uv.mx\/prensa\/wp-json\/wp\/v2\/tags?post=58672"}],"curies":[{"name":"wp","href":"https:\/\/api.w.org\/{rel}","templated":true}]}}