{"id":58571,"date":"2018-11-22T09:00:15","date_gmt":"2018-11-22T15:00:15","guid":{"rendered":"https:\/\/www.uv.mx\/prensa\/?p=58571"},"modified":"2021-12-08T12:14:34","modified_gmt":"2021-12-08T18:14:34","slug":"estudiantes-organizaron-foro-de-enfermeria","status":"publish","type":"post","link":"https:\/\/www.uv.mx\/prensa\/general\/estudiantes-organizaron-foro-de-enfermeria\/","title":{"rendered":"Estudiantes organizaron Foro de Enfermer\u00eda"},"content":{"rendered":"<ul>\n<li><i>Se realiz\u00f3 el martes 20 de noviembre, con una duraci\u00f3n de cuatro horas<\/i><i>;<\/i> <i>se <\/i><i>presenta<\/i><i>ron <\/i><i>cuatro ponencias y una mesa de di\u00e1logo<\/i><\/li>\n<li><i>Fue resultado de la EE Planeaci\u00f3n Educativa y Salud<\/i><\/li>\n<\/ul>\n<div id=\"attachment_58544\" style=\"width: 732px\" class=\"wp-caption aligncenter\"><a href=\"https:\/\/www.uv.mx\/prensa\/files\/2018\/11\/201118-PAOLA-Foro-Enfermeriia-1-100k.jpg\"><img loading=\"lazy\" decoding=\"async\" aria-describedby=\"caption-attachment-58544\" class=\"size-full wp-image-58544\" src=\"https:\/\/www.uv.mx\/prensa\/files\/2018\/11\/201118-PAOLA-Foro-Enfermeriia-1-100k.jpg\" alt=\"\" width=\"722\" height=\"478\" srcset=\"https:\/\/www.uv.mx\/prensa\/files\/2018\/11\/201118-PAOLA-Foro-Enfermeriia-1-100k.jpg 722w, https:\/\/www.uv.mx\/prensa\/files\/2018\/11\/201118-PAOLA-Foro-Enfermeriia-1-100k-300x199.jpg 300w\" sizes=\"auto, (max-width: 722px) 100vw, 722px\" \/><\/a><p id=\"caption-attachment-58544\" class=\"wp-caption-text\">Yolanda M\u00e9ndez Grajales y estudiantes organizadores del Foro de Enfermer\u00eda<\/p><\/div>\n<p><b><i>Paola Cort\u00e9s P\u00e9rez<\/i><\/b><\/p>\n<p><b><i>22\/11\/18, Xalapa, <\/i><\/b><b><i>Ver.-<\/i><\/b> Estudiantes del primer periodo de la<a href=\"https:\/\/www.uv.mx\/enfermeria\/\"> Facultad de Enfermer\u00eda de la Universidad Veracruzana<\/a> (UV) organizaron el Foro de Enfermer\u00eda \u201cPanorama ante los nuevos retos del milenio\u201d, con el objetivo de mostrar los retos, desaf\u00edos y panorama laboral al que se enfrentar\u00e1n los egresados de esta entidad acad\u00e9mica.<\/p>\n<p>El evento se realiz\u00f3 la tarde del martes 20 de noviembre en el auditorio de la Unidad de Ciencias de la Salud; el programa estuvo conformado por cuatro ponencias y la mesa de di\u00e1logo \u201cDe la teor\u00eda a la pr\u00e1ctica\u201d, en la que participaron egresados, detall\u00f3 Yolanda M\u00e9ndez Grajales, profesora de la Facultad.<\/p>\n<p>Explic\u00f3 que el evento acad\u00e9mico es parte del trabajo realizado en este periodo durante la experiencia educativa (EE) Planeaci\u00f3n Educativa y Salud, \u201cque dota a los estudiantes de herramientas pedag\u00f3gicas y disciplinarias para que sean capaces de organizar y\/o elaborar cursos, talleres, foros y eventos relacionados con educaci\u00f3n continua\u201d.<\/p>\n<div id=\"attachment_58546\" style=\"width: 488px\" class=\"wp-caption aligncenter\"><a href=\"https:\/\/www.uv.mx\/prensa\/files\/2018\/11\/201118-PAOLA-Foro-Enfermeriia-2-100k.jpg\"><img loading=\"lazy\" decoding=\"async\" aria-describedby=\"caption-attachment-58546\" class=\"size-full wp-image-58546\" src=\"https:\/\/www.uv.mx\/prensa\/files\/2018\/11\/201118-PAOLA-Foro-Enfermeriia-2-100k.jpg\" alt=\"\" width=\"478\" height=\"722\" srcset=\"https:\/\/www.uv.mx\/prensa\/files\/2018\/11\/201118-PAOLA-Foro-Enfermeriia-2-100k.jpg 478w, https:\/\/www.uv.mx\/prensa\/files\/2018\/11\/201118-PAOLA-Foro-Enfermeriia-2-100k-199x300.jpg 199w\" sizes=\"auto, (max-width: 478px) 100vw, 478px\" \/><\/a><p id=\"caption-attachment-58546\" class=\"wp-caption-text\">Mariana Bautista dijo que el foro se realiz\u00f3 para motivar a sus compa\u00f1eros<\/p><\/div>\n<p>&nbsp;<\/p>\n<p>Mariana Bautista Pastrana, estudiante del comit\u00e9 organizador, coment\u00f3 que el objetivo es mostrar a los j\u00f3venes el panorama de la profesi\u00f3n y su pr\u00e1ctica en el pa\u00eds.<\/p>\n<p>\u201cCon el foro quisimos motivarlos a continuar en la licenciatura y a prepararse continuamente porque esta profesi\u00f3n nos demanda realizar un trabajo impecable.\u201d<\/p>\n<p>La actividad tuvo una duraci\u00f3n de cuatro horas, tiempo en el que se realiz\u00f3 la mesa \u201cde di\u00e1logo, adem\u00e1s de cuatro ponencias: \u201cRetos, mitos y realidades de la pr\u00e1ctica profesional de enfermer\u00eda\u201d, \u201cEnfermer\u00eda avanzada\u201d, \u201cVocaci\u00f3n, expectativas y realidades de la Enfermer\u00eda\u201d y \u201cAnte los retos del milenio, 11 reglas para ser humano\u201d.<\/p>\n<div id=\"attachment_58552\" style=\"width: 732px\" class=\"wp-caption aligncenter\"><a href=\"https:\/\/www.uv.mx\/prensa\/files\/2018\/11\/201118-PAOLA-Foro-Enfermeriia-3-100k.jpg\"><img loading=\"lazy\" decoding=\"async\" aria-describedby=\"caption-attachment-58552\" class=\"size-full wp-image-58552\" src=\"https:\/\/www.uv.mx\/prensa\/files\/2018\/11\/201118-PAOLA-Foro-Enfermeriia-3-100k.jpg\" alt=\"\" width=\"722\" height=\"478\" srcset=\"https:\/\/www.uv.mx\/prensa\/files\/2018\/11\/201118-PAOLA-Foro-Enfermeriia-3-100k.jpg 722w, https:\/\/www.uv.mx\/prensa\/files\/2018\/11\/201118-PAOLA-Foro-Enfermeriia-3-100k-300x199.jpg 300w\" sizes=\"auto, (max-width: 722px) 100vw, 722px\" \/><\/a><p id=\"caption-attachment-58552\" class=\"wp-caption-text\">En el evento participaron cuatro ponentes y hubo una mesa de di\u00e1logo con egresados<\/p><\/div>\n","protected":false},"excerpt":{"rendered":"<p>El objetivo fue motivarlos a prepararse continuamente \u201cporque esta profesi\u00f3n nos demanda realizar un trabajo impecable\u201d: Mariana Bautista, del comit\u00e9 organizador <\/p>\n","protected":false},"author":1775,"featured_media":58544,"comment_status":"closed","ping_status":"closed","sticky":false,"template":"","format":"standard","meta":{"footnotes":""},"categories":[1],"tags":[2496,114,320,2750,4164,6116,1023,1794,6117],"class_list":["post-58571","post","type-post","status-publish","format-standard","has-post-thumbnail","hentry","category-general","tag-auditorio","tag-facultad-de-enfermeria","tag-foro","tag-mesa-de-dialogo","tag-paola-cortes-perez","tag-ponencias","tag-profesora","tag-unidad-de-ciencias-de-la-salud","tag-yolanda-mendez-grajales"],"_links":{"self":[{"href":"https:\/\/www.uv.mx\/prensa\/wp-json\/wp\/v2\/posts\/58571","targetHints":{"allow":["GET"]}}],"collection":[{"href":"https:\/\/www.uv.mx\/prensa\/wp-json\/wp\/v2\/posts"}],"about":[{"href":"https:\/\/www.uv.mx\/prensa\/wp-json\/wp\/v2\/types\/post"}],"author":[{"embeddable":true,"href":"https:\/\/www.uv.mx\/prensa\/wp-json\/wp\/v2\/users\/1775"}],"replies":[{"embeddable":true,"href":"https:\/\/www.uv.mx\/prensa\/wp-json\/wp\/v2\/comments?post=58571"}],"version-history":[{"count":1,"href":"https:\/\/www.uv.mx\/prensa\/wp-json\/wp\/v2\/posts\/58571\/revisions"}],"predecessor-version":[{"id":107007,"href":"https:\/\/www.uv.mx\/prensa\/wp-json\/wp\/v2\/posts\/58571\/revisions\/107007"}],"wp:featuredmedia":[{"embeddable":true,"href":"https:\/\/www.uv.mx\/prensa\/wp-json\/wp\/v2\/media\/58544"}],"wp:attachment":[{"href":"https:\/\/www.uv.mx\/prensa\/wp-json\/wp\/v2\/media?parent=58571"}],"wp:term":[{"taxonomy":"category","embeddable":true,"href":"https:\/\/www.uv.mx\/prensa\/wp-json\/wp\/v2\/categories?post=58571"},{"taxonomy":"post_tag","embeddable":true,"href":"https:\/\/www.uv.mx\/prensa\/wp-json\/wp\/v2\/tags?post=58571"}],"curies":[{"name":"wp","href":"https:\/\/api.w.org\/{rel}","templated":true}]}}