{"id":58202,"date":"2018-11-14T11:48:11","date_gmt":"2018-11-14T17:48:11","guid":{"rendered":"https:\/\/www.uv.mx\/prensa\/?p=58202"},"modified":"2021-11-08T08:16:28","modified_gmt":"2021-11-08T14:16:28","slug":"periodismo-no-esta-exento-de-violencia-de-genero","status":"publish","type":"post","link":"https:\/\/www.uv.mx\/prensa\/general\/periodismo-no-esta-exento-de-violencia-de-genero\/","title":{"rendered":"Periodismo no est\u00e1 exento de violencia de g\u00e9nero"},"content":{"rendered":"<ul>\n<li><em><span class=\"TextRun SCXW118050883\" lang=\"ES-US\" xml:lang=\"ES-US\"><span class=\"NormalTextRun SCXW118050883\">Elvira Hern\u00e1ndez, de la <\/span><\/span><span class=\"TextRun SCXW118050883\" lang=\"ES-US\" xml:lang=\"ES-US\"><span class=\"NormalTextRun SCXW118050883\">Universidad Aut\u00f3noma del Estado de M\u00e9xico<\/span><\/span><span class=\"TextRun SCXW118050883\" lang=\"ES-US\" xml:lang=\"ES-US\"><span class=\"NormalTextRun SCXW118050883\">, expres\u00f3 que las mujeres periodistas viven y trabajan en condiciones deplorables<\/span><\/span><\/em><\/li>\n<\/ul>\n<p>&nbsp;<\/p>\n<div id=\"attachment_58203\" style=\"width: 732px\" class=\"wp-caption aligncenter\"><a href=\"https:\/\/www.uv.mx\/prensa\/files\/2018\/11\/121118-PAOLA-Mesa-3-CECC.jpg\"><img loading=\"lazy\" decoding=\"async\" aria-describedby=\"caption-attachment-58203\" class=\"size-full wp-image-58203\" src=\"https:\/\/www.uv.mx\/prensa\/files\/2018\/11\/121118-PAOLA-Mesa-3-CECC.jpg\" alt=\"\" width=\"722\" height=\"481\" srcset=\"https:\/\/www.uv.mx\/prensa\/files\/2018\/11\/121118-PAOLA-Mesa-3-CECC.jpg 722w, https:\/\/www.uv.mx\/prensa\/files\/2018\/11\/121118-PAOLA-Mesa-3-CECC-300x200.jpg 300w\" sizes=\"auto, (max-width: 722px) 100vw, 722px\" \/><\/a><p id=\"caption-attachment-58203\" class=\"wp-caption-text\">Elvira Hern\u00e1ndez, Margarita Zires, Guadalupe Mar y Celia del Palacio<\/p><\/div>\n<p>&nbsp;<\/p>\n<p><b><i>Paola Cort\u00e9s P\u00e9rez<\/i><\/b><span>\u00a0<\/span><\/p>\n<p><span>\u00a0<\/span><b><i>1<\/i><\/b><b><i>4<\/i><\/b><b><i>\/11\/18, Xalapa, Ver.-<\/i><\/b> El periodismo no est\u00e1 ausente de la violencia de g\u00e9nero ya que tanto hombres como mujeres son v\u00edctimas de diferentes tipos de agresiones, advirti\u00f3 Elvira Hern\u00e1ndez Carballido, investigadora de la Universidad Aut\u00f3noma del Estado de M\u00e9xico, al participar en el Encuentro de Investigaci\u00f3n sobre Violencias contra Periodistas.<span>\u00a0<\/span><\/p>\n<p>En el evento organizado por la Red por la Libertad de Pensamiento y Expresi\u00f3n. Contra la violencia a comunicadores, que tuvo como sede el Centro de Estudios de la Cultura y la Comunicaci\u00f3n (CECC) de la Universidad Veracruzana (UV), Elvira Hern\u00e1ndez present\u00f3 la ponencia \u201cViolencia contra las mujeres periodistas\u201d, dentro de la Mesa 3 \u201cViolencias contra comunicadores\u201d.\u00a0<span>\u00a0<\/span><\/p>\n<p>Coment\u00f3 que este trabajo es resultado de su preocupaci\u00f3n por saber en d\u00f3nde est\u00e1n las mujeres en este contexto de violencia que se vive en el pa\u00eds; \u201cesta charla intenta visibilizar a las mujeres en estos contextos violentos, como el periodismo\u201d.<span>\u00a0<\/span><\/p>\n<p>De acuerdo con informaci\u00f3n de la organizaci\u00f3n Art\u00edculo 19, en el periodo de 2009 a 2015 se cometieron 356 agresiones contra mujeres periodistas, fueron asesinadas siete y tres siguen en calidad de desaparecidas. El 2015 es considerado el m\u00e1s violento.<span>\u00a0<\/span><\/p>\n<p>\u201cEl periodismo no est\u00e1 ausente de la violencia de g\u00e9nero, se agrede a mujeres y hombres por igual; sin embargo ellas viven en condiciones deplorables, peor que los varones, de ah\u00ed que sea una situaci\u00f3n preocupante.\u201d<span>\u00a0<\/span><\/p>\n<p>Destac\u00f3 que las periodistas fueron violentadas de la peor manera al ser olvidadas y borradas de la historia del periodismo mexicano, \u201cfueron valientes para expresar y defender su libertad de expresi\u00f3n en los medios impresos, por lo que no debemos olvidarlas\u201d.<span>\u00a0<\/span><\/p>\n<p>El segundo trabajo presentado fue \u201cComparsas y v\u00edctimas. Los medios en la regi\u00f3n Golfo-sureste\u201d, de Celia del Palacio Montiel, investigadora del CECC, quien dijo que es un intento de regionalizaci\u00f3n con base en caracter\u00edsticas pol\u00edtico-sociales, econ\u00f3micas, n\u00famero de v\u00edctimas, agresiones que han sufrido, situaci\u00f3n geogr\u00e1fica y actividades que realizan.<span>\u00a0<\/span><\/p>\n<p>La Comisi\u00f3n Nacional de Derechos Humanos (CNDH) inform\u00f3 que el 95 por ciento de los ataques violentos contra periodistas se registran en las zonas de frontera o de tr\u00e1nsito.<span>\u00a0<\/span><\/p>\n<p>\u201cEste escrito es parte del proyecto \u2018M\u00e1rgenes estatales de la seguridad ciudadana\u2019, el cual se basa en material hemerogr\u00e1fico, libros y estudios acad\u00e9micos existentes, as\u00ed como en entrevistas a 35 periodistas en Veracruz, cuatro en Tamaulipas, cinco en Chiapas y 10 en Tabasco).\u201d<span>\u00a0<\/span><\/p>\n<p>Conforme al seguimiento, del a\u00f1o 2000 a 2018 en Tamaulipas se registraron 19 asesinatos y seis desaparecidos; en Veracruz son 32 los periodistas asesinados; Tabasco tiene hasta el momento ocho, de ellos cinco se reconoce que est\u00e1n relacionados con su profesi\u00f3n, y en Chiapas, en los \u00faltimos 20 a\u00f1os no ten\u00edan registro de homicidios, pero en este a\u00f1o hubo dos.<span>\u00a0<\/span><\/p>\n<p>Por \u00faltimo, Margarita Zires Rold\u00e1n, de la Universidad Aut\u00f3noma Metropolitana (UAM) Unidad Xochimilco, present\u00f3 \u201cRedes socio-digitales y periodismo ciudadano emergente ante la violencia\u201d, en el cual analiz\u00f3 el caso <i>#<\/i><i>verfollow<\/i> en Veracruz y los tuiteros detenidos por el rumor del secuestro de ni\u00f1os por un comando armado en una escuela primaria de Veracruz.<\/p>\n","protected":false},"excerpt":{"rendered":"<p>De 2009 a 2015 se cometieron 356 agresiones contra mujeres periodistas, fueron asesinadas siete y tres siguen en calidad de desaparecidas<\/p>\n","protected":false},"author":1508,"featured_media":58203,"comment_status":"closed","ping_status":"closed","sticky":false,"template":"","format":"standard","meta":{"footnotes":""},"categories":[1],"tags":[],"class_list":["post-58202","post","type-post","status-publish","format-standard","has-post-thumbnail","hentry","category-general"],"_links":{"self":[{"href":"https:\/\/www.uv.mx\/prensa\/wp-json\/wp\/v2\/posts\/58202","targetHints":{"allow":["GET"]}}],"collection":[{"href":"https:\/\/www.uv.mx\/prensa\/wp-json\/wp\/v2\/posts"}],"about":[{"href":"https:\/\/www.uv.mx\/prensa\/wp-json\/wp\/v2\/types\/post"}],"author":[{"embeddable":true,"href":"https:\/\/www.uv.mx\/prensa\/wp-json\/wp\/v2\/users\/1508"}],"replies":[{"embeddable":true,"href":"https:\/\/www.uv.mx\/prensa\/wp-json\/wp\/v2\/comments?post=58202"}],"version-history":[{"count":1,"href":"https:\/\/www.uv.mx\/prensa\/wp-json\/wp\/v2\/posts\/58202\/revisions"}],"predecessor-version":[{"id":104579,"href":"https:\/\/www.uv.mx\/prensa\/wp-json\/wp\/v2\/posts\/58202\/revisions\/104579"}],"wp:featuredmedia":[{"embeddable":true,"href":"https:\/\/www.uv.mx\/prensa\/wp-json\/wp\/v2\/media\/58203"}],"wp:attachment":[{"href":"https:\/\/www.uv.mx\/prensa\/wp-json\/wp\/v2\/media?parent=58202"}],"wp:term":[{"taxonomy":"category","embeddable":true,"href":"https:\/\/www.uv.mx\/prensa\/wp-json\/wp\/v2\/categories?post=58202"},{"taxonomy":"post_tag","embeddable":true,"href":"https:\/\/www.uv.mx\/prensa\/wp-json\/wp\/v2\/tags?post=58202"}],"curies":[{"name":"wp","href":"https:\/\/api.w.org\/{rel}","templated":true}]}}