{"id":58182,"date":"2018-11-15T10:30:23","date_gmt":"2018-11-15T16:30:23","guid":{"rendered":"https:\/\/www.uv.mx\/prensa\/?p=58182"},"modified":"2018-11-15T10:30:23","modified_gmt":"2018-11-15T16:30:23","slug":"uv-aplico-examen-de-ingreso-a-posgrado","status":"publish","type":"post","link":"https:\/\/www.uv.mx\/prensa\/general\/uv-aplico-examen-de-ingreso-a-posgrado\/","title":{"rendered":"UV aplic\u00f3 examen de ingreso a posgrado"},"content":{"rendered":"<ul>\n<li><em><span class=\"TextRun SCXW171057313\" lang=\"ES-MX\" xml:lang=\"ES-MX\"><span class=\"NormalTextRun SCXW171057313\">Los<\/span><\/span><span class=\"TextRun SCXW171057313\" lang=\"ES-MX\" xml:lang=\"ES-MX\"><span class=\"NormalTextRun SCXW171057313\"> aspirantes postularon para ingresar a los programas educativos de niveles de<\/span><\/span> <span class=\"TextRun SCXW171057313\" lang=\"ES-MX\" xml:lang=\"ES-MX\"><span class=\"NormalTextRun SCXW171057313\">e<\/span><\/span><span class=\"TextRun SCXW171057313\" lang=\"ES-MX\" xml:lang=\"ES-MX\"><span class=\"NormalTextRun SCXW171057313\">specializaci\u00f3n, <\/span><\/span><span class=\"TextRun SCXW171057313\" lang=\"ES-MX\" xml:lang=\"ES-MX\"><span class=\"NormalTextRun SCXW171057313\">m<\/span><\/span><span class=\"TextRun SCXW171057313\" lang=\"ES-MX\" xml:lang=\"ES-MX\"><span class=\"NormalTextRun SCXW171057313\">aestr\u00eda y <\/span><\/span><span class=\"TextRun SCXW171057313\" lang=\"ES-MX\" xml:lang=\"ES-MX\"><span class=\"NormalTextRun SCXW171057313\">d<\/span><\/span><span class=\"TextRun SCXW171057313\" lang=\"ES-MX\" xml:lang=\"ES-MX\"><span class=\"NormalTextRun SCXW171057313\">octorado, <\/span><\/span><span class=\"TextRun SCXW171057313\" lang=\"ES-MX\" xml:lang=\"ES-MX\"><span class=\"NormalTextRun SCXW171057313\">que inician en el ciclo Febrero-J<\/span><\/span><span class=\"TextRun SCXW171057313\" lang=\"ES-MX\" xml:lang=\"ES-MX\"><span class=\"NormalTextRun SCXW171057313\">ulio 2019<\/span><\/span><\/em><\/li>\n<\/ul>\n<p>&nbsp;<\/p>\n<div id=\"attachment_58016\" style=\"width: 732px\" class=\"wp-caption aligncenter\"><a href=\"https:\/\/www.uv.mx\/prensa\/files\/2018\/11\/131118-CARLOS-Examen-Ingreso-Posgrado.jpg\"><img loading=\"lazy\" decoding=\"async\" aria-describedby=\"caption-attachment-58016\" class=\"size-full wp-image-58016\" src=\"https:\/\/www.uv.mx\/prensa\/files\/2018\/11\/131118-CARLOS-Examen-Ingreso-Posgrado.jpg\" alt=\"\" width=\"722\" height=\"389\" srcset=\"https:\/\/www.uv.mx\/prensa\/files\/2018\/11\/131118-CARLOS-Examen-Ingreso-Posgrado.jpg 722w, https:\/\/www.uv.mx\/prensa\/files\/2018\/11\/131118-CARLOS-Examen-Ingreso-Posgrado-300x162.jpg 300w\" sizes=\"auto, (max-width: 722px) 100vw, 722px\" \/><\/a><p id=\"caption-attachment-58016\" class=\"wp-caption-text\">Un total de 614 aspirantes presentaron el examen de admisi\u00f3n<\/p><\/div>\n<p>&nbsp;<\/p>\n<p><b><i>Carlos Hugo Hermida Rosales<\/i><\/b><span>\u00a0<\/span><\/p>\n<p><span>\u00a0<\/span><b><i>15\/11\/<\/i><\/b><b><i>18<\/i><\/b><b><i>,<\/i><\/b> <b><i>Xalapa, Ver.<\/i><\/b><b><i>&#8211;<\/i><\/b> La Universidad Veracruzana (UV) realiz\u00f3 el domingo 11 de noviembre el examen de admisi\u00f3n a los aspirantes a ingresar a sus programas de posgrado en los niveles de especializaci\u00f3n, maestr\u00eda y doctorado, que inician en el ciclo Febrero-Julio 2019.<span>\u00a0<\/span><\/p>\n<p>De los 38 programas, 26 pertenecen al Programa Nacional de Posgrados de Calidad (PNPC) del Consejo Nacional de Ciencia y Tecnolog\u00eda (<i>Conacyt<\/i>), por lo que los aspirantes que logren ingresar a ellos tendr\u00e1n acceso a una beca de manutenci\u00f3n durante su formaci\u00f3n acad\u00e9mica.<span>\u00a0<\/span><\/p>\n<p>El examen de admisi\u00f3n cont\u00f3 con una participaci\u00f3n de 614 personas en las cinco regiones universitarias: 12 en Coatzacoalcos-Minatitl\u00e1n, 64 en Orizaba-C\u00f3rdoba, 19 en Poza Rica-Tuxpan, 119 en Veracruz-Boca del R\u00edo y 400 en Xalapa, quienes buscan formarse dentro de la UV.<span>\u00a0<\/span><\/p>\n<p>Dentro de estos aspirantes destacan 13 que provienen del extranjero, quienes buscan obtener un espacio en esta casa de estudios, lo cual habla del posicionamiento de la Universidad a nivel internacional.<span>\u00a0<\/span><\/p>\n<p>Los resultados de ingreso a los posgrados del ciclo Febrero-Julio 2019 se podr\u00e1n consultar a partir del 10 de diciembre para aspirantes que radican en M\u00e9xico y el 13 de noviembre para quienes radican en el extranjero, en el <i>link<\/i>: <a href=\"https:\/\/www.uv.mx\/escolar\/posgradoenero2019\/index.html\">https:\/\/www.uv.mx\/escolar\/posgradoenero2019\/index.html<\/a><\/p>\n","protected":false},"excerpt":{"rendered":"<p>Un total de 614 aspirantes buscan un lugar en los programas de especializaci\u00f3n, maestr\u00eda y doctorado, que inician en el ciclo Febrero-Julio 2019<\/p>\n","protected":false},"author":1508,"featured_media":58016,"comment_status":"closed","ping_status":"closed","sticky":false,"template":"","format":"standard","meta":{"footnotes":""},"categories":[1],"tags":[],"class_list":["post-58182","post","type-post","status-publish","format-standard","has-post-thumbnail","hentry","category-general"],"_links":{"self":[{"href":"https:\/\/www.uv.mx\/prensa\/wp-json\/wp\/v2\/posts\/58182","targetHints":{"allow":["GET"]}}],"collection":[{"href":"https:\/\/www.uv.mx\/prensa\/wp-json\/wp\/v2\/posts"}],"about":[{"href":"https:\/\/www.uv.mx\/prensa\/wp-json\/wp\/v2\/types\/post"}],"author":[{"embeddable":true,"href":"https:\/\/www.uv.mx\/prensa\/wp-json\/wp\/v2\/users\/1508"}],"replies":[{"embeddable":true,"href":"https:\/\/www.uv.mx\/prensa\/wp-json\/wp\/v2\/comments?post=58182"}],"version-history":[{"count":0,"href":"https:\/\/www.uv.mx\/prensa\/wp-json\/wp\/v2\/posts\/58182\/revisions"}],"wp:featuredmedia":[{"embeddable":true,"href":"https:\/\/www.uv.mx\/prensa\/wp-json\/wp\/v2\/media\/58016"}],"wp:attachment":[{"href":"https:\/\/www.uv.mx\/prensa\/wp-json\/wp\/v2\/media?parent=58182"}],"wp:term":[{"taxonomy":"category","embeddable":true,"href":"https:\/\/www.uv.mx\/prensa\/wp-json\/wp\/v2\/categories?post=58182"},{"taxonomy":"post_tag","embeddable":true,"href":"https:\/\/www.uv.mx\/prensa\/wp-json\/wp\/v2\/tags?post=58182"}],"curies":[{"name":"wp","href":"https:\/\/api.w.org\/{rel}","templated":true}]}}