{"id":58103,"date":"2018-11-14T16:07:15","date_gmt":"2018-11-14T22:07:15","guid":{"rendered":"https:\/\/www.uv.mx\/prensa\/?p=58103"},"modified":"2018-11-16T18:34:56","modified_gmt":"2018-11-17T00:34:56","slug":"osx-presenta-asi-hablo-zaratustra","status":"publish","type":"post","link":"https:\/\/www.uv.mx\/prensa\/general\/osx-presenta-asi-hablo-zaratustra\/","title":{"rendered":"OSX presenta <em>As\u00ed habl\u00f3 Zaratustra<\/em>"},"content":{"rendered":"<ul>\n<li><i>Ofrecer\u00e1 concierto a <\/i><i>beneficio de la Fundaci\u00f3n Casa Nueva, con obras de Wagner y Strauss<\/i><\/li>\n<li><i>La pieza destaca por la fanfarria que ha sido ocupada en la pel\u00edcula <\/i>2001: Odisea del espacio<i>,<\/i><i> de Stanley Kubrick<\/i><\/li>\n<\/ul>\n<p>&nbsp;<\/p>\n<div id=\"attachment_58145\" style=\"width: 732px\" class=\"wp-caption aligncenter\"><a href=\"https:\/\/www.uv.mx\/prensa\/files\/2018\/11\/141118-OSX.jpg\"><img loading=\"lazy\" decoding=\"async\" aria-describedby=\"caption-attachment-58145\" class=\"size-full wp-image-58145\" src=\"https:\/\/www.uv.mx\/prensa\/files\/2018\/11\/141118-OSX.jpg\" alt=\"\" width=\"722\" height=\"478\" srcset=\"https:\/\/www.uv.mx\/prensa\/files\/2018\/11\/141118-OSX.jpg 722w, https:\/\/www.uv.mx\/prensa\/files\/2018\/11\/141118-OSX-300x199.jpg 300w\" sizes=\"auto, (max-width: 722px) 100vw, 722px\" \/><\/a><p id=\"caption-attachment-58145\" class=\"wp-caption-text\">El franc\u00e9s Martin Lebel, director invitado por la OSX<\/p><\/div>\n<p>&nbsp;<\/p>\n<p>&nbsp;<\/p>\n<p><b><i>14\/11\/18, Xalapa, <\/i><\/b><b><i>Ver.-<\/i><\/b> La <a href=\"http:\/\/www.orquestasinfonicadexalapa.com\/\">Orquesta Sinf\u00f3nica de Xalapa<\/a> (OSX), bajo la batuta del franc\u00e9s Martin Lebel, presenta el concierto <i>As\u00ed habl\u00f3 Zaratustra<\/i>, un programa alem\u00e1n con obras de Richard Strauss y Richard Wagner, a beneficio de la Fundaci\u00f3n Casa Nueva, el viernes 16 de noviembre a las 20:30 horas en Tlaqn\u00e1, Centro Cultural.<\/p>\n<p>La pieza estelar de la noche es <i>As\u00ed habl\u00f3 <\/i><i>Zaratustra<\/i>, poema sinf\u00f3nico en el cual Strauss evoca las ideas principales del libro hom\u00f3nimo del fil\u00f3sofo Friedrich Nietzsche. Sobre esta composici\u00f3n, Strauss dijo a su esposa: \u201cZaratustra es glorioso, de lejos la m\u00e1s importante de todas mis obras; la m\u00e1s perfecta en forma, la m\u00e1s rica en contenido y la m\u00e1s individual en car\u00e1cter\u201d.<\/p>\n<p>En la actualidad <i>As\u00ed habl\u00f3 <\/i><i>Zaratustra<\/i> goza de gran popularidad pues su fanfarria introductoria ha aparecido en videojuegos, series y pel\u00edculas, como la emblem\u00e1tica cinta de ciencia ficci\u00f3n <i>2001: Odisea del espacio<\/i> (1968), del reconocido director Stanley Kubrick.<\/p>\n<p>Complementan el programa las obras <i>Cuatro \u00faltimas canciones <\/i>de Strauss, as\u00ed como<i> Preludio y muerte de amor<\/i> de Wagner, en un concierto marcado por las influencias de la nueva escuela alemana que romp\u00eda con las tendencias conservadoras en el \u00e1mbito musical del siglo XIX, pues Wagner marc\u00f3 la pauta para que futuros compositores se vieran influidos por su legado, uno de ellos Richard Strauss.<\/p>\n<p>En esta ocasi\u00f3n, el encargado de dirigir a la OSX es el franc\u00e9s Martin Lebel, de regreso en Xalapa luego de dos a\u00f1os. Lebel fue director art\u00edstico y musical de la Orquesta Filarm\u00f3nica de Montevideo hasta abril de 2015 y actualmente es titular de la Orquesta Sinf\u00f3nica de Karlovy Vary (Rep\u00fablica Checa).<\/p>\n<p>\u201cHe esperado este concierto con gran emoci\u00f3n, me encanta regresar a Xalapa para dirigir a la OSX. Es enriquecedor para m\u00ed dirigir un programa con obras tan hermosas e interesantes; esto, aunado al trabajo de la orquesta, dar\u00e1 como resultado un concierto muy atractivo para el p\u00fablico de Xalapa\u201d, expres\u00f3 el director invitado.<\/p>\n<p>Antes del concierto, David Pozos, principal de trombones de la OSX, ofrecer\u00e1 una charla sobre el repertorio de esta semana, a las 19:00 horas en el vest\u00edbulo de Tlaqn\u00e1, Centro Cultural, con entrada libre para todos los interesados.<\/p>\n<p>No se pierda la presentaci\u00f3n de este magn\u00edfico programa, adquiriendo los boletos en las oficinas de la OSX de lunes a jueves y en la taquilla de Tlaqn\u00e1 el d\u00eda del concierto, con un donativo de 200 pesos; lo recaudado ser\u00e1 destinado a la Fundaci\u00f3n Casa Nueva.<\/p>\n<p>Para m\u00e1s informaci\u00f3n sobre las actividades de la OSX, consultar el sitio oficial <a href=\"http:\/\/www.orquestasinfonicadexalapa.com\">www.orquestasinfonicadexalapa.com<\/a> o en <i>Facebook<\/i>: Orquesta Sinf\u00f3nica de Xalapa.<\/p>\n","protected":false},"excerpt":{"rendered":"<p>El concierto del viernes 16 de noviembre incluir\u00e1 obras de Strauss y Wagner, balo la direcci\u00f3n de Martin Lebel <\/p>\n","protected":false},"author":1869,"featured_media":58146,"comment_status":"closed","ping_status":"closed","sticky":false,"template":"","format":"standard","meta":{"footnotes":""},"categories":[1],"tags":[],"class_list":["post-58103","post","type-post","status-publish","format-standard","has-post-thumbnail","hentry","category-general"],"_links":{"self":[{"href":"https:\/\/www.uv.mx\/prensa\/wp-json\/wp\/v2\/posts\/58103","targetHints":{"allow":["GET"]}}],"collection":[{"href":"https:\/\/www.uv.mx\/prensa\/wp-json\/wp\/v2\/posts"}],"about":[{"href":"https:\/\/www.uv.mx\/prensa\/wp-json\/wp\/v2\/types\/post"}],"author":[{"embeddable":true,"href":"https:\/\/www.uv.mx\/prensa\/wp-json\/wp\/v2\/users\/1869"}],"replies":[{"embeddable":true,"href":"https:\/\/www.uv.mx\/prensa\/wp-json\/wp\/v2\/comments?post=58103"}],"version-history":[{"count":0,"href":"https:\/\/www.uv.mx\/prensa\/wp-json\/wp\/v2\/posts\/58103\/revisions"}],"wp:featuredmedia":[{"embeddable":true,"href":"https:\/\/www.uv.mx\/prensa\/wp-json\/wp\/v2\/media\/58146"}],"wp:attachment":[{"href":"https:\/\/www.uv.mx\/prensa\/wp-json\/wp\/v2\/media?parent=58103"}],"wp:term":[{"taxonomy":"category","embeddable":true,"href":"https:\/\/www.uv.mx\/prensa\/wp-json\/wp\/v2\/categories?post=58103"},{"taxonomy":"post_tag","embeddable":true,"href":"https:\/\/www.uv.mx\/prensa\/wp-json\/wp\/v2\/tags?post=58103"}],"curies":[{"name":"wp","href":"https:\/\/api.w.org\/{rel}","templated":true}]}}