{"id":58102,"date":"2018-11-14T12:47:43","date_gmt":"2018-11-14T18:47:43","guid":{"rendered":"https:\/\/www.uv.mx\/prensa\/?p=58102"},"modified":"2018-11-14T12:47:43","modified_gmt":"2018-11-14T18:47:43","slug":"personal-campeon-del-futbol-rapido-para-empleados","status":"publish","type":"post","link":"https:\/\/www.uv.mx\/prensa\/deportes\/personal-campeon-del-futbol-rapido-para-empleados\/","title":{"rendered":"Personal, campe\u00f3n del Futbol R\u00e1pido para Empleados"},"content":{"rendered":"<ul>\n<li><i>En gran juego venci\u00f3 3-2 a Telefon\u00eda<\/i><span>\u00a0<\/span><\/li>\n<\/ul>\n<p><span>\u00a0<\/span><\/p>\n<div id=\"attachment_58010\" style=\"width: 732px\" class=\"wp-caption aligncenter\"><a href=\"https:\/\/www.uv.mx\/prensa\/files\/2018\/11\/131118-PERSONAL-1.-PERSONAL-EL-CAMPEON-100k.jpg\"><img loading=\"lazy\" decoding=\"async\" aria-describedby=\"caption-attachment-58010\" class=\"size-full wp-image-58010\" src=\"https:\/\/www.uv.mx\/prensa\/files\/2018\/11\/131118-PERSONAL-1.-PERSONAL-EL-CAMPEON-100k.jpg\" alt=\"\" width=\"722\" height=\"478\" srcset=\"https:\/\/www.uv.mx\/prensa\/files\/2018\/11\/131118-PERSONAL-1.-PERSONAL-EL-CAMPEON-100k.jpg 722w, https:\/\/www.uv.mx\/prensa\/files\/2018\/11\/131118-PERSONAL-1.-PERSONAL-EL-CAMPEON-100k-300x199.jpg 300w\" sizes=\"auto, (max-width: 722px) 100vw, 722px\" \/><\/a><p id=\"caption-attachment-58010\" class=\"wp-caption-text\">Personal, el campe\u00f3n de futbol r\u00e1pido para Empleados UV<\/p><\/div>\n<p><span>\u00a0<\/span><\/p>\n<p><b><i>Santiago Morales Ortiz<\/i><\/b><span>\u00a0<\/span><\/p>\n<p><b><i>1<\/i><\/b><b><i>4<\/i><\/b><b><i>\/11\/18, Xalapa, <\/i><\/b><b><i>Ver.-<\/i><\/b> Ante un gran ambiente en la tribuna de la cancha de la Unidad Deportiva de la Universidad Veracruzana (UV), el equipo de Personal se coron\u00f3 campe\u00f3n del Torneo de Futbol R\u00e1pido para Empleados de esta casa de estudios.<span>\u00a0<\/span><\/p>\n<p>El encuentro fue de poder a poder y se decidi\u00f3 en los \u00faltimos minutos al se\u00f1alarse la sexta falta del equipo de Telefon\u00eda, fue as\u00ed que Jos\u00e9 Ruiz cobr\u00f3 magistralmente un tiro de castigo que dio el triunfo a Personal.<span>\u00a0<\/span><\/p>\n<p>El mismo Ruiz puso adelante a los campeones en el primer cuarto del juego, pero vendr\u00eda la reacci\u00f3n de Telefon\u00eda que se fue adelante en el segundo y tercer periodo con tantos de Iv\u00e1n Palermo y Erick M\u00e9ndez, luego vino Adri\u00e1n Cruz para anotar el 2-2 y poner la cosa al rojo vivo.<span>\u00a0<\/span><\/p>\n<p>Jugadas y goles de buen nivel se dieron en la gran final, ante una tribuna donde el campe\u00f3n Personal estuvo apoyado por numerosa porra de la Direcci\u00f3n General de Recursos Humanos.<span>\u00a0<\/span><\/p>\n<p>&nbsp;<\/p>\n<div id=\"attachment_58011\" style=\"width: 732px\" class=\"wp-caption aligncenter\"><a href=\"https:\/\/www.uv.mx\/prensa\/files\/2018\/11\/131118-PERSONAL-2.-TELEFONIA-100k.jpg\"><img loading=\"lazy\" decoding=\"async\" aria-describedby=\"caption-attachment-58011\" class=\"size-full wp-image-58011\" src=\"https:\/\/www.uv.mx\/prensa\/files\/2018\/11\/131118-PERSONAL-2.-TELEFONIA-100k.jpg\" alt=\"\" width=\"722\" height=\"478\" srcset=\"https:\/\/www.uv.mx\/prensa\/files\/2018\/11\/131118-PERSONAL-2.-TELEFONIA-100k.jpg 722w, https:\/\/www.uv.mx\/prensa\/files\/2018\/11\/131118-PERSONAL-2.-TELEFONIA-100k-300x199.jpg 300w\" sizes=\"auto, (max-width: 722px) 100vw, 722px\" \/><\/a><p id=\"caption-attachment-58011\" class=\"wp-caption-text\">Telefon\u00eda, digno subcampe\u00f3n<\/p><\/div>\n<p>&nbsp;<\/p>\n<p>La premiaci\u00f3n estuvo encabezada por Jos\u00e9 Israel Solar Flores, coordinador de la Direcci\u00f3n de Actividades Deportivas (DADUV), y Miguel \u00c1ngel Maldonado Hern\u00e1ndez, responsable del torneo, quienes entregaron medallas al primero y segundo lugar.<span>\u00a0<\/span><\/p>\n<p>El equipo campe\u00f3n de Personal estuvo integrado por: Jussein Lagunes, Jos\u00e9 Ruiz, Sergio Toledo, Adri\u00e1n Cruz, Hugo Armenta, Rodrigo Nochebuena, Miguel M\u00e9ndez y Miguel Pe\u00f1a.<span>\u00a0<\/span><\/p>\n<p>Por Telefon\u00eda: Iv\u00e1n G\u00f3mez, Irving Anaya, Carlos Bautista, Mario Fern\u00e1ndez, Gerson Mendoza, Nicol\u00e1s Bautista, Erick M\u00e9ndez, Fredy Ju\u00e1rez, Joel Hern\u00e1ndez, Francisco Molina, Omar Terr\u00f3n e Iv\u00e1n Palermo.<span>\u00a0<\/span><\/p>\n<p>Cabe destacar el gran auge que ha tenido el torneo dirigido a los empleados universitarios, con la participaci\u00f3n de 20 equipos y el inter\u00e9s del personal por asistir a apoyar a sus compa\u00f1eros.<span>\u00a0<\/span><\/p>\n<p><span>\u00a0<\/span><\/p>\n<div id=\"attachment_58012\" style=\"width: 732px\" class=\"wp-caption aligncenter\"><a href=\"https:\/\/www.uv.mx\/prensa\/files\/2018\/11\/131118-PERSONAL-3.-JUGADAS-100k.jpg\"><img loading=\"lazy\" decoding=\"async\" aria-describedby=\"caption-attachment-58012\" class=\"size-full wp-image-58012\" src=\"https:\/\/www.uv.mx\/prensa\/files\/2018\/11\/131118-PERSONAL-3.-JUGADAS-100k.jpg\" alt=\"\" width=\"722\" height=\"478\" srcset=\"https:\/\/www.uv.mx\/prensa\/files\/2018\/11\/131118-PERSONAL-3.-JUGADAS-100k.jpg 722w, https:\/\/www.uv.mx\/prensa\/files\/2018\/11\/131118-PERSONAL-3.-JUGADAS-100k-300x199.jpg 300w\" sizes=\"auto, (max-width: 722px) 100vw, 722px\" \/><\/a><p id=\"caption-attachment-58012\" class=\"wp-caption-text\">Jugadas de buen nivel en la gran final<\/p><\/div>\n","protected":false},"excerpt":{"rendered":"<p>Venci\u00f3 3-2 a Telefon\u00eda, en un gran encuentro que se defini\u00f3 en los \u00faltimos minutos <\/p>\n","protected":false},"author":1869,"featured_media":58010,"comment_status":"closed","ping_status":"closed","sticky":false,"template":"","format":"standard","meta":{"footnotes":""},"categories":[12],"tags":[],"class_list":["post-58102","post","type-post","status-publish","format-standard","has-post-thumbnail","hentry","category-deportes"],"_links":{"self":[{"href":"https:\/\/www.uv.mx\/prensa\/wp-json\/wp\/v2\/posts\/58102","targetHints":{"allow":["GET"]}}],"collection":[{"href":"https:\/\/www.uv.mx\/prensa\/wp-json\/wp\/v2\/posts"}],"about":[{"href":"https:\/\/www.uv.mx\/prensa\/wp-json\/wp\/v2\/types\/post"}],"author":[{"embeddable":true,"href":"https:\/\/www.uv.mx\/prensa\/wp-json\/wp\/v2\/users\/1869"}],"replies":[{"embeddable":true,"href":"https:\/\/www.uv.mx\/prensa\/wp-json\/wp\/v2\/comments?post=58102"}],"version-history":[{"count":0,"href":"https:\/\/www.uv.mx\/prensa\/wp-json\/wp\/v2\/posts\/58102\/revisions"}],"wp:featuredmedia":[{"embeddable":true,"href":"https:\/\/www.uv.mx\/prensa\/wp-json\/wp\/v2\/media\/58010"}],"wp:attachment":[{"href":"https:\/\/www.uv.mx\/prensa\/wp-json\/wp\/v2\/media?parent=58102"}],"wp:term":[{"taxonomy":"category","embeddable":true,"href":"https:\/\/www.uv.mx\/prensa\/wp-json\/wp\/v2\/categories?post=58102"},{"taxonomy":"post_tag","embeddable":true,"href":"https:\/\/www.uv.mx\/prensa\/wp-json\/wp\/v2\/tags?post=58102"}],"curies":[{"name":"wp","href":"https:\/\/api.w.org\/{rel}","templated":true}]}}