{"id":57714,"date":"2018-11-07T16:43:43","date_gmt":"2018-11-07T22:43:43","guid":{"rendered":"https:\/\/www.uv.mx\/prensa\/?p=57714"},"modified":"2018-11-07T18:50:17","modified_gmt":"2018-11-08T00:50:17","slug":"cartas-a-luchting-de-julio-ramon-ribeyro-libro-de-gran-repercusion","status":"publish","type":"post","link":"https:\/\/www.uv.mx\/prensa\/cultura\/cartas-a-luchting-de-julio-ramon-ribeyro-libro-de-gran-repercusion\/","title":{"rendered":"<em>Cartas a Luchting<\/em>, de Julio Ram\u00f3n Ribeyro, libro de gran repercusi\u00f3n"},"content":{"rendered":"<div id=\"attachment_57716\" style=\"width: 467px\" class=\"wp-caption aligncenter\"><a href=\"https:\/\/www.uv.mx\/prensa\/files\/2018\/11\/071118-cartas.jpg\"><img aria-describedby=\"caption-attachment-57716\" decoding=\"async\" loading=\"lazy\" class=\"wp-image-57716 size-full\" src=\"https:\/\/www.uv.mx\/prensa\/files\/2018\/11\/071118-cartas.jpg\" alt=\"\" width=\"457\" height=\"620\" srcset=\"https:\/\/www.uv.mx\/prensa\/files\/2018\/11\/071118-cartas.jpg 457w, https:\/\/www.uv.mx\/prensa\/files\/2018\/11\/071118-cartas-221x300.jpg 221w\" sizes=\"(max-width: 457px) 100vw, 457px\" \/><\/a><p id=\"caption-attachment-57716\" class=\"wp-caption-text\">La obra fue publicada por la Editorial UV en 2016, con pr\u00f3logo y anotaciones de Juan Jos\u00e9 Barrientos<\/p><\/div>\n<p>&nbsp;<\/p>\n<p><b><i>07\/11\/18, Xalapa, Ver.- <\/i><\/b>Las <i>Cartas a <\/i><i>Luchting<\/i>, de Julio Ram\u00f3n Ribeyro, anotadas y prologadas por Juan Jos\u00e9 Barrientos, es quiz\u00e1 una de las obras publicadas por la Universidad Veracruzana (UV) que han tenido mayor repercusi\u00f3n en los \u00faltimos a\u00f1os.<span>\u00a0<\/span><\/p>\n<p>En su <i>blog<\/i>, Carlos Villacorta anota que hace unos meses estuvo investigando en la biblioteca Firestone, en Princeton, y pudo ver las cartas que Wolfgang A. Luchting, traductor alem\u00e1n y estudioso de la literatura latinoamericana, recibi\u00f3 de Julio Ram\u00f3n Ribeyro, Mario Vargas Llosa, Jos\u00e9 Mar\u00eda Arguedas, Enrique Ver\u00e1stegui, Ernesto Sabato, Manuel Puig, Jos\u00e9 Donoso y Georgette Vallejo, entre otros.<span>\u00a0<\/span><\/p>\n<p>La belleza de las cartas lo impresion\u00f3, \u201calgo que se ha perdido con los <i>e<\/i><i>&#8211;<\/i><i>mails<\/i>\u201d pues, por ejemplo, Sabato escrib\u00eda en papeles peque\u00f1os y muchas veces en color rojo; Arguedas en un papel muy delgado y elegante; Ver\u00e1stegui en un papel tama\u00f1o oficio; y pens\u00f3 que ser\u00eda importante publicar al menos parte de esta correspondencia. Le pareci\u00f3 que las cartas de Ribeyro ser\u00edan las de mayor inter\u00e9s por la amistad entre ambos.<span>\u00a0<\/span><\/p>\n<p>Poco despu\u00e9s se enter\u00f3 de que \u00e9stas ya se hab\u00edan publicado y que \u201cmuestran el trabajo colaborativo entre Luchting y Ribeyro por m\u00e1s de 30 a\u00f1os, entre ellos la traducci\u00f3n de sus libros al alem\u00e1n, la funci\u00f3n de Luchting como agente literario de Ribeyro, el trabajo de \u00e9ste para colocar sus cuentos y novelas en el mercado peruano e internacional, as\u00ed como sus comentarios a las novelas y eventos literarios del momento. Se alegr\u00f3 mucho y considera que \u201cvale la pena leer este libro que espero siga despertando el inter\u00e9s por un grande de la literatura peruana\u201d.<span>\u00a0<\/span><\/p>\n<p>En otro <i>blog<\/i> leemos: \u201cLa ausencia de Ribeyro se siente m\u00e1s en d\u00edas como \u00e9stos, cercanos a la fecha de su partida. Esta sensaci\u00f3n aumenta cuando parecer\u00eda que no queda nada m\u00e1s por leer de \u00e9l, ante la improbable idea, al menos a corto plazo, de que se publiquen las partes faltantes de sus diarios, cartas u otros escritos p\u00f3stumos\u201d.<span>\u00a0<\/span><\/p>\n<p>Por suerte, \u201cde vez en cuando se puede encontrar algo, como sus <i>Cartas a <\/i><i>Luchting<\/i><i> (1960-1993)<\/i> editadas el a\u00f1o pasado por una universidad mexicana, pues ah\u00ed encuentra los comentarios de Ribeyro sobre diversos personajes de la \u00e9poca y obras de otros escritores, as\u00ed como interesantes revelaciones sobre sus propios escritos\u201d.<span>\u00a0<\/span><\/p>\n<p>Por su parte, Jaime Mu\u00f1oz Vargas considera que Ribeyro es \u201cuno de los mejores cuentistas latinoamericanos\u201d y un autor al que vale la pena tener y leer completo, as\u00ed sea silenciosamente\u201d; aunque en 2003 se publicaron sus diarios, \u201cfalta mucho por publicar, republicar y estudiar sobre el narrador peruano\u201d.<span>\u00a0<\/span><\/p>\n<p>Por eso le dio gusto que la UV haya auspiciado la edici\u00f3n de las misivas enviadas por Ribeyro al alem\u00e1n Wolfang Alexander Luchting, que \u201cno son una mera curiosidad editorial, sino otra puerta de acceso a la apesadumbrada personalidad y buena parte de la vida cotidiana del peruano y nuevas claves para entender mejor su obra\u201d.<\/p>\n","protected":false},"excerpt":{"rendered":"<p>La obra fue publicada por la Editorial UV en 2016, con pr\u00f3logo de Juan Jos\u00e9 Barrientos<\/p>\n","protected":false},"author":1508,"featured_media":57716,"comment_status":"closed","ping_status":"closed","sticky":false,"template":"","format":"standard","meta":[],"categories":[11],"tags":[],"_links":{"self":[{"href":"https:\/\/www.uv.mx\/prensa\/wp-json\/wp\/v2\/posts\/57714"}],"collection":[{"href":"https:\/\/www.uv.mx\/prensa\/wp-json\/wp\/v2\/posts"}],"about":[{"href":"https:\/\/www.uv.mx\/prensa\/wp-json\/wp\/v2\/types\/post"}],"author":[{"embeddable":true,"href":"https:\/\/www.uv.mx\/prensa\/wp-json\/wp\/v2\/users\/1508"}],"replies":[{"embeddable":true,"href":"https:\/\/www.uv.mx\/prensa\/wp-json\/wp\/v2\/comments?post=57714"}],"version-history":[{"count":0,"href":"https:\/\/www.uv.mx\/prensa\/wp-json\/wp\/v2\/posts\/57714\/revisions"}],"wp:featuredmedia":[{"embeddable":true,"href":"https:\/\/www.uv.mx\/prensa\/wp-json\/wp\/v2\/media\/57716"}],"wp:attachment":[{"href":"https:\/\/www.uv.mx\/prensa\/wp-json\/wp\/v2\/media?parent=57714"}],"wp:term":[{"taxonomy":"category","embeddable":true,"href":"https:\/\/www.uv.mx\/prensa\/wp-json\/wp\/v2\/categories?post=57714"},{"taxonomy":"post_tag","embeddable":true,"href":"https:\/\/www.uv.mx\/prensa\/wp-json\/wp\/v2\/tags?post=57714"}],"curies":[{"name":"wp","href":"https:\/\/api.w.org\/{rel}","templated":true}]}}