{"id":57685,"date":"2018-11-07T14:38:22","date_gmt":"2018-11-07T20:38:22","guid":{"rendered":"https:\/\/www.uv.mx\/prensa\/?p=57685"},"modified":"2018-11-16T18:37:00","modified_gmt":"2018-11-17T00:37:00","slug":"dia-e-oportunidad-para-autoempleo-y-emprendimiento","status":"publish","type":"post","link":"https:\/\/www.uv.mx\/prensa\/general\/dia-e-oportunidad-para-autoempleo-y-emprendimiento\/","title":{"rendered":"D\u00eda E, oportunidad para autoempleo  y emprendimiento"},"content":{"rendered":"<ul>\n<li><i>E<\/i><i>l jueves 15 de noviembre <\/i><i>habr\u00e1 <\/i><i>conferencias y mesas-<\/i>stands<i> de orientaci\u00f3n profesional en<\/i><i> la Facultad de Arquitectura<\/i><\/li>\n<\/ul>\n<p>&nbsp;<\/p>\n<div id=\"attachment_57600\" style=\"width: 732px\" class=\"wp-caption aligncenter\"><a href=\"https:\/\/www.uv.mx\/prensa\/files\/2018\/11\/061118-PACHECO-Dia-E-Vinculacion-100k.jpg\"><img loading=\"lazy\" decoding=\"async\" aria-describedby=\"caption-attachment-57600\" class=\"size-full wp-image-57600\" src=\"https:\/\/www.uv.mx\/prensa\/files\/2018\/11\/061118-PACHECO-Dia-E-Vinculacion-100k.jpg\" alt=\"\" width=\"722\" height=\"482\" srcset=\"https:\/\/www.uv.mx\/prensa\/files\/2018\/11\/061118-PACHECO-Dia-E-Vinculacion-100k.jpg 722w, https:\/\/www.uv.mx\/prensa\/files\/2018\/11\/061118-PACHECO-Dia-E-Vinculacion-100k-300x200.jpg 300w\" sizes=\"auto, (max-width: 722px) 100vw, 722px\" \/><\/a><p id=\"caption-attachment-57600\" class=\"wp-caption-text\">Donaj\u00ed Callejas del Callejo y Araceli de Jes\u00fas Basurto Arriyaga<\/p><\/div>\n<p>&nbsp;<\/p>\n<p><b><i>Jorge V\u00e1zquez Pacheco<\/i><\/b><\/p>\n<p><b><i>07\/11\/18, Xalapa, Ver.-<\/i><\/b> La <a href=\"https:\/\/www.uv.mx\/vinculacion\/\">Direcci\u00f3n General de Vinculaci\u00f3n de la Universidad Veracruzana<\/a> (UV) realizar\u00e1 el D\u00eda E. Expo UV Emprende Empleo 2018, evento ideado espec\u00edficamente para la conjunci\u00f3n de elementos orientadores para estudiantes y egresados, as\u00ed como para organizaciones empresariales y asociaciones promotoras de empleo.<\/p>\n<p>Araceli de Jes\u00fas Basurto Arriyaga, jefa del Departamento de Vinculaci\u00f3n con el Sector Productivo para la Inserci\u00f3n Laboral, y Donaj\u00ed Callejas del Callejo, jefa de la Oficina de Transferencia de Tecnolog\u00eda, Desarrollo Emprendedor e Innovaci\u00f3n, informaron que el D\u00eda E se realizar\u00e1 el jueves 15 de noviembre, de 8:00 a 15:00 horas, en las instalaciones de la Facultad de Arquitectura UV.<\/p>\n<p>\u201cLa intenci\u00f3n es empoderar a los j\u00f3venes en cuestiones de emprendimiento, vincularlos con el campo laboral. El D\u00eda E habr\u00e1 de ser punto de encuentro y di\u00e1logo entre universitarios y el sector productivo. Est\u00e1 organizado en dos secciones: la primera, orientada al fomento de la cultura emprendedora para el logro del autoempleo; la segunda, es la vinculaci\u00f3n laboral, que mostrar\u00e1 opciones procedentes de empresas que presentan oportunidades laborales\u201d, indic\u00f3 Basurto Arriyaga.<\/p>\n<p>Las conferencias, que ser\u00e1n en el auditorio de la Facultad de Arquitectura, ser\u00e1n dictadas por ponentes especializados en el tema: Marcos Abarca Gonz\u00e1lez, coordinador nacional de C\u00e9lulas de Innovaci\u00f3n de la Confederaci\u00f3n de C\u00e1maras Industriales (<i>Concamin<\/i>), quien disertar\u00e1 sobre \u201c\u00bfEmprender o intraemprender? Una respuesta a trav\u00e9s de la innovaci\u00f3n\u201d; Sergio Mora, director de Grupo Human Consultor\u00eda, con el tema \u201cEmprendedor y empleado\u201d; Pedro Carreto Fern\u00e1ndez, director de Operaciones Flink, hablar\u00e1 de \u201cJ\u00f3venes; entre la industria tradicional y el emprendimiento\u201d.<\/p>\n<p>\u201cLo que buscamos es que los estudiantes tengan la opci\u00f3n de decidir su propio camino\u201d, expres\u00f3 Callejas del Callejo. \u201cQue no egresen s\u00f3lo con la idea de buscar qui\u00e9n les d\u00e9 empleo, o poner un negocio y dejar las cosas a la suerte, a ver c\u00f3mo les va. Deseamos que tengan miras mayormente amplias, m\u00e1s opciones; que armen sus propias organizaciones y que decidan por s\u00ed mismos. Que adopten la que crean que es la mejor decisi\u00f3n y planifiquen un desempe\u00f1o que permita no s\u00f3lo crecimiento personal, sino tambi\u00e9n su propia aportaci\u00f3n a la sociedad al generar m\u00e1s empleos.\u201d<\/p>\n<p>La competencia es muy alta, las instituciones de nivel superior egresan centenares de profesionistas al a\u00f1o. Ante ello, los egresados deben ser gestores de su propio desarrollo, a partir del fortalecimiento de sus competencias profesionales y que puedan tomar cursos de capacitaci\u00f3n eficaz desde ahora mismo. \u201cLa intenci\u00f3n es que se inserten en el mercado laboral en el transcurso de los primeros seis meses despu\u00e9s de egresar de la Universidad\u201d, a\u00f1adi\u00f3 Araceli de Jes\u00fas Basurto.<\/p>\n<p>El D\u00eda E est\u00e1 dirigido tambi\u00e9n a autoridades, acad\u00e9micos y administrativos interesados en el fortalecimiento de sus programas educativos; a empresarios y organizaciones empleadoras, organizaciones de apoyo al empleo y a la comunidad en general.<\/p>\n<p>Las entrevistadas indicaron que habr\u00e1 varias mesas-<i>stands<\/i> de emprendedores y empleadores, en las que diversos especialistas otorgar\u00e1n informaci\u00f3n acerca de c\u00f3mo iniciar un negocio o una empresa, ideas para financiamiento y las herramientas de vanguardia para promocionarse. Habr\u00e1, adem\u00e1s, ofertas de oportunidades vacantes y pr\u00e1cticas profesionales, as\u00ed como programas de apoyo al empleo.<\/p>\n<p>Los interesados en participar deber\u00e1n registrarse en <a href=\"https:\/\/www.uv.mx\/emprende-empleo\/\">www.uv.mx\/emprende-empleo\/<\/a>, o dirigirse al correo electr\u00f3nico <a href=\"mailto:expoemprende.empleo@gmail.com\">expoemprende.empleo@gmail.com<\/a>.<\/p>\n<p>&nbsp;<\/p>\n","protected":false},"excerpt":{"rendered":"<p>El jueves 15 de noviembre habr\u00e1 conferencias y mesas-<em>stands<\/em> de orientaci\u00f3n profesional en la Facultad de Arquitectura<\/p>\n","protected":false},"author":1508,"featured_media":57601,"comment_status":"closed","ping_status":"closed","sticky":false,"template":"","format":"standard","meta":{"footnotes":""},"categories":[1],"tags":[],"class_list":["post-57685","post","type-post","status-publish","format-standard","has-post-thumbnail","hentry","category-general"],"_links":{"self":[{"href":"https:\/\/www.uv.mx\/prensa\/wp-json\/wp\/v2\/posts\/57685","targetHints":{"allow":["GET"]}}],"collection":[{"href":"https:\/\/www.uv.mx\/prensa\/wp-json\/wp\/v2\/posts"}],"about":[{"href":"https:\/\/www.uv.mx\/prensa\/wp-json\/wp\/v2\/types\/post"}],"author":[{"embeddable":true,"href":"https:\/\/www.uv.mx\/prensa\/wp-json\/wp\/v2\/users\/1508"}],"replies":[{"embeddable":true,"href":"https:\/\/www.uv.mx\/prensa\/wp-json\/wp\/v2\/comments?post=57685"}],"version-history":[{"count":0,"href":"https:\/\/www.uv.mx\/prensa\/wp-json\/wp\/v2\/posts\/57685\/revisions"}],"wp:featuredmedia":[{"embeddable":true,"href":"https:\/\/www.uv.mx\/prensa\/wp-json\/wp\/v2\/media\/57601"}],"wp:attachment":[{"href":"https:\/\/www.uv.mx\/prensa\/wp-json\/wp\/v2\/media?parent=57685"}],"wp:term":[{"taxonomy":"category","embeddable":true,"href":"https:\/\/www.uv.mx\/prensa\/wp-json\/wp\/v2\/categories?post=57685"},{"taxonomy":"post_tag","embeddable":true,"href":"https:\/\/www.uv.mx\/prensa\/wp-json\/wp\/v2\/tags?post=57685"}],"curies":[{"name":"wp","href":"https:\/\/api.w.org\/{rel}","templated":true}]}}