{"id":57665,"date":"2018-11-07T09:00:42","date_gmt":"2018-11-07T15:00:42","guid":{"rendered":"https:\/\/www.uv.mx\/prensa\/?p=57665"},"modified":"2018-11-07T13:16:51","modified_gmt":"2018-11-07T19:16:51","slug":"alumnos-de-medicina-y-nutricion-realizaron-estancia-en-el-ciia","status":"publish","type":"post","link":"https:\/\/www.uv.mx\/prensa\/general\/alumnos-de-medicina-y-nutricion-realizaron-estancia-en-el-ciia\/","title":{"rendered":"Alumnos de Medicina y Nutrici\u00f3n realizaron estancia en el CIIA"},"content":{"rendered":"<ul>\n<li><i>Conocieron la aplicaci\u00f3n de la inteligencia artificial en el \u00e1rea m\u00e9dica y nutricional<\/i><\/li>\n<li><i>Se desarroll\u00f3 del <\/i><i>15 al 19 de octubre,<\/i><i> como parte del Programa de Fortalecimien<\/i><i>to de la Calidad Educativa 2018<\/i><\/li>\n<li><i>Una de las alumnas de la carrera de Medicina, incluir\u00e1 la IA en su trabajo de tesis sobre c\u00e1ncer <\/i><i>c<\/i><i>ervico<\/i><i>uterino<\/i><\/li>\n<\/ul>\n<p>&nbsp;<\/p>\n<div id=\"attachment_57642\" style=\"width: 732px\" class=\"wp-caption aligncenter\"><a href=\"https:\/\/www.uv.mx\/prensa\/files\/2018\/11\/061118-ESTANCIAS-CIIA-1.jpg\"><img loading=\"lazy\" decoding=\"async\" aria-describedby=\"caption-attachment-57642\" class=\"size-full wp-image-57642\" src=\"https:\/\/www.uv.mx\/prensa\/files\/2018\/11\/061118-ESTANCIAS-CIIA-1.jpg\" alt=\"\" width=\"722\" height=\"481\" srcset=\"https:\/\/www.uv.mx\/prensa\/files\/2018\/11\/061118-ESTANCIAS-CIIA-1.jpg 722w, https:\/\/www.uv.mx\/prensa\/files\/2018\/11\/061118-ESTANCIAS-CIIA-1-300x200.jpg 300w\" sizes=\"auto, (max-width: 722px) 100vw, 722px\" \/><\/a><p id=\"caption-attachment-57642\" class=\"wp-caption-text\">Martha Esther Olivo, H\u00e9ctor Gabriel Acosta y Nict\u00e9 B\u00e1rcenas<\/p><\/div>\n<p>&nbsp;<\/p>\n<p><b><i>Claudia Peralta V\u00e1zquez<\/i><\/b><\/p>\n<p><b><i>07<\/i><\/b><b><i>\/<\/i><\/b><b><i>11<\/i><\/b><b><i>\/<\/i><\/b><b><i>18, Xalapa, Ver.-<\/i><\/b> Un total de nueve estudiantes que cursan los \u00faltimos semestres de las licenciaturas en Medicina y Nutrici\u00f3n de las cinco regiones de la Universidad Veracruzana (UV), realizaron una estancia de estudios en el <a href=\"https:\/\/www.uv.mx\/ciia\/\">Centro de Investigaci\u00f3n en Inteligencia Artificial<\/a> (CIIA), donde tuvieron la oportunidad de conocer la aplicaci\u00f3n de la IA al \u00e1rea m\u00e9dica.<\/p>\n<p>Esta capacitaci\u00f3n se realiz\u00f3 del 15 al 19 de octubre, como parte de la convocatoria del Programa de Fortalecimiento de la Calidad Educativa 2018 dada a conocer en septiembre por la Direcci\u00f3n General de Investigaciones (DGI), a trav\u00e9s de las \u00e1reas acad\u00e9micas Biol\u00f3gico-Agropecuarias, T\u00e9cnica y Ciencias de la Salud.<\/p>\n<p>H\u00e9ctor Gabriel Acosta Mesa, investigador del CIIA, coment\u00f3 que en este centro se desarrollan varias l\u00edneas de investigaci\u00f3n y de forma personal se enfoca en el \u201can\u00e1lisis de im\u00e1genes m\u00e9dicas\u201d.<\/p>\n<p>Por ello, la idea de esta convocatoria fue recibir a alumnos de los \u00faltimos semestres de estos programas educativos (PE), con el fin de que conocieran qu\u00e9 es la IA, qu\u00e9 hace y c\u00f3mo puede ser aplicada al \u00e1rea m\u00e9dica.<\/p>\n<p>El investigador precis\u00f3 que actualmente la IA puede observarse en muchos dominios de la vida diaria, y la medicina no es la excepci\u00f3n, ya que existen muchas aplicaciones para el diagn\u00f3stico, monitoreo y detecci\u00f3n de enfermedades de manera temprana, a partir del empleo de algoritmos de <i>b<\/i><i>ig<\/i><i> data<\/i> y de aprendizaje autom\u00e1tico.<\/p>\n<p>Dio a conocer que a la fecha han trabajado algunos aspectos relacionados con c\u00e1ncer cervicouterino (<i>Cacu<\/i>), de mama y g\u00e1strico, en colaboraci\u00f3n con especialistas de los institutos de Salud P\u00fablica, Investigaciones Psicol\u00f3gicas, Biol\u00f3gicas y de Ciencias B\u00e1sicas.<\/p>\n<p>Precis\u00f3 que durante esos cinco d\u00edas, los siete alumnos de Medicina y dos de Nutrici\u00f3n intervinieron en un seminario de introducci\u00f3n al aprendizaje autom\u00e1tico y conocieron los proyectos desarrollados en esta materia.<\/p>\n<p>Como proyecto final de la estancia, los participantes propusieron ideas de lo que podr\u00eda ser una investigaci\u00f3n para realizarse en colaboraci\u00f3n con el CIIA, que los apoyar\u00eda en el an\u00e1lisis mediante t\u00e9cnicas de IA.<\/p>\n<p>Una de estas propuestas es la de Martha Esther Olivo S\u00e1nchez, quien cursa el noveno semestre de Medicina en la regi\u00f3n Orizaba-C\u00f3rdoba.<\/p>\n<p>En su trabajo de tesis, investiga los genotipos predominantes de <i>Cacu<\/i> y cu\u00e1les son los que m\u00e1s interact\u00faan con las mujeres de Ciudad Mendoza, de donde ella es originaria.<\/p>\n<p>A trav\u00e9s del empleo de IA pretende hallar si existe una correlaci\u00f3n de los tipos de c\u00e1ncer que se encuentran entre la poblaci\u00f3n, con el fin de determinar si hay un alto riesgo de este mal.<\/p>\n<p>Indic\u00f3 que de acuerdo con datos recabados, s\u00f3lo los genotipos 16 y 18 est\u00e1n involucrados con el desarrollo de <i>Cacu<\/i>; sin embargo, su investigaci\u00f3n revel\u00f3 que \u00e9sos ya no est\u00e1n presentes, pero s\u00ed hay otros de alto riesgo, alrededor de 15.<\/p>\n<p>Su predominio es entre el 60 y 90 por ciento en la poblaci\u00f3n sana, y 80 por ciento en las muestras de c\u00e1ncer.<\/p>\n<p>En este sentido, la IA ayudar\u00eda a esclarecer esta correlaci\u00f3n con una base sustentable, anal\u00edtica, cuantitativa y cualitativa.<\/p>\n<p>Respecto a su estancia, coment\u00f3 que le sirvi\u00f3 para ver otra perspectiva del an\u00e1lisis de datos, adem\u00e1s de que siempre se ha sentido atra\u00edda por la investigaci\u00f3n.<\/p>\n<p>Por su parte, Nict\u00e9 B\u00e1rcenas Romero, quien cursa el noveno semestre en la Facultad de Nutrici\u00f3n, regi\u00f3n Veracruz, coment\u00f3 que por medio de la investigaci\u00f3n se desarrollan estrategias para resolver todos los problemas que hay en la salud y en la sociedad.<\/p>\n<p>\u201c\u00c9ste fue el motivo de mi participaci\u00f3n en esta estancia donde tambi\u00e9n me llam\u00f3 la atenci\u00f3n el an\u00e1lisis de datos mediante IA.\u201d<\/p>\n","protected":false},"excerpt":{"rendered":"<p>Un total de nueve estudiantes de las cinco regiones tuvieron la oportunidad de conocer la aplicaci\u00f3n de la Inteligencia Artificial el el \u00e1rea m\u00e9dica<\/p>\n","protected":false},"author":1508,"featured_media":57642,"comment_status":"closed","ping_status":"closed","sticky":false,"template":"","format":"standard","meta":{"footnotes":""},"categories":[1],"tags":[],"class_list":["post-57665","post","type-post","status-publish","format-standard","has-post-thumbnail","hentry","category-general"],"_links":{"self":[{"href":"https:\/\/www.uv.mx\/prensa\/wp-json\/wp\/v2\/posts\/57665","targetHints":{"allow":["GET"]}}],"collection":[{"href":"https:\/\/www.uv.mx\/prensa\/wp-json\/wp\/v2\/posts"}],"about":[{"href":"https:\/\/www.uv.mx\/prensa\/wp-json\/wp\/v2\/types\/post"}],"author":[{"embeddable":true,"href":"https:\/\/www.uv.mx\/prensa\/wp-json\/wp\/v2\/users\/1508"}],"replies":[{"embeddable":true,"href":"https:\/\/www.uv.mx\/prensa\/wp-json\/wp\/v2\/comments?post=57665"}],"version-history":[{"count":0,"href":"https:\/\/www.uv.mx\/prensa\/wp-json\/wp\/v2\/posts\/57665\/revisions"}],"wp:featuredmedia":[{"embeddable":true,"href":"https:\/\/www.uv.mx\/prensa\/wp-json\/wp\/v2\/media\/57642"}],"wp:attachment":[{"href":"https:\/\/www.uv.mx\/prensa\/wp-json\/wp\/v2\/media?parent=57665"}],"wp:term":[{"taxonomy":"category","embeddable":true,"href":"https:\/\/www.uv.mx\/prensa\/wp-json\/wp\/v2\/categories?post=57665"},{"taxonomy":"post_tag","embeddable":true,"href":"https:\/\/www.uv.mx\/prensa\/wp-json\/wp\/v2\/tags?post=57665"}],"curies":[{"name":"wp","href":"https:\/\/api.w.org\/{rel}","templated":true}]}}