{"id":57602,"date":"2018-11-06T15:47:48","date_gmt":"2018-11-06T21:47:48","guid":{"rendered":"https:\/\/www.uv.mx\/prensa\/?p=57602"},"modified":"2018-11-07T14:21:22","modified_gmt":"2018-11-07T20:21:22","slug":"fcq-impulsa-formacion-integral-del-estudiante","status":"publish","type":"post","link":"https:\/\/www.uv.mx\/prensa\/regiones\/fcq-impulsa-formacion-integral-del-estudiante\/","title":{"rendered":"FCQ impulsa formaci\u00f3n integral del estudiante"},"content":{"rendered":"<div id=\"attachment_56843\" style=\"width: 489px\" class=\"wp-caption aligncenter\"><a href=\"https:\/\/www.uv.mx\/prensa\/files\/2018\/10\/221018-CECILIA-Integral1.jpg\"><img loading=\"lazy\" decoding=\"async\" aria-describedby=\"caption-attachment-56843\" class=\"size-full wp-image-56843\" src=\"https:\/\/www.uv.mx\/prensa\/files\/2018\/10\/221018-CECILIA-Integral1.jpg\" alt=\"\" width=\"479\" height=\"722\" srcset=\"https:\/\/www.uv.mx\/prensa\/files\/2018\/10\/221018-CECILIA-Integral1.jpg 479w, https:\/\/www.uv.mx\/prensa\/files\/2018\/10\/221018-CECILIA-Integral1-199x300.jpg 199w\" sizes=\"auto, (max-width: 479px) 100vw, 479px\" \/><\/a><p id=\"caption-attachment-56843\" class=\"wp-caption-text\">Milena Pav\u00f3n Remes, durante su participaci\u00f3n<\/p><\/div>\n<p>&nbsp;<\/p>\n<p><b><i>06\/11\/18, Coatzacoalcos, <\/i><\/b><b><i>Ver.-<\/i><\/b> La <a href=\"https:\/\/www.uv.mx\/coatza\/cq\/\">Facultad de Ciencias Qu\u00edmicas<\/a> (FCQ) de la Universidad Veracruzana (UV) realiz\u00f3 la 2da Semana de Formaci\u00f3n Integral del Estudiante, con la finalidad de formar profesionales y ciudadanos de calidad, con cultura y conciencia sobre el cuidado de la salud, del medio ambiente, de la seguridad y la importancia del deporte, entre otros aspectos.<\/p>\n<p>En la inauguraci\u00f3n del evento que se desarroll\u00f3 del 17 al 19 de octubre, se cont\u00f3 con la presencia de Carlos Lamothe Zavaleta, vicerrector de la regi\u00f3n Coatzacoalcos-Minatitl\u00e1n; Gabriel Z\u00e1rate Flores, director de la FCQ; Leticia Valencia Arg\u00fcelles, secretaria Acad\u00e9mica de la Facultad, as\u00ed como docentes y alumnos.<\/p>\n<p>En el mensaje de bienvenida, Z\u00e1rate Flores se\u00f1al\u00f3 que en la FCQ \u201cqueremos enriquecer la formaci\u00f3n integral de los estudiantes y que disfruten de los eventos\u201d.<\/p>\n<p>&nbsp;<\/p>\n<div id=\"attachment_56844\" style=\"width: 732px\" class=\"wp-caption aligncenter\"><a href=\"https:\/\/www.uv.mx\/prensa\/files\/2018\/10\/221018-CECILIA-Integral2.jpg\"><img loading=\"lazy\" decoding=\"async\" aria-describedby=\"caption-attachment-56844\" class=\"size-full wp-image-56844\" src=\"https:\/\/www.uv.mx\/prensa\/files\/2018\/10\/221018-CECILIA-Integral2.jpg\" alt=\"\" width=\"722\" height=\"542\" srcset=\"https:\/\/www.uv.mx\/prensa\/files\/2018\/10\/221018-CECILIA-Integral2.jpg 722w, https:\/\/www.uv.mx\/prensa\/files\/2018\/10\/221018-CECILIA-Integral2-300x225.jpg 300w\" sizes=\"auto, (max-width: 722px) 100vw, 722px\" \/><\/a><p id=\"caption-attachment-56844\" class=\"wp-caption-text\">Luis Alberto Ruiz Ram\u00edrez, presidente de Coatza VIHve, A.C.<\/p><\/div>\n<p>&nbsp;<\/p>\n<p>En tanto, Lamothe Zavaleta enfatiz\u00f3 que la UV tiene el compromiso de formar al estudiante de manera integral, \u201ccelebremos el acceso a una educaci\u00f3n completa que invita a la reflexi\u00f3n sobre el cuidado de la salud, al an\u00e1lisis ante la discriminaci\u00f3n, a reconocer la riqueza cultural, entre otros aspectos que abarca el programa\u201d.<\/p>\n<p>Entre las actividades del evento se present\u00f3 la <i>G<\/i><i>u\u00eda universitaria a favor de la <\/i><i>no<\/i><i> discriminaci\u00f3n<\/i>, a cargo de la catedr\u00e1tica Milena Pav\u00f3n Remes; aplicaci\u00f3n de pruebas r\u00e1pidas de VIH, por la Direcci\u00f3n M\u00e9dica Municipal; concurso de talentos; muestras de bailes de sal\u00f3n, por los Talleres Libres de Arte; uso correcto del cond\u00f3n y prevenci\u00f3n de VIH, por Luis Alberto Ruiz Ram\u00edrez, presidente de Coatza VIHve, A.C.; torneo rel\u00e1mpago de futbol, a cargo de Jaime Serena Rebolledo, coordinador de actividades deportivas; y un taller sobre cultura financiera, por Celso Castro D\u00edaz.<\/p>\n<p>&nbsp;<\/p>\n<div id=\"attachment_56845\" style=\"width: 732px\" class=\"wp-caption aligncenter\"><a href=\"https:\/\/www.uv.mx\/prensa\/files\/2018\/10\/221018-CECILIA-Integral3.jpg\"><img loading=\"lazy\" decoding=\"async\" aria-describedby=\"caption-attachment-56845\" class=\"size-full wp-image-56845\" src=\"https:\/\/www.uv.mx\/prensa\/files\/2018\/10\/221018-CECILIA-Integral3.jpg\" alt=\"\" width=\"722\" height=\"481\" srcset=\"https:\/\/www.uv.mx\/prensa\/files\/2018\/10\/221018-CECILIA-Integral3.jpg 722w, https:\/\/www.uv.mx\/prensa\/files\/2018\/10\/221018-CECILIA-Integral3-300x200.jpg 300w\" sizes=\"auto, (max-width: 722px) 100vw, 722px\" \/><\/a><p id=\"caption-attachment-56845\" class=\"wp-caption-text\">Toma de pruebas r\u00e1pidas de VIH<\/p><\/div>\n","protected":false},"excerpt":{"rendered":"<p>La Facultad de Ciencias Qu\u00edmicas de Coatzacoalcos realiz\u00f3 actividades para fomentar el cuidado de la salud y el medio ambiente, entre otros aspectos <\/p>\n","protected":false},"author":1869,"featured_media":56843,"comment_status":"closed","ping_status":"closed","sticky":false,"template":"","format":"standard","meta":{"footnotes":""},"categories":[52,32],"tags":[],"class_list":["post-57602","post","type-post","status-publish","format-standard","has-post-thumbnail","hentry","category-coatzacoalcos","category-regiones"],"_links":{"self":[{"href":"https:\/\/www.uv.mx\/prensa\/wp-json\/wp\/v2\/posts\/57602","targetHints":{"allow":["GET"]}}],"collection":[{"href":"https:\/\/www.uv.mx\/prensa\/wp-json\/wp\/v2\/posts"}],"about":[{"href":"https:\/\/www.uv.mx\/prensa\/wp-json\/wp\/v2\/types\/post"}],"author":[{"embeddable":true,"href":"https:\/\/www.uv.mx\/prensa\/wp-json\/wp\/v2\/users\/1869"}],"replies":[{"embeddable":true,"href":"https:\/\/www.uv.mx\/prensa\/wp-json\/wp\/v2\/comments?post=57602"}],"version-history":[{"count":0,"href":"https:\/\/www.uv.mx\/prensa\/wp-json\/wp\/v2\/posts\/57602\/revisions"}],"wp:featuredmedia":[{"embeddable":true,"href":"https:\/\/www.uv.mx\/prensa\/wp-json\/wp\/v2\/media\/56843"}],"wp:attachment":[{"href":"https:\/\/www.uv.mx\/prensa\/wp-json\/wp\/v2\/media?parent=57602"}],"wp:term":[{"taxonomy":"category","embeddable":true,"href":"https:\/\/www.uv.mx\/prensa\/wp-json\/wp\/v2\/categories?post=57602"},{"taxonomy":"post_tag","embeddable":true,"href":"https:\/\/www.uv.mx\/prensa\/wp-json\/wp\/v2\/tags?post=57602"}],"curies":[{"name":"wp","href":"https:\/\/api.w.org\/{rel}","templated":true}]}}