{"id":57535,"date":"2018-11-05T17:45:36","date_gmt":"2018-11-05T23:45:36","guid":{"rendered":"https:\/\/www.uv.mx\/prensa\/?p=57535"},"modified":"2018-11-06T11:27:23","modified_gmt":"2018-11-06T17:27:23","slug":"uv-firmo-convenio-con-ayuntamientos-de-coatzacoalcos-e-ixhuatlan-del-sureste","status":"publish","type":"post","link":"https:\/\/www.uv.mx\/prensa\/regiones\/coatzacoalcos\/uv-firmo-convenio-con-ayuntamientos-de-coatzacoalcos-e-ixhuatlan-del-sureste\/","title":{"rendered":"UV firm\u00f3 convenio con ayuntamientos de Coatzacoalcos e Ixhuatl\u00e1n del Sureste"},"content":{"rendered":"<ul>\n<li><i>El objetivo es desarrollar acciones en materia de gesti\u00f3n municipal, medio ambiente, desarrollo sustentable, vialidad, difusi\u00f3n cultural, d<\/i><i>esarrollo comunitario y salud<\/i><\/li>\n<li><i>Los alcaldes Wilbert Luis y Manuel Carranza coincidieron al decir que esto permitir\u00e1 el cre<\/i><i>cimiento econ\u00f3mico de la regi\u00f3n<\/i><\/li>\n<\/ul>\n<p>&nbsp;<\/p>\n<div id=\"attachment_57519\" style=\"width: 732px\" class=\"wp-caption aligncenter\"><a href=\"https:\/\/www.uv.mx\/prensa\/files\/2017\/07\/banner_foto1.jpg\"><img loading=\"lazy\" decoding=\"async\" aria-describedby=\"caption-attachment-57519\" class=\"size-full wp-image-57519\" src=\"https:\/\/www.uv.mx\/prensa\/files\/2017\/07\/banner_foto1.jpg\" alt=\"\" width=\"722\" height=\"481\" srcset=\"https:\/\/www.uv.mx\/prensa\/files\/2017\/07\/banner_foto1.jpg 722w, https:\/\/www.uv.mx\/prensa\/files\/2017\/07\/banner_foto1-300x200.jpg 300w\" sizes=\"auto, (max-width: 722px) 100vw, 722px\" \/><\/a><p id=\"caption-attachment-57519\" class=\"wp-caption-text\">Autoridades municipales y universitarias en la Facultad de Ingenier\u00eda de Coatzacoalcos<\/p><\/div>\n<p>&nbsp;<\/p>\n<p><b><i>Paola Cort\u00e9s P\u00e9rez<\/i><\/b><\/p>\n<p><b><i>05\/11\/18<\/i><\/b><b><i>,<\/i><\/b><b><i> Coatzacoalcos, Ver.-<\/i><\/b> La Universidad Veracruzana (UV) firm\u00f3 convenios generales de colaboraci\u00f3n con los ayuntamientos de Coatzacoalcos e Ixhuatl\u00e1n de Sureste, mediante los cuales se desarrollar\u00e1n acciones en materia de gesti\u00f3n municipal, medio ambiente, desarrollo sustentable, vialidad, difusi\u00f3n cultural, desarrollo comunitario y salud.<\/p>\n<p>La ceremonia se llev\u00f3 a cabo este lunes en la Facultad de Ingenier\u00eda de esta ciudad, encabezada por la rectora de la UV, Sara Ladr\u00f3n de Guevara, y los presidentes municipales de Coatzacoalcos, V\u00edctor Manuel Carranza Rosaldo, y de Ixhuatl\u00e1n del Sureste, Wilbert Luis Luis.<\/p>\n<p>En su mensaje, la Rectora dijo que los nuevos tiempos p\u00fablicos, se\u00f1alados por los relevos en la Legislatura local, la gubernatura y la presidencia, implican un fuerte compromiso para las instituciones, sobre todo las de educaci\u00f3n p\u00fablica, as\u00ed como para los municipios, imposible de encarar exitosamente de forma individual.<\/p>\n<p>Expres\u00f3 que los nuevos \u00e9xitos ser\u00e1n factibles de escribirse en la medida en que las instituciones, el sector privado y la sociedad sumen fortalezas en una nueva sinergia de cambio social.<\/p>\n<p>&nbsp;<\/p>\n<div id='gallery-1' class='gallery galleryid-57535 gallery-columns-2 gallery-size-full'><dl class='gallery-item'>\n\t\t\t<dt class='gallery-icon landscape'>\n\t\t\t\t<a href='https:\/\/www.uv.mx\/prensa\/files\/2018\/11\/foto2_IXHUA.jpg'><img loading=\"lazy\" decoding=\"async\" width=\"722\" height=\"481\" src=\"https:\/\/www.uv.mx\/prensa\/files\/2018\/11\/foto2_IXHUA.jpg\" class=\"attachment-full size-full\" alt=\"\" aria-describedby=\"gallery-1-57518\" srcset=\"https:\/\/www.uv.mx\/prensa\/files\/2018\/11\/foto2_IXHUA.jpg 722w, https:\/\/www.uv.mx\/prensa\/files\/2018\/11\/foto2_IXHUA-300x200.jpg 300w\" sizes=\"auto, (max-width: 722px) 100vw, 722px\" \/><\/a>\n\t\t\t<\/dt>\n\t\t\t\t<dd class='wp-caption-text gallery-caption' id='gallery-1-57518'>\n\t\t\t\tLa Rectora y el Alcalde de Ixhuatl\u00e1n del Sureste\n\t\t\t\t<\/dd><\/dl><dl class='gallery-item'>\n\t\t\t<dt class='gallery-icon landscape'>\n\t\t\t\t<a href='https:\/\/www.uv.mx\/prensa\/files\/2018\/11\/foto3_alcalde.jpg'><img loading=\"lazy\" decoding=\"async\" width=\"722\" height=\"481\" src=\"https:\/\/www.uv.mx\/prensa\/files\/2018\/11\/foto3_alcalde.jpg\" class=\"attachment-full size-full\" alt=\"\" aria-describedby=\"gallery-1-57515\" srcset=\"https:\/\/www.uv.mx\/prensa\/files\/2018\/11\/foto3_alcalde.jpg 722w, https:\/\/www.uv.mx\/prensa\/files\/2018\/11\/foto3_alcalde-300x200.jpg 300w\" sizes=\"auto, (max-width: 722px) 100vw, 722px\" \/><\/a>\n\t\t\t<\/dt>\n\t\t\t\t<dd class='wp-caption-text gallery-caption' id='gallery-1-57515'>\n\t\t\t\tWilbert Luis Luis destac\u00f3 los beneficios del convenio\n\t\t\t\t<\/dd><\/dl><br style=\"clear: both\" \/>\n\t\t<\/div>\n\n<p>&nbsp;<\/p>\n<p>Por su parte, Wilbert Luis dijo que este convenio permitir\u00e1 detonar econ\u00f3micamente a la regi\u00f3n, lo que redundar\u00e1 en beneficios para los habitantes y la Universidad.<\/p>\n<p>En tanto, V\u00edctor Manuel Carranza coment\u00f3 que este convenio permitir\u00e1 formar recursos humanos altamente calificados que incidan en el desarrollo econ\u00f3mico de la regi\u00f3n, al participar en proyectos contemplados a corto, mediano y largo plazo.<\/p>\n<p>La ceremonia de firma de convenio cont\u00f3 con la presencia de la secretaria Acad\u00e9mica, Magdalena Hern\u00e1ndez Alarc\u00f3n; el secretario de Administraci\u00f3n y Finanzas, Salvador Tapia Spinoso; el secretario de Desarrollo Institucional, Octavio Contreras Ochoa; la directora general de Vinculaci\u00f3n, Beatriz Rodr\u00edguez Villafuerte, y la directora general de Desarrollo Acad\u00e9mico e Innovaci\u00f3n Educativa, Liliana Betancourt Trevedhan. Tambi\u00e9n estuvieron el vicerrector\u00a0Carlos Lamothe Zavaleta y los titulares regionales de las secretar\u00edas Acad\u00e9mica y de Administraci\u00f3n y Finanzas, Florentino Cruz Ram\u00edrez y Mar\u00eda In\u00e9s Quevedo L\u00f3pez, respectivamente.<\/p>\n<p>Por parte de los ayuntamientos asistieron la s\u00edndica de Coatzacoalcos, Yazm\u00edn Mart\u00ednez Irigoyen; la s\u00edndica de Ixhuatl\u00e1n del Sureste, Mar\u00eda Isabel Santiago Cruz; el presidente de la Asociaci\u00f3n de Industriales del Estado de Veracruz, Claudio Gerardo Velasco Martell, y el presidente del Consejo Coordinador Empresarial de Coatzacoalcos, Magu\u00edn Javier M\u00e9ndez Gayt\u00e1n.<\/p>\n<p>&nbsp;<\/p>\n<div id='gallery-2' class='gallery galleryid-57535 gallery-columns-2 gallery-size-full'><dl class='gallery-item'>\n\t\t\t<dt class='gallery-icon landscape'>\n\t\t\t\t<a href='https:\/\/www.uv.mx\/prensa\/files\/2018\/11\/foto4_coatza.jpg'><img loading=\"lazy\" decoding=\"async\" width=\"722\" height=\"481\" src=\"https:\/\/www.uv.mx\/prensa\/files\/2018\/11\/foto4_coatza.jpg\" class=\"attachment-full size-full\" alt=\"\" aria-describedby=\"gallery-2-57516\" srcset=\"https:\/\/www.uv.mx\/prensa\/files\/2018\/11\/foto4_coatza.jpg 722w, https:\/\/www.uv.mx\/prensa\/files\/2018\/11\/foto4_coatza-300x200.jpg 300w\" sizes=\"auto, (max-width: 722px) 100vw, 722px\" \/><\/a>\n\t\t\t<\/dt>\n\t\t\t\t<dd class='wp-caption-text gallery-caption' id='gallery-2-57516'>\n\t\t\t\tEl acuerdo entre el Ayuntamiento de Coatzacoalcos y la UV permitir\u00e1 formar recursos humanos altamente calificados \n\t\t\t\t<\/dd><\/dl><dl class='gallery-item'>\n\t\t\t<dt class='gallery-icon landscape'>\n\t\t\t\t<a href='https:\/\/www.uv.mx\/prensa\/files\/2016\/04\/foto5.jpg'><img loading=\"lazy\" decoding=\"async\" width=\"722\" height=\"481\" src=\"https:\/\/www.uv.mx\/prensa\/files\/2016\/04\/foto5.jpg\" class=\"attachment-full size-full\" alt=\"\" aria-describedby=\"gallery-2-57517\" srcset=\"https:\/\/www.uv.mx\/prensa\/files\/2016\/04\/foto5.jpg 722w, https:\/\/www.uv.mx\/prensa\/files\/2016\/04\/foto5-300x200.jpg 300w\" sizes=\"auto, (max-width: 722px) 100vw, 722px\" \/><\/a>\n\t\t\t<\/dt>\n\t\t\t\t<dd class='wp-caption-text gallery-caption' id='gallery-2-57517'>\n\t\t\t\tV\u00edctor Manuel Carranza Rosaldo, presidente municipal de Coatzacoalcos, con autoridades universitarias\n\t\t\t\t<\/dd><\/dl><br style=\"clear: both\" \/>\n\t\t<\/div>\n\n","protected":false},"excerpt":{"rendered":"<p>Autoridades universitarias y municipales convinieron en que la academia, el sector privado y la sociedad sumen fortalezas en una nueva sinergia de cambio social<\/p>\n","protected":false},"author":1508,"featured_media":57520,"comment_status":"closed","ping_status":"closed","sticky":false,"template":"","format":"standard","meta":{"footnotes":""},"categories":[52,61],"tags":[],"class_list":["post-57535","post","type-post","status-publish","format-standard","has-post-thumbnail","hentry","category-coatzacoalcos","category-banner"],"_links":{"self":[{"href":"https:\/\/www.uv.mx\/prensa\/wp-json\/wp\/v2\/posts\/57535","targetHints":{"allow":["GET"]}}],"collection":[{"href":"https:\/\/www.uv.mx\/prensa\/wp-json\/wp\/v2\/posts"}],"about":[{"href":"https:\/\/www.uv.mx\/prensa\/wp-json\/wp\/v2\/types\/post"}],"author":[{"embeddable":true,"href":"https:\/\/www.uv.mx\/prensa\/wp-json\/wp\/v2\/users\/1508"}],"replies":[{"embeddable":true,"href":"https:\/\/www.uv.mx\/prensa\/wp-json\/wp\/v2\/comments?post=57535"}],"version-history":[{"count":0,"href":"https:\/\/www.uv.mx\/prensa\/wp-json\/wp\/v2\/posts\/57535\/revisions"}],"wp:featuredmedia":[{"embeddable":true,"href":"https:\/\/www.uv.mx\/prensa\/wp-json\/wp\/v2\/media\/57520"}],"wp:attachment":[{"href":"https:\/\/www.uv.mx\/prensa\/wp-json\/wp\/v2\/media?parent=57535"}],"wp:term":[{"taxonomy":"category","embeddable":true,"href":"https:\/\/www.uv.mx\/prensa\/wp-json\/wp\/v2\/categories?post=57535"},{"taxonomy":"post_tag","embeddable":true,"href":"https:\/\/www.uv.mx\/prensa\/wp-json\/wp\/v2\/tags?post=57535"}],"curies":[{"name":"wp","href":"https:\/\/api.w.org\/{rel}","templated":true}]}}