{"id":57508,"date":"2018-11-05T15:45:26","date_gmt":"2018-11-05T21:45:26","guid":{"rendered":"https:\/\/www.uv.mx\/prensa\/?p=57508"},"modified":"2018-11-06T13:44:14","modified_gmt":"2018-11-06T19:44:14","slug":"salud-y-bienestar-valores-estrategicos-en-una-universidad","status":"publish","type":"post","link":"https:\/\/www.uv.mx\/prensa\/general\/salud-y-bienestar-valores-estrategicos-en-una-universidad\/","title":{"rendered":"Salud y bienestar, valores estrat\u00e9gicos en una universidad"},"content":{"rendered":"<ul>\n<li><i>\u201c<\/i><i>La salud debe ser uno de los ejes rectores<\/i><i>\u201d, expuso Francisco Javier Jim\u00e9nez Aponte<\/i><\/li>\n<li><i>El acad\u00e9mico de la Facultad de Psicolog\u00eda de la UV imparti\u00f3 una ponencia sobre este tema<\/i><i>, <\/i><i>e<\/i><i>n la c<\/i><i>lausura del Primer Foro de Promoci\u00f3n de la Salud para Espacios Laborales<\/i><\/li>\n<\/ul>\n<p>&nbsp;<\/p>\n<div id=\"attachment_57478\" style=\"width: 732px\" class=\"wp-caption aligncenter\"><a href=\"https:\/\/www.uv.mx\/prensa\/files\/2018\/11\/311018-UNIVERSIDAD-SALUDABLE-1.jpg\"><img loading=\"lazy\" decoding=\"async\" aria-describedby=\"caption-attachment-57478\" class=\"size-full wp-image-57478\" src=\"https:\/\/www.uv.mx\/prensa\/files\/2018\/11\/311018-UNIVERSIDAD-SALUDABLE-1.jpg\" alt=\"\" width=\"722\" height=\"557\" srcset=\"https:\/\/www.uv.mx\/prensa\/files\/2018\/11\/311018-UNIVERSIDAD-SALUDABLE-1.jpg 722w, https:\/\/www.uv.mx\/prensa\/files\/2018\/11\/311018-UNIVERSIDAD-SALUDABLE-1-300x231.jpg 300w\" sizes=\"auto, (max-width: 722px) 100vw, 722px\" \/><\/a><p id=\"caption-attachment-57478\" class=\"wp-caption-text\">Francisco Javier Jim\u00e9nez Aponte imparti\u00f3 la conferencia \u201cUniversidad saludable: bienestar y calidad de vida laboral\u201d<\/p><\/div>\n<p>&nbsp;<\/p>\n<p><b><i>Claudia Peralta V\u00e1zquez<\/i><\/b><\/p>\n<p><b><i>05<\/i><\/b><b><i>\/<\/i><\/b><b><i>11<\/i><\/b><b><i>\/<\/i><\/b><b><i>18, Xalapa, Ver.- <\/i><\/b>Para que una instituci\u00f3n sea saludable se deben generar l\u00edneas de desarrollo organizacional y buenas pr\u00e1cticas para una gesti\u00f3n integral de salud, destac\u00f3 Francisco Javier Jim\u00e9nez Aponte, acad\u00e9mico de la <a href=\"https:\/\/www.uv.mx\/psicologia\/\">Facultad de Psicolog\u00eda de la Universidad Veracruzana<\/a> (UV).<\/p>\n<p>\u201cUniversidad saludable: bienestar y calidad de vida laboral\u201d, fue el tema que el especialista imparti\u00f3 el mi\u00e9rcoles 31 de octubre, en la clausura del Primer Foro de Promoci\u00f3n de la Salud para Espacios Laborales.<\/p>\n<p>Durante el evento, que fue clausurado por Mar\u00eda del Roc\u00edo Salado P\u00e9rez, coordinadora del Sistema de Atenci\u00f3n Integral a la Salud (SAISUV), resalt\u00f3 que esas l\u00edneas de desarrollo organizacional implican poner a la salud y al bienestar como valores estrat\u00e9gicos.<\/p>\n<p>\u201cEs una convicci\u00f3n respecto a lo que nos conducir\u00e1 al \u00e9xito\u201d, expres\u00f3 a los asistentes a esta jornada que inici\u00f3 el martes 30 de octubre, la cual fue organizada por la Secretar\u00eda de Administraci\u00f3n y Finanzas (SAF) de la m\u00e1xima casa de estudios.<\/p>\n<p>Si verdaderamente estamos convencidos de que con la salud como organizaci\u00f3n lograremos mayor \u00e9xito, entonces esto se convertir\u00e1 en un valor estrat\u00e9gico para la Universidad, enfatiz\u00f3 durante la conferencia efectuada en la sala de videoconferencias de la Unidad de Servicios Bibliotecarios y de Informaci\u00f3n (USBI).<\/p>\n<p>&nbsp;<\/p>\n<div id=\"attachment_57492\" style=\"width: 732px\" class=\"wp-caption aligncenter\"><a href=\"https:\/\/www.uv.mx\/prensa\/files\/2018\/11\/311018-UNIVERSIDAD-SALUDABLE-2.jpg\"><img loading=\"lazy\" decoding=\"async\" aria-describedby=\"caption-attachment-57492\" class=\"size-full wp-image-57492\" src=\"https:\/\/www.uv.mx\/prensa\/files\/2018\/11\/311018-UNIVERSIDAD-SALUDABLE-2.jpg\" alt=\"\" width=\"722\" height=\"482\" srcset=\"https:\/\/www.uv.mx\/prensa\/files\/2018\/11\/311018-UNIVERSIDAD-SALUDABLE-2.jpg 722w, https:\/\/www.uv.mx\/prensa\/files\/2018\/11\/311018-UNIVERSIDAD-SALUDABLE-2-300x200.jpg 300w\" sizes=\"auto, (max-width: 722px) 100vw, 722px\" \/><\/a><p id=\"caption-attachment-57492\" class=\"wp-caption-text\">Mar\u00eda del Roc\u00edo Salado P\u00e9rez clausur\u00f3 las actividades del Primer Foro de Promoci\u00f3n de la Salud para Espacios Laborales<\/p><\/div>\n<p>&nbsp;<\/p>\n<p>En este sentido, propuso que la salud sea de uno de los ejes rectores de la Universidad y sea tomada en cuenta en todas las decisiones y en todos los niveles, tanto directivos como mandos medios.<\/p>\n<p>Manifest\u00f3 que cuando una organizaci\u00f3n verdaderamente apuesta por la salud significa que est\u00e1 en igual nivel de correspondencia y de valor con otras exigencias. \u201cEsto nos lleva a generar o crear ambientes de trabajo inspiradores donde se nos presenten proyectos y desaf\u00edos\u201d.<\/p>\n<p>Al respecto, coment\u00f3 que en algunas instituciones ya est\u00e1n transitando de la descripci\u00f3n de puestos y actividades al trabajo por proyectos, ya que \u00e9stos presentan desaf\u00edos y extraen lo mejor de la persona, contrario a cuando las labores ya se tienen dominadas.<\/p>\n<p>Asimismo, es indispensable hacer que los colaboradores se sientan vivos, vitales y establezcan relaciones sanas con el entorno. \u201cSi logramos todo eso, los servicios que se ofrezcan a la sociedad ser\u00e1n saludables\u201d, puntualiz\u00f3.<\/p>\n<p>Una organizaci\u00f3n saludable potencia las capacidades y talentos, es decir, trabaja con el talento humano, no con recursos humanos, sino con competencias y capital intelectual.<\/p>\n<p>Al concluir su charla, expuso que una organizaci\u00f3n saludable y positiva aprecia la salud como un valor estrat\u00e9gico, por lo que no s\u00f3lo cuida el bienestar del trabajador dentro del ambiente laboral, sino que reconoce que hay un impacto en la comunidad.<\/p>\n<p>En resumen, precis\u00f3 que una organizaci\u00f3n saludable y positiva potencia las capacidades y talentos, favorece el desarrollo de capital humano, social y psicol\u00f3gico, mejora el sentido de pertenencia, contribuye a dar sentido a lo que hacemos y no le basta con no ser una organizaci\u00f3n t\u00f3xica.<\/p>\n<p>&nbsp;<\/p>\n<div id=\"attachment_57479\" style=\"width: 732px\" class=\"wp-caption aligncenter\"><a href=\"https:\/\/www.uv.mx\/prensa\/files\/2018\/11\/311018-UNIVERSIDAD-SALUDABLE-3.jpg\"><img loading=\"lazy\" decoding=\"async\" aria-describedby=\"caption-attachment-57479\" class=\"size-full wp-image-57479\" src=\"https:\/\/www.uv.mx\/prensa\/files\/2018\/11\/311018-UNIVERSIDAD-SALUDABLE-3.jpg\" alt=\"\" width=\"722\" height=\"482\" srcset=\"https:\/\/www.uv.mx\/prensa\/files\/2018\/11\/311018-UNIVERSIDAD-SALUDABLE-3.jpg 722w, https:\/\/www.uv.mx\/prensa\/files\/2018\/11\/311018-UNIVERSIDAD-SALUDABLE-3-300x200.jpg 300w\" sizes=\"auto, (max-width: 722px) 100vw, 722px\" \/><\/a><p id=\"caption-attachment-57479\" class=\"wp-caption-text\">Asistentes a la clausura<\/p><\/div>\n","protected":false},"excerpt":{"rendered":"<p>Una organizaci\u00f3n saludable potencia las capacidades y talentos, destac\u00f3 Francisco Javier Jim\u00e9nez Aponte, acad\u00e9mico de la Facultad de Psicolog\u00eda <\/p>\n","protected":false},"author":1508,"featured_media":57478,"comment_status":"closed","ping_status":"closed","sticky":false,"template":"","format":"standard","meta":{"footnotes":""},"categories":[1],"tags":[],"class_list":["post-57508","post","type-post","status-publish","format-standard","has-post-thumbnail","hentry","category-general"],"_links":{"self":[{"href":"https:\/\/www.uv.mx\/prensa\/wp-json\/wp\/v2\/posts\/57508","targetHints":{"allow":["GET"]}}],"collection":[{"href":"https:\/\/www.uv.mx\/prensa\/wp-json\/wp\/v2\/posts"}],"about":[{"href":"https:\/\/www.uv.mx\/prensa\/wp-json\/wp\/v2\/types\/post"}],"author":[{"embeddable":true,"href":"https:\/\/www.uv.mx\/prensa\/wp-json\/wp\/v2\/users\/1508"}],"replies":[{"embeddable":true,"href":"https:\/\/www.uv.mx\/prensa\/wp-json\/wp\/v2\/comments?post=57508"}],"version-history":[{"count":0,"href":"https:\/\/www.uv.mx\/prensa\/wp-json\/wp\/v2\/posts\/57508\/revisions"}],"wp:featuredmedia":[{"embeddable":true,"href":"https:\/\/www.uv.mx\/prensa\/wp-json\/wp\/v2\/media\/57478"}],"wp:attachment":[{"href":"https:\/\/www.uv.mx\/prensa\/wp-json\/wp\/v2\/media?parent=57508"}],"wp:term":[{"taxonomy":"category","embeddable":true,"href":"https:\/\/www.uv.mx\/prensa\/wp-json\/wp\/v2\/categories?post=57508"},{"taxonomy":"post_tag","embeddable":true,"href":"https:\/\/www.uv.mx\/prensa\/wp-json\/wp\/v2\/tags?post=57508"}],"curies":[{"name":"wp","href":"https:\/\/api.w.org\/{rel}","templated":true}]}}