{"id":57449,"date":"2018-10-31T21:19:07","date_gmt":"2018-11-01T03:19:07","guid":{"rendered":"https:\/\/www.uv.mx\/prensa\/?p=57449"},"modified":"2018-10-31T21:19:07","modified_gmt":"2018-11-01T03:19:07","slug":"exitos-de-broadway-apoyara-al-programa-de-becas-de-fundacion-uv","status":"publish","type":"post","link":"https:\/\/www.uv.mx\/prensa\/banner\/exitos-de-broadway-apoyara-al-programa-de-becas-de-fundacion-uv\/","title":{"rendered":"<em>\u00c9xitos de Broadway<\/em> apoyar\u00e1 al Programa de Becas de Fundaci\u00f3n UV"},"content":{"rendered":"<ul>\n<li><i>El espect\u00e1culo musical se presentar\u00e1 el 17 de noviembre en Tlaqn\u00e1, con la Orquesta Universitaria de M\u00fasica Popular<\/i><span>\u00a0<\/span><\/li>\n<\/ul>\n<p>&nbsp;<\/p>\n<div id=\"attachment_57456\" style=\"width: 732px\" class=\"wp-caption aligncenter\"><a href=\"https:\/\/www.uv.mx\/prensa\/files\/2018\/10\/151018-KARINA-Broadway-1.jpg\"><img loading=\"lazy\" decoding=\"async\" aria-describedby=\"caption-attachment-57456\" class=\"wp-image-57456 size-full\" src=\"https:\/\/www.uv.mx\/prensa\/files\/2018\/10\/151018-KARINA-Broadway-1.jpg\" alt=\"\" width=\"722\" height=\"481\" srcset=\"https:\/\/www.uv.mx\/prensa\/files\/2018\/10\/151018-KARINA-Broadway-1.jpg 722w, https:\/\/www.uv.mx\/prensa\/files\/2018\/10\/151018-KARINA-Broadway-1-300x200.jpg 300w\" sizes=\"auto, (max-width: 722px) 100vw, 722px\" \/><\/a><p id=\"caption-attachment-57456\" class=\"wp-caption-text\">El Programa de Becas evita la deserci\u00f3n escolar: Mauricio Garc\u00eda<\/p><\/div>\n<p>&nbsp;<\/p>\n<p><b><i>Karina de la Paz Reyes D\u00edaz<\/i><\/b><span>\u00a0<\/span><\/p>\n<p><span>\u00a0<\/span><b><i>31\/10\/18, Xalapa, Ver.-<\/i><\/b> La Fundaci\u00f3n de la Universidad Veracruzana (UV), Asociaci\u00f3n Civil, en coordinaci\u00f3n con la Direcci\u00f3n General de Difusi\u00f3n Cultural, convoca al espect\u00e1culo <i>\u00c9xitos de Broadway <\/i>con la Orquesta Universitaria de M\u00fasica Popular (OUMP), cuya finalidad es apoyar el Programa de Beca de este organismo. La cita es el s\u00e1bado 17 de noviembre a las 19:00 horas, en Tlaqn\u00e1, Centro Cultural.<span>\u00a0<\/span><\/p>\n<p>Mauricio Garc\u00eda Vel\u00e1zquez, director de Desarrollo Institucional de la Fundaci\u00f3n UV, precis\u00f3 que el Comit\u00e9 de Becas de la regi\u00f3n Xalapa est\u00e1 interesado en continuar procurando fondos para beneficiar a m\u00e1s estudiantes de licenciatura que por falta de recursos est\u00e1n en riesgo de abandonar sus estudios.<span>\u00a0<\/span><\/p>\n<p>\u201cEl Programa de Becas incide directamente en que no haya deserci\u00f3n escolar. Lo tenemos desde que la Fundaci\u00f3n inici\u00f3 labores, hace m\u00e1s de 25 a\u00f1os, y lo mantenemos con mucho gusto, porque realmente se cambian vidas y lo hacemos posible gracias al apoyo de la gente.\u201d<span>\u00a0<\/span><\/p>\n<p>Remarc\u00f3 que la asistencia de la comunidad universitaria y p\u00fablico en general es lo que apoyar\u00e1 de manera sustantiva al Programa de Becas, toda vez que lo que se recupera de taquilla se destina de manera directa a tal rubro. \u201cLa asistencia es fundamental, solamente con el apoyo de la sociedad tendremos la sala llena y con eso vamos a beneficiar a muchos m\u00e1s muchachos\u201d.<span>\u00a0<\/span><\/p>\n<p>Garc\u00eda Vel\u00e1zquez destac\u00f3 que de tener la favorable respuesta que esperan de la comunidad universitaria y p\u00fablico en general, \u201cm\u00ednimo vamos a tener 15 estudiantes m\u00e1s que ser\u00e1n beneficiados; porque ya venimos haciendo acciones de procuraci\u00f3n de fondos y esta actividad es un extra que nos permite, adem\u00e1s de completar el presupuesto, obtener un poco m\u00e1s para beneficiar a m\u00e1s estudiantes (en el ciclo escolar que transcurre)\u201d.<span>\u00a0<\/span><\/p>\n<p>Por su parte, Rub\u00e9n Flores, titular de la OUMP, destac\u00f3 que a diferencia de otras presentaciones, el espect\u00e1culo <i>\u00c9xitos de Broadway<\/i> (cuya duraci\u00f3n es de alrededor de dos horas) tendr\u00e1 una serie de cantantes y escenas de musicales. \u201c\u00a1Ser\u00e1 muy lucidor!\u201d. Por si fuera poco, contar\u00e1 con la participaci\u00f3n de disc\u00edpulos del bar\u00edtono y tenor Armando Mora. \u201cDaremos un espect\u00e1culo de lujo: voces, m\u00fasica y danza\u201d.<span>\u00a0<\/span><\/p>\n<p>El entrevistado invit\u00f3 a la comunidad universitaria para que se unan a esta causa de procuraci\u00f3n de fondos para el Programa de Becas de la Fundaci\u00f3n UV, lo cual evita la deserci\u00f3n escolar.<span>\u00a0<\/span><\/p>\n<p>Pr\u00f3ximamente los boletos a la venta estar\u00e1n en Tlaqn\u00e1, Centro Cultural (en el Campus para la Cultura, las Artes y el Deporte), oficinas de la Fundaci\u00f3n UV (calle Veracruz n\u00famero 46, Fraccionamiento Pomona) y un par de sucursales de Asadero Cien (que est\u00e1n por definirse).<span>\u00a0<\/span><\/p>\n<p>Los costos son: balcones 200 pesos, palco elevado y bajo 220, y general A y B 250. Cabe citar que habr\u00e1 facilidades de pago: para la sociedad en general, tres y seis meses sin intereses en la compra de boletos con tarjeta <i>Citibanamex<\/i>, y adem\u00e1s se acepta pago con cualquier otra tarjeta de cr\u00e9dito o d\u00e9bito; para la comunidad universitaria estar\u00e1 disponible el descuento v\u00eda n\u00f3mina con s\u00f3lo llenar un formato y presentar credencial vigente como trabajador de la UV.<span>\u00a0<\/span><\/p>\n<p>\u201cPueden comprar hasta seis boletos y se descontar\u00e1n a partir de su adquisici\u00f3n y hasta la segunda quincena de diciembre\u201d, apunt\u00f3 Garc\u00eda Vel\u00e1zquez.<span>\u00a0<\/span><\/p>\n<p>&nbsp;<\/p>\n<div id=\"attachment_57454\" style=\"width: 732px\" class=\"wp-caption aligncenter\"><a href=\"https:\/\/www.uv.mx\/prensa\/files\/2018\/10\/151018-KARINA-Broadway-2.jpg\"><img loading=\"lazy\" decoding=\"async\" aria-describedby=\"caption-attachment-57454\" class=\"wp-image-57454 size-full\" src=\"https:\/\/www.uv.mx\/prensa\/files\/2018\/10\/151018-KARINA-Broadway-2.jpg\" alt=\"\" width=\"722\" height=\"481\" srcset=\"https:\/\/www.uv.mx\/prensa\/files\/2018\/10\/151018-KARINA-Broadway-2.jpg 722w, https:\/\/www.uv.mx\/prensa\/files\/2018\/10\/151018-KARINA-Broadway-2-300x200.jpg 300w\" sizes=\"auto, (max-width: 722px) 100vw, 722px\" \/><\/a><p id=\"caption-attachment-57454\" class=\"wp-caption-text\">Daremos un espect\u00e1culo de lujo: voces, m\u00fasica y danza: Rub\u00e9n Flores<\/p><\/div>\n","protected":false},"excerpt":{"rendered":"<p>El espect\u00e1culo musical se presentar\u00e1 el 17 de noviembre en Tlaqn\u00e1, con la Orquesta Universitaria de M\u00fasica Popular\u00a0<\/p>\n","protected":false},"author":1508,"featured_media":57450,"comment_status":"closed","ping_status":"closed","sticky":false,"template":"","format":"standard","meta":{"footnotes":""},"categories":[61],"tags":[],"class_list":["post-57449","post","type-post","status-publish","format-standard","has-post-thumbnail","hentry","category-banner"],"_links":{"self":[{"href":"https:\/\/www.uv.mx\/prensa\/wp-json\/wp\/v2\/posts\/57449","targetHints":{"allow":["GET"]}}],"collection":[{"href":"https:\/\/www.uv.mx\/prensa\/wp-json\/wp\/v2\/posts"}],"about":[{"href":"https:\/\/www.uv.mx\/prensa\/wp-json\/wp\/v2\/types\/post"}],"author":[{"embeddable":true,"href":"https:\/\/www.uv.mx\/prensa\/wp-json\/wp\/v2\/users\/1508"}],"replies":[{"embeddable":true,"href":"https:\/\/www.uv.mx\/prensa\/wp-json\/wp\/v2\/comments?post=57449"}],"version-history":[{"count":0,"href":"https:\/\/www.uv.mx\/prensa\/wp-json\/wp\/v2\/posts\/57449\/revisions"}],"wp:featuredmedia":[{"embeddable":true,"href":"https:\/\/www.uv.mx\/prensa\/wp-json\/wp\/v2\/media\/57450"}],"wp:attachment":[{"href":"https:\/\/www.uv.mx\/prensa\/wp-json\/wp\/v2\/media?parent=57449"}],"wp:term":[{"taxonomy":"category","embeddable":true,"href":"https:\/\/www.uv.mx\/prensa\/wp-json\/wp\/v2\/categories?post=57449"},{"taxonomy":"post_tag","embeddable":true,"href":"https:\/\/www.uv.mx\/prensa\/wp-json\/wp\/v2\/tags?post=57449"}],"curies":[{"name":"wp","href":"https:\/\/api.w.org\/{rel}","templated":true}]}}