{"id":57431,"date":"2018-10-31T20:13:12","date_gmt":"2018-11-01T02:13:12","guid":{"rendered":"https:\/\/www.uv.mx\/prensa\/?p=57431"},"modified":"2018-11-05T13:49:47","modified_gmt":"2018-11-05T19:49:47","slug":"uv-realizara-foro-agricultura-y-ciencia-retos-y-perspectivas","status":"publish","type":"post","link":"https:\/\/www.uv.mx\/prensa\/banner\/uv-realizara-foro-agricultura-y-ciencia-retos-y-perspectivas\/","title":{"rendered":"UV realizar\u00e1 Foro \u201cAgricultura y  ciencia. Retos y perspectivas\u201d"},"content":{"rendered":"<ul>\n<li><i>E<\/i><i>gresados de la Licenciatura en Ciencias Agr\u00edcolas que han destacado en el \u00e1mbito de la investigaci\u00f3n a nivel nacional e internacional<\/i><i> participar\u00e1n como ponentes<\/i><\/li>\n<li><i>Ser\u00e1 el 9 de noviembre en el foro de la Unidad de Servicios Bibliotecarios y de Informa<\/i><i>ci\u00f3n (USBI)<\/i><i>,<\/i><i> a partir de las 9:00<\/i><i> horas<\/i><\/li>\n<\/ul>\n<p>&nbsp;<\/p>\n<div id=\"attachment_57433\" style=\"width: 732px\" class=\"wp-caption aligncenter\"><a href=\"https:\/\/www.uv.mx\/prensa\/files\/2018\/10\/311018-Dora-Trejo-foro-Agricultura-y-ciencia.jpg\"><img loading=\"lazy\" decoding=\"async\" aria-describedby=\"caption-attachment-57433\" class=\"size-full wp-image-57433\" src=\"https:\/\/www.uv.mx\/prensa\/files\/2018\/10\/311018-Dora-Trejo-foro-Agricultura-y-ciencia.jpg\" alt=\"\" width=\"722\" height=\"482\" srcset=\"https:\/\/www.uv.mx\/prensa\/files\/2018\/10\/311018-Dora-Trejo-foro-Agricultura-y-ciencia.jpg 722w, https:\/\/www.uv.mx\/prensa\/files\/2018\/10\/311018-Dora-Trejo-foro-Agricultura-y-ciencia-300x200.jpg 300w\" sizes=\"auto, (max-width: 722px) 100vw, 722px\" \/><\/a><p id=\"caption-attachment-57433\" class=\"wp-caption-text\">Wendy Sangabriel, Dora Trejo y Yajaira Baeza dieron a conocer los detalles del Foro \u201cAgricultura y ciencia. Retos y perspectivas\u201d<\/p><\/div>\n<p>&nbsp;<\/p>\n<p><b><i>David Sandoval Rodr\u00edguez<\/i><\/b><\/p>\n<p><b><i>31\/10\/18, Xalapa, <\/i><\/b><b><i>Ver.-<\/i><\/b> Con el prop\u00f3sito de incentivar el inter\u00e9s en la investigaci\u00f3n entre los estudiantes de licenciatura, el cuerpo acad\u00e9mico (CA) Biotecnolog\u00eda, Biodiversidad y Manejo de los Recursos Naturales, adscrito a la <a href=\"https:\/\/www.uv.mx\/agronomia\/\">Facultad de Ciencias Agr\u00edcolas de la Universidad Veracruzana<\/a> (UV), realizar\u00e1 el Foro \u201cAgricultura y ciencia. Retos y perspectivas\u201d el viernes 9 de noviembre en el foro de la Unidad de Servicios Bibliotecarios y de Informaci\u00f3n (USBI).<\/p>\n<p>El evento iniciar\u00e1 a las 9:00 horas y ser\u00e1 un encuentro de investigadores del Colegio de Posgraduados (<i>C<\/i><i>olpos<\/i>) y la UV, enfocado a presentar trabajos relativos a la biotecnolog\u00eda y suelo, expres\u00f3 Dora Trejo Aguilar, investigadora y acad\u00e9mica de la Facultad.<\/p>\n<p>\u201cTen\u00edamos la inquietud de contactar a egresados de Ciencias Agr\u00edcolas que actualmente son investigadores nacionales y los invitamos para que participen en este foro, que ser\u00e1 el inicio de varios bloques de actividades que haremos con ellos\u201d, abund\u00f3.<\/p>\n<p>El prop\u00f3sito es que muestren a los estudiantes de licenciatura sus investigaciones y sirvan como una motivaci\u00f3n para ellos, incluso se contempla la posibilidad de involucrarlos en sus trabajos recepcionales u opciones de cursar un posgrado.<\/p>\n<p>Algunos de los egresados han ocupado cargos importantes en instituciones de referencia para la agricultura en M\u00e9xico como el <i>Col<\/i><i>pos<\/i>, uno de ellos fue su director de investigaci\u00f3n y otro es actualmente director de educaci\u00f3n, todos ellos cursaron su posgrado en el mismo colegio.<\/p>\n<p>\u201cActualmente en nuestro pa\u00eds y en el mundo hay un especial inter\u00e9s en desarrollar investigaci\u00f3n biotecnol\u00f3gica con un enfoque aplicado; el agro mexicano est\u00e1 pasando por una serie de problemas que es necesario atender y consideramos que los ponentes que estar\u00e1n en este foro desarrollan investigaci\u00f3n de punta y con un enfoque aplicado, siempre orientado a tratar de resolver alguna problem\u00e1tica que se est\u00e9 presentando\u201d, coment\u00f3 la acad\u00e9mica Wendy Sangabriel Conde.<\/p>\n<p>Agreg\u00f3 que este ejercicio acad\u00e9mico puede convertirse en un gran aliciente para los j\u00f3venes que se est\u00e1n formando, ya que podr\u00e1n constatar que es posible \u201cdesarrollar investigaci\u00f3n de calidad y adem\u00e1s se pueden insertar en diferentes instituciones de reconocido prestigio, es posible que puedan ser investigadores a futuro\u201d.<\/p>\n<p>El evento, enfocado a los estudiantes del \u00c1rea Acad\u00e9mica de Ciencias Biol\u00f3gicas y Agropecuarias, est\u00e1 abierto al p\u00fablico en general para mostrar lo que se est\u00e1 haciendo en M\u00e9xico y c\u00f3mo estas tecnolog\u00edas pueden resolver problemas actuales, dijo Yajaira Baeza Guzm\u00e1n, profesora de la Facultad.<\/p>\n<p>Las actividades del foro iniciar\u00e1n a las 9:00 horas con la bienvenida a cargo de Dora Trejo Aguilar y a continuaci\u00f3n se presentar\u00e1n cuatro conferencias: \u201cEl fosfito como bioestimulante agr\u00edcola\u201d, a cargo de Libia Trejo-T\u00e9llez a las 10:00 horas.<\/p>\n<p>\u201cLa biotecnolog\u00eda en la recuperaci\u00f3n de ecosistemas\u201d, por Elizabeth Hern\u00e1ndez Acosta a las 10:40 horas, y a las 11:40 Fernando G\u00f3mez Merino impartir\u00e1 la conferencia \u201cBioestimulaci\u00f3n a trav\u00e9s de elementos ben\u00e9ficos\u201d, a las 12:00 Alejandro Alarc\u00f3n abordar\u00e1 la \u201cImportancia de los microorganismos en la remediaci\u00f3n de suelos contaminados con compuestos org\u00e1nicos e inorg\u00e1nicos\u201d.<\/p>\n<p>Al finalizar, en punto de las 13:00 horas, Rosario Medel Ortiz moderar\u00e1 una mesa de discusi\u00f3n donde se abordar\u00e1n los resultados expuestos.<\/p>\n","protected":false},"excerpt":{"rendered":"<p>Wendy Sangabriel, Dora Trejo y Yajaira Baeza dieron a conocer los detalles; el evento ser\u00e1 el 9 de noviembre en la Unidad de Servicios Bibliotecarios y de Informaci\u00f3n, a partir de las 9:00 horas<\/p>\n","protected":false},"author":1508,"featured_media":57432,"comment_status":"closed","ping_status":"closed","sticky":false,"template":"","format":"standard","meta":{"footnotes":""},"categories":[61],"tags":[],"class_list":["post-57431","post","type-post","status-publish","format-standard","has-post-thumbnail","hentry","category-banner"],"_links":{"self":[{"href":"https:\/\/www.uv.mx\/prensa\/wp-json\/wp\/v2\/posts\/57431","targetHints":{"allow":["GET"]}}],"collection":[{"href":"https:\/\/www.uv.mx\/prensa\/wp-json\/wp\/v2\/posts"}],"about":[{"href":"https:\/\/www.uv.mx\/prensa\/wp-json\/wp\/v2\/types\/post"}],"author":[{"embeddable":true,"href":"https:\/\/www.uv.mx\/prensa\/wp-json\/wp\/v2\/users\/1508"}],"replies":[{"embeddable":true,"href":"https:\/\/www.uv.mx\/prensa\/wp-json\/wp\/v2\/comments?post=57431"}],"version-history":[{"count":0,"href":"https:\/\/www.uv.mx\/prensa\/wp-json\/wp\/v2\/posts\/57431\/revisions"}],"wp:featuredmedia":[{"embeddable":true,"href":"https:\/\/www.uv.mx\/prensa\/wp-json\/wp\/v2\/media\/57432"}],"wp:attachment":[{"href":"https:\/\/www.uv.mx\/prensa\/wp-json\/wp\/v2\/media?parent=57431"}],"wp:term":[{"taxonomy":"category","embeddable":true,"href":"https:\/\/www.uv.mx\/prensa\/wp-json\/wp\/v2\/categories?post=57431"},{"taxonomy":"post_tag","embeddable":true,"href":"https:\/\/www.uv.mx\/prensa\/wp-json\/wp\/v2\/tags?post=57431"}],"curies":[{"name":"wp","href":"https:\/\/api.w.org\/{rel}","templated":true}]}}