{"id":57294,"date":"2018-10-30T16:26:49","date_gmt":"2018-10-30T22:26:49","guid":{"rendered":"https:\/\/www.uv.mx\/prensa\/?p=57294"},"modified":"2018-10-30T16:26:49","modified_gmt":"2018-10-30T22:26:49","slug":"uv-sera-sede-de-la-escuela-complutense-latinoamericana","status":"publish","type":"post","link":"https:\/\/www.uv.mx\/prensa\/banner\/uv-sera-sede-de-la-escuela-complutense-latinoamericana\/","title":{"rendered":"UV ser\u00e1 sede de la Escuela Complutense Latinoamericana"},"content":{"rendered":"<ul>\n<li><i>C<\/i><i>omunidad universitaria y p\u00fablico en general podr\u00e1n compartir conocimientos y enriquecerse con un intercambio internacional<\/i><span>\u00a0<\/span><\/li>\n<li><i>Se contar\u00e1 con becas de apoyo, hasta del 50 por ciento<\/i><\/li>\n<\/ul>\n<p>&nbsp;<\/p>\n<div id=\"attachment_57269\" style=\"width: 732px\" class=\"wp-caption aligncenter\"><a href=\"https:\/\/www.uv.mx\/prensa\/files\/2018\/10\/301018-KARINA-Escuela-Complutense-2.jpg\"><img loading=\"lazy\" decoding=\"async\" aria-describedby=\"caption-attachment-57269\" class=\"size-full wp-image-57269\" src=\"https:\/\/www.uv.mx\/prensa\/files\/2018\/10\/301018-KARINA-Escuela-Complutense-2.jpg\" alt=\"\" width=\"722\" height=\"481\" srcset=\"https:\/\/www.uv.mx\/prensa\/files\/2018\/10\/301018-KARINA-Escuela-Complutense-2.jpg 722w, https:\/\/www.uv.mx\/prensa\/files\/2018\/10\/301018-KARINA-Escuela-Complutense-2-300x200.jpg 300w\" sizes=\"auto, (max-width: 722px) 100vw, 722px\" \/><\/a><p id=\"caption-attachment-57269\" class=\"wp-caption-text\">Miguel Flores, Magdalena Hern\u00e1ndez y Domingo Canales<\/p><\/div>\n<p>&nbsp;<\/p>\n<p><b><i>30<\/i><\/b><b><i>\/10\/18, Xalapa, Ver.- <\/i><\/b>La Universidad Veracruzana (UV) ser\u00e1 sede de los cursos de la Escuela Complutense Latinoamericana (ECL), que se impartir\u00e1n del 14 al 25 de octubre de 2019 en Xalapa y consisten en 50 horas lectivas y 10 horas m\u00e1s de trabajo personal que el alumnado debe realizar.<span>\u00a0<\/span><\/p>\n<p>Lo anterior se dio a conocer el martes 30 de octubre, en rueda de prensa, encabezada por la secretaria Acad\u00e9mica, Magdalena Hern\u00e1ndez Alarc\u00f3n, y los directores generales de las \u00e1reas acad\u00e9micas de Artes y de Ciencias Biol\u00f3gicas y Agropecuarias, Miguel Flores Covarrubias y Domingo Canales Espinosa, respectivamente. Tambi\u00e9n se hizo menci\u00f3n del investigador del Instituto de Investigaciones en Educaci\u00f3n, Edgar Gonz\u00e1lez Gaudiano, por su importante contribuci\u00f3n en la realizaci\u00f3n del proyecto.<span>\u00a0<\/span><\/p>\n<p>Domingo Canales destac\u00f3 que la sede de los cursos de la ECL es resultado del largo proceso de gesti\u00f3n y de los lazos de cooperaci\u00f3n que se tienen desde hace m\u00e1s de 10 a\u00f1os con la Universidad Complutense de Madrid (UCM), a trav\u00e9s de su Fundaci\u00f3n General, del Vicerrectorado de Relaciones Internacionales y Cooperaci\u00f3n, as\u00ed como el patrocinio del Banco Santander.<span>\u00a0<\/span><\/p>\n<p>Por su parte, la Secretaria Acad\u00e9mica habl\u00f3 de la importancia de realizar la ECL en la UV: \u201cEs muy significativo que una universidad europea se haya fijado en nosotros para la realizaci\u00f3n de los cursos, pues el hecho de tener fortalezas en distintos \u00e1mbitos hace a la UV visible en otros continentes\u201d.<span>\u00a0<\/span><\/p>\n<p>En palabras de la funcionaria universitaria, tambi\u00e9n significa que se abren espacios de formaci\u00f3n para estudiantes tanto de Espa\u00f1a como de diversos pa\u00edses, toda vez que se espera recibir, durante las dos semanas que durar\u00e1 la ECL, a alrededor de 300 estudiantes tanto de aquel pa\u00eds como de la regi\u00f3n latinoamericana. Con tal contexto, \u201ctenemos la gran posibilidad de que conozcan lo que hacemos, nuestras fortalezas en la docencia y en la investigaci\u00f3n\u201d.<span>\u00a0<\/span><\/p>\n<p>El n\u00facleo acad\u00e9mico de los cursos de la ECL estar\u00e1 formado por catedr\u00e1ticos y profesores titulares de la UCM y de la UV, quienes impartir\u00e1n en cada caso un programa elaborado de forma conjunta para mayor aprovechamiento de los contenidos por parte de los estudiantes.<span>\u00a0<\/span><\/p>\n<p>Se impartir\u00e1n 10 cursos de manera conjunta atendiendo a la participaci\u00f3n de todas las \u00e1reas acad\u00e9micas y de las principales l\u00edneas de formaci\u00f3n, investigaci\u00f3n y generaci\u00f3n del conocimiento, considerando las propuestas que cada \u00e1rea acad\u00e9mica proponga.<span>\u00a0<\/span><\/p>\n<p>En los primeros meses de 2019 se publicar\u00e1 una convocatoria que ser\u00e1 abierta a todo el profesorado de la UCM y de la UV para enviar propuestas de los cursos. \u00c9stos ser\u00e1n elegidos por una Comisi\u00f3n Mixta con representantes de ambas universidades.<span>\u00a0<\/span><\/p>\n<p>Al respecto, Miguel Flores detall\u00f3 los 10 criterios que aplicar\u00e1 tal Comisi\u00f3n para la selecci\u00f3n antes citada. El primero es la distribuci\u00f3n y equilibrio entre las diferentes \u00e1reas de conocimiento, atendiendo a los intereses tem\u00e1ticos de ambas universidades; otros m\u00e1s son: inter\u00e9s del curso para la UV; contenidos propuestos por acad\u00e9micos de ambas instituciones; calidad de la ense\u00f1anza y curr\u00edculum vitae de los acad\u00e9micos de ambas universidades interesados en impartirla.<span>\u00a0<\/span><\/p>\n<p>Otros criterios versan sobre el inter\u00e9s de los acad\u00e9micos de ambas universidades por implicarse en actividades conjuntas en el futuro, sea de docencia e investigaci\u00f3n; as\u00ed como el inter\u00e9s del alumnado de la UV y de otros pa\u00edses latinoamericanos y europeos, por citar algunos.<span>\u00a0<\/span><\/p>\n<p>Las autoridades universitarias destacaron que los cursos de la ECL se dirigen a la comunidad acad\u00e9mica, as\u00ed como a la sociedad en general, y en cada edici\u00f3n se inscriben profesionales de las diversas \u00e1reas del conocimiento.<span>\u00a0<\/span><\/p>\n<p>Finalizados los cursos, los alumnos que cumplan con los criterios de promoci\u00f3n del curso recibir\u00e1n un diploma firmado por los rectores de las universidades participantes, as\u00ed como un certificado de asistencia con la calificaci\u00f3n obtenida y firmado por el director de la ECL.<span>\u00a0<\/span><\/p>\n<p>La Secretaria Acad\u00e9mica tambi\u00e9n precis\u00f3 que el precio de cada curso es de 200 euros, con la posibilidad de tramitar apoyos que reducen su costo entre 30 y 50 por ciento, los cuales se conceden de forma expedita y de los que se benefician la gran mayor\u00eda de los asistentes. Adem\u00e1s, habr\u00e1 becas del 50 por ciento para alumnos y personal de la UCM y la UV, as\u00ed como 30 por ciento de descuento a alumnos externos, en lo que respecta a la inscripci\u00f3n.<span>\u00a0<\/span><\/p>\n<p>\u201cLa beca cubre el alojamiento y la manutenci\u00f3n (desayunos, comidas y cenas) durante las dos semanas de clases de alumnos no residentes en la ciudad universitaria sede. Se ofertan en torno a 60 y son solicitadas en su mayor\u00eda por alumnos de Latinoam\u00e9rica y Espa\u00f1a.<span>\u00a0<\/span><\/p>\n<p>\u201cEs importante mencionar tambi\u00e9n que la ayuda de desplazamiento consiste en subvencionar hasta un m\u00e1ximo de 400 euros para el alumnado no residente en la ciudad de Xalapa. Se ofertan en torno a 20 y son solicitadas en su mayor\u00eda por alumnos de toda Latinoam\u00e9rica y Espa\u00f1a\u201d, detall\u00f3 Hern\u00e1ndez Alarc\u00f3n.<span>\u00a0<\/span><\/p>\n<p>Cabe citar que la UCM, a trav\u00e9s de su Fundaci\u00f3n General y del Vicerrectorado de Relaciones Internacionales y Cooperaci\u00f3n, y con el patrocinio del Banco Santander, puso en marcha en 2006 la ECL. Se trata de una iniciativa de car\u00e1cter formativo cuyo prop\u00f3sito principal consiste en potenciar un marco de cooperaci\u00f3n universitaria de \u00e1mbito internacional, promoviendo actividades que aumenten los lazos de uni\u00f3n no s\u00f3lo entre las instituciones, sino especialmente entre los miembros de las comunidades universitarias.<span>\u00a0<\/span><\/p>\n<p>De esta forma, la ECL naci\u00f3 para estrechar los v\u00ednculos que interrelacionan a la Universidad Complutense con el resto de instituciones acad\u00e9micas universitarias de Am\u00e9rica Latina, hermanadas ya en muchos casos mediante convenios de colaboraci\u00f3n. As\u00ed, la Escuela surge como un punto de encuentro entre Espa\u00f1a y Latinoam\u00e9rica, en el que docentes y estudiantes de diferentes universidades pueden durante dos semanas compartir sus conocimientos y enriquecerse con el intercambio de experiencias.<span>\u00a0<\/span><\/p>\n<p>Desde sus inicios a la fecha se ha desarrollado en diversos pa\u00edses latinoamericanos: Argentina, Brasil, Colombia, Bolivia, Chile, Per\u00fa y M\u00e9xico. Para ampliar la informaci\u00f3n consulte: <a href=\"https:\/\/www.uv.mx\/ecl\">www.uv.mx\/ecl<\/a> y <a href=\"http:\/\/www.ucm.es\/ecl\">www.ucm.es\/ecl<\/a>.<\/p>\n<p>&nbsp;<\/p>\n<div id=\"attachment_57268\" style=\"width: 732px\" class=\"wp-caption aligncenter\"><a href=\"https:\/\/www.uv.mx\/prensa\/files\/2018\/10\/301018-KARINA-Escuela-Complutense-1.jpg\"><img loading=\"lazy\" decoding=\"async\" aria-describedby=\"caption-attachment-57268\" class=\"size-full wp-image-57268\" src=\"https:\/\/www.uv.mx\/prensa\/files\/2018\/10\/301018-KARINA-Escuela-Complutense-1.jpg\" alt=\"\" width=\"722\" height=\"246\" srcset=\"https:\/\/www.uv.mx\/prensa\/files\/2018\/10\/301018-KARINA-Escuela-Complutense-1.jpg 722w, https:\/\/www.uv.mx\/prensa\/files\/2018\/10\/301018-KARINA-Escuela-Complutense-1-300x102.jpg 300w\" sizes=\"auto, (max-width: 722px) 100vw, 722px\" \/><\/a><p id=\"caption-attachment-57268\" class=\"wp-caption-text\">Se espera recibir a alrededor de 300 estudiantes de Espa\u00f1a y Latinoamericana<\/p><\/div>\n","protected":false},"excerpt":{"rendered":"<p>El n\u00facleo acad\u00e9mico de los cursos de la ECL estar\u00e1 formado por catedr\u00e1ticos y profesores titulares de la Universidad Complutense de Madrid y de la UV<\/p>\n","protected":false},"author":1508,"featured_media":57283,"comment_status":"closed","ping_status":"closed","sticky":false,"template":"","format":"standard","meta":{"footnotes":""},"categories":[61],"tags":[],"class_list":["post-57294","post","type-post","status-publish","format-standard","has-post-thumbnail","hentry","category-banner"],"_links":{"self":[{"href":"https:\/\/www.uv.mx\/prensa\/wp-json\/wp\/v2\/posts\/57294","targetHints":{"allow":["GET"]}}],"collection":[{"href":"https:\/\/www.uv.mx\/prensa\/wp-json\/wp\/v2\/posts"}],"about":[{"href":"https:\/\/www.uv.mx\/prensa\/wp-json\/wp\/v2\/types\/post"}],"author":[{"embeddable":true,"href":"https:\/\/www.uv.mx\/prensa\/wp-json\/wp\/v2\/users\/1508"}],"replies":[{"embeddable":true,"href":"https:\/\/www.uv.mx\/prensa\/wp-json\/wp\/v2\/comments?post=57294"}],"version-history":[{"count":0,"href":"https:\/\/www.uv.mx\/prensa\/wp-json\/wp\/v2\/posts\/57294\/revisions"}],"wp:featuredmedia":[{"embeddable":true,"href":"https:\/\/www.uv.mx\/prensa\/wp-json\/wp\/v2\/media\/57283"}],"wp:attachment":[{"href":"https:\/\/www.uv.mx\/prensa\/wp-json\/wp\/v2\/media?parent=57294"}],"wp:term":[{"taxonomy":"category","embeddable":true,"href":"https:\/\/www.uv.mx\/prensa\/wp-json\/wp\/v2\/categories?post=57294"},{"taxonomy":"post_tag","embeddable":true,"href":"https:\/\/www.uv.mx\/prensa\/wp-json\/wp\/v2\/tags?post=57294"}],"curies":[{"name":"wp","href":"https:\/\/api.w.org\/{rel}","templated":true}]}}