{"id":57210,"date":"2018-10-30T08:33:41","date_gmt":"2018-10-30T14:33:41","guid":{"rendered":"https:\/\/www.uv.mx\/prensa\/?p=57210"},"modified":"2018-10-30T09:20:33","modified_gmt":"2018-10-30T15:20:33","slug":"uv-e-infonavit-firmaron-convenio-en-beneficio-de-estudiantes","status":"publish","type":"post","link":"https:\/\/www.uv.mx\/prensa\/banner\/uv-e-infonavit-firmaron-convenio-en-beneficio-de-estudiantes\/","title":{"rendered":"UV e <em>Infonavit<\/em> firmaron convenio en beneficio de estudiantes"},"content":{"rendered":"<ul>\n<li><i>Como primera actividad se efectuar\u00e1 la \u201cJornada universitaria <\/i>Infonavit<i>\u201d<\/i><i>,<\/i><i> el lunes 12 de noviembre en la Facultad de Contadur\u00eda y Administraci\u00f3n<\/i><\/li>\n<li><i>La firma del convenio espec\u00edfico es un acto de solidaridad <\/i><i>entre instancias que defienden los derechos, afirm\u00f3 la rectora Sara Ladr\u00f3n de Guevara<\/i><\/li>\n<\/ul>\n<p>&nbsp;<\/p>\n<div id=\"attachment_57212\" style=\"width: 732px\" class=\"wp-caption aligncenter\"><a href=\"https:\/\/www.uv.mx\/prensa\/files\/2018\/10\/291018-UV-INFONAVIT-1.jpg\"><img loading=\"lazy\" decoding=\"async\" aria-describedby=\"caption-attachment-57212\" class=\"size-full wp-image-57212\" src=\"https:\/\/www.uv.mx\/prensa\/files\/2018\/10\/291018-UV-INFONAVIT-1.jpg\" alt=\"\" width=\"722\" height=\"396\" srcset=\"https:\/\/www.uv.mx\/prensa\/files\/2018\/10\/291018-UV-INFONAVIT-1.jpg 722w, https:\/\/www.uv.mx\/prensa\/files\/2018\/10\/291018-UV-INFONAVIT-1-300x165.jpg 300w\" sizes=\"auto, (max-width: 722px) 100vw, 722px\" \/><\/a><p id=\"caption-attachment-57212\" class=\"wp-caption-text\">El convenio espec\u00edfico que signaron la UV y el <em>Infonavit<\/em> beneficiar\u00e1 directamente a los estudiantes universitarios<\/p><\/div>\n<p>&nbsp;<\/p>\n<p><b><i>David Sandoval Rodr\u00edguez<\/i><\/b><\/p>\n<p><b><i>29<\/i><\/b><b><i>\/10\/<\/i><\/b><b><i>18, Xalapa, Ver.-<\/i><\/b> La Universidad Veracruzana (UV) y el Instituto del Fondo Nacional de la Vivienda para los Trabajadores (<i>I<\/i><i>nfonavit<\/i>) firmaron el lunes 29 de octubre un convenio espec\u00edfico de colaboraci\u00f3n que beneficiar\u00e1 en primer t\u00e9rmino a los alumnos y catedr\u00e1ticos de la instituci\u00f3n.<\/p>\n<p>El convenio espec\u00edfico tiene como objetivo inmediato la realizaci\u00f3n de la \u201cJornada universitaria <i>Infonavit<\/i>\u201d, el lunes 12 de noviembre en la <a href=\"https:\/\/www.uv.mx\/fca\/\">Facultad de Contadur\u00eda y Administraci\u00f3n<\/a> (FCA), donde se espera la participaci\u00f3n de 200 alumnos.<\/p>\n<p>La actividad est\u00e1 dirigida a estudiantes de los semestres salientes y tiene como objetivo prepararlos para cumplir con las obligaciones y ejercer los derechos que se desprenden de las funciones que cumple el instituto.<\/p>\n<p>\u201c\u00c9ste es un d\u00eda de solidaridad y en ese sentido firmamos un convenio con el <i>Infonavit<\/i>, que es una instituci\u00f3n de solidaridad\u201d, dijo la rectora de la UV, Sara Ladr\u00f3n de Guevara, al referirse en su mensaje a la adhesi\u00f3n de la m\u00e1xima casa de estudios de Veracruz al paro de labores impulsado por la Confederaci\u00f3n Nacional de Trabajadores Universitarios (<i>C<\/i><i>ontu<\/i>) en defensa de la universidad p\u00fablica mexicana.<\/p>\n<p><i>Infonavit<\/i> es una instituci\u00f3n solidaria que ha dado casa a miles de trabajadores, agreg\u00f3. \u201cUna instituci\u00f3n como el <i>Infonavit<\/i> viene a solucionar un tema que es un derecho; en ese sentido, creo que nos identificamos perfectamente con que en este d\u00eda de solidaridad se d\u00e9 la firma de este convenio, que va con nuestro compromiso y nuestra responsabilidad social\u201d.<\/p>\n<p>La Rectora detall\u00f3 que \u201cel convenio contempla adem\u00e1s llevar a cabo talleres de capacitaci\u00f3n, mesas de trabajo, ferias, foros y eventos empresariales que redunden en beneficio de los estudiantes y los acad\u00e9micos de la Facultad, as\u00ed como del personal del <i>Infonavit<\/i>\u201d.<\/p>\n<p>Sara Ladr\u00f3n de Guevara celebr\u00f3 el paso de un convenio general de colaboraci\u00f3n a un acuerdo espec\u00edfico de trabajo que habr\u00e1 de traducirse \u201cen el fortalecimiento de los lazos que unen a estas dos instancias p\u00fablicas, as\u00ed como en el mejoramiento del desempe\u00f1o acad\u00e9mico, profesional, laboral y solidario de sus respectivos equipos humanos\u201d.<\/p>\n<p>&nbsp;<\/p>\n<div id=\"attachment_57213\" style=\"width: 732px\" class=\"wp-caption aligncenter\"><a href=\"https:\/\/www.uv.mx\/prensa\/files\/2018\/10\/291018-UV-INFONAVIT-2.jpg\"><img loading=\"lazy\" decoding=\"async\" aria-describedby=\"caption-attachment-57213\" class=\"size-full wp-image-57213\" src=\"https:\/\/www.uv.mx\/prensa\/files\/2018\/10\/291018-UV-INFONAVIT-2.jpg\" alt=\"\" width=\"722\" height=\"457\" srcset=\"https:\/\/www.uv.mx\/prensa\/files\/2018\/10\/291018-UV-INFONAVIT-2.jpg 722w, https:\/\/www.uv.mx\/prensa\/files\/2018\/10\/291018-UV-INFONAVIT-2-300x190.jpg 300w\" sizes=\"auto, (max-width: 722px) 100vw, 722px\" \/><\/a><p id=\"caption-attachment-57213\" class=\"wp-caption-text\">La rectora Sara Ladr\u00f3n de Guevara se\u00f1al\u00f3 que la firma se dio en el marco de un d\u00eda de solidaridad con las universidades mexicanas<\/p><\/div>\n<p>&nbsp;<\/p>\n<p>Diana F\u00e9lix Andrade, delegada regional en Veracruz del <i>Infonavit<\/i>, dijo sentirse doblemente orgullosa al ser ex alumna de esta casa de estudios y venir a firmar este convenio; \u201ctratar de transmitir a los estudiantes la importancia de instituciones como \u00e9sta y las oportunidades profesionales que tenemos precisamente para cambiar los paradigmas desde que salimos de la carrera para buscar un empleo\u201d.<\/p>\n<p>Plante\u00f3 el convenio espec\u00edfico como \u201cuna semilla que yo valoro bastante\u201d y consider\u00f3 que podr\u00e1 convertirse en un valor agregado tanto para la Universidad como para el instituto.<\/p>\n<p>En la ceremonia, Arturo Bocardo Valle, director general del \u00c1rea Acad\u00e9mica Econ\u00f3mico-Administrativa, recalc\u00f3 que la seguridad social resulta un tema de inter\u00e9s general para la sociedad desde diversas perspectivas.<\/p>\n<p>Destac\u00f3 que la firma del convenio espec\u00edfico permite integrar a futuro a estudiantes que a su egreso mantendr\u00e1n un contacto directo con esta instituci\u00f3n, ya sea como profesionista independiente, empleado o patr\u00f3n.<\/p>\n<p>Atestiguaron la firma del documento por el <i>Infonavit<\/i>: Jos\u00e9 Alberto Mercado G\u00f3mez, gerente de Recaudaci\u00f3n Fiscal en Veracruz, y Octavio Augusto Herrera Z\u00fa\u00f1iga, gerente T\u00e9cnico de la dependencia.<\/p>\n<p>Por parte de la UV: Magdalena Hern\u00e1ndez Alarc\u00f3n, secretaria Acad\u00e9mica; Salvador Tapia Spinoso, secretario de Administraci\u00f3n y Finanzas; Octavio Ochoa Contreras, secretario de Desarrollo Institucional; Alberto Islas Reyes, abogado general de la instituci\u00f3n, y Evangelina Murcia Villag\u00f3mez, directora general de Recursos Financieros.<\/p>\n<p>Se cont\u00f3 con la presencia de Jer\u00f3nimo Ric\u00e1rdez Jim\u00e9nez, director de la FCA, as\u00ed como los jefes de carrera de las licenciaturas de Contadur\u00eda, de Administraci\u00f3n, Gesti\u00f3n y Direcci\u00f3n de Negocios, y Sistemas Computacionales Administrativos: Leticia Murcia L\u00f3pez, Rosa Isela Aguilar, Paola Quintanilla Ortiz y Daniel L\u00f3pez Lunag\u00f3mez, respectivamente.<\/p>\n<p>&nbsp;<\/p>\n<div id=\"attachment_57214\" style=\"width: 732px\" class=\"wp-caption aligncenter\"><a href=\"https:\/\/www.uv.mx\/prensa\/files\/2018\/10\/291018-UV-INFONAVIT-3.jpg\"><img loading=\"lazy\" decoding=\"async\" aria-describedby=\"caption-attachment-57214\" class=\"size-full wp-image-57214\" src=\"https:\/\/www.uv.mx\/prensa\/files\/2018\/10\/291018-UV-INFONAVIT-3.jpg\" alt=\"\" width=\"722\" height=\"482\" srcset=\"https:\/\/www.uv.mx\/prensa\/files\/2018\/10\/291018-UV-INFONAVIT-3.jpg 722w, https:\/\/www.uv.mx\/prensa\/files\/2018\/10\/291018-UV-INFONAVIT-3-300x200.jpg 300w\" sizes=\"auto, (max-width: 722px) 100vw, 722px\" \/><\/a><p id=\"caption-attachment-57214\" class=\"wp-caption-text\">Diana F\u00e9lix Andrade, delegada regional en Veracruz del <em>Infonavit<\/em>, celebr\u00f3 la firma del documento que brindar\u00e1 valor agregado a ambas instancias<\/p><\/div>\n","protected":false},"excerpt":{"rendered":"<p>Se efectuar\u00e1 la \u201cJornada universitaria Infonavit\u201d, el lunes 12 de noviembre en la Facultad de Contadur\u00eda y Administraci\u00f3n<\/p>\n","protected":false},"author":1508,"featured_media":57211,"comment_status":"closed","ping_status":"closed","sticky":false,"template":"","format":"standard","meta":{"footnotes":""},"categories":[61],"tags":[],"class_list":["post-57210","post","type-post","status-publish","format-standard","has-post-thumbnail","hentry","category-banner"],"_links":{"self":[{"href":"https:\/\/www.uv.mx\/prensa\/wp-json\/wp\/v2\/posts\/57210","targetHints":{"allow":["GET"]}}],"collection":[{"href":"https:\/\/www.uv.mx\/prensa\/wp-json\/wp\/v2\/posts"}],"about":[{"href":"https:\/\/www.uv.mx\/prensa\/wp-json\/wp\/v2\/types\/post"}],"author":[{"embeddable":true,"href":"https:\/\/www.uv.mx\/prensa\/wp-json\/wp\/v2\/users\/1508"}],"replies":[{"embeddable":true,"href":"https:\/\/www.uv.mx\/prensa\/wp-json\/wp\/v2\/comments?post=57210"}],"version-history":[{"count":0,"href":"https:\/\/www.uv.mx\/prensa\/wp-json\/wp\/v2\/posts\/57210\/revisions"}],"wp:featuredmedia":[{"embeddable":true,"href":"https:\/\/www.uv.mx\/prensa\/wp-json\/wp\/v2\/media\/57211"}],"wp:attachment":[{"href":"https:\/\/www.uv.mx\/prensa\/wp-json\/wp\/v2\/media?parent=57210"}],"wp:term":[{"taxonomy":"category","embeddable":true,"href":"https:\/\/www.uv.mx\/prensa\/wp-json\/wp\/v2\/categories?post=57210"},{"taxonomy":"post_tag","embeddable":true,"href":"https:\/\/www.uv.mx\/prensa\/wp-json\/wp\/v2\/tags?post=57210"}],"curies":[{"name":"wp","href":"https:\/\/api.w.org\/{rel}","templated":true}]}}