{"id":57155,"date":"2018-10-29T15:00:33","date_gmt":"2018-10-29T21:00:33","guid":{"rendered":"https:\/\/www.uv.mx\/prensa\/?p=57155"},"modified":"2018-10-30T09:36:04","modified_gmt":"2018-10-30T15:36:04","slug":"coro-del-cimi-ofrecio-concierto-por-xxx-aniversario","status":"publish","type":"post","link":"https:\/\/www.uv.mx\/prensa\/banner\/coro-del-cimi-ofrecio-concierto-por-xxx-aniversario\/","title":{"rendered":"Coro del CIMI celebr\u00f3 XXX aniversario"},"content":{"rendered":"<ul>\n<li><em>Ser parte de esta agrupaci\u00f3n cambia la vida: integrantes<\/em><\/li>\n<\/ul>\n<p>&nbsp;<\/p>\n<div id=\"attachment_57130\" style=\"width: 732px\" class=\"wp-caption aligncenter\"><a href=\"https:\/\/www.uv.mx\/prensa\/files\/2018\/10\/291018-KARINA-Concierto-CIMI-1-100k.jpg\"><img loading=\"lazy\" decoding=\"async\" aria-describedby=\"caption-attachment-57130\" class=\"size-full wp-image-57130\" src=\"https:\/\/www.uv.mx\/prensa\/files\/2018\/10\/291018-KARINA-Concierto-CIMI-1-100k.jpg\" alt=\"\" width=\"722\" height=\"482\" srcset=\"https:\/\/www.uv.mx\/prensa\/files\/2018\/10\/291018-KARINA-Concierto-CIMI-1-100k.jpg 722w, https:\/\/www.uv.mx\/prensa\/files\/2018\/10\/291018-KARINA-Concierto-CIMI-1-100k-300x200.jpg 300w\" sizes=\"auto, (max-width: 722px) 100vw, 722px\" \/><\/a><p id=\"caption-attachment-57130\" class=\"wp-caption-text\">El Coro present\u00f3 siete piezas, entre tradicionales, populares y cl\u00e1sicas<\/p><\/div>\n<p>&nbsp;<\/p>\n<p><b><i>Karina de la Paz Reyes D\u00edaz<\/i><\/b><\/p>\n<p><b><i>29\/10\/18, Xalapa, Ver.- <\/i><\/b>Al t\u00e9rmino del concierto por el trig\u00e9simo aniversario del Coro del <a href=\"https:\/\/www.uv.mx\/cimi\/\">Centro de Iniciaci\u00f3n Musical Infantil<\/a> (CIMI) Xalapa de la Universidad Veracruzana (UV), las integrantes, as\u00ed como el director y el pianista de la agrupaci\u00f3n, Leonardo Morales Zamorano y C\u00e9sar Vel\u00e1squez Vel\u00e1squez, respectivamente, fueron largamente aplaudidos por los asistentes.<\/p>\n<p>La presentaci\u00f3n tuvo lugar en el Auditorio \u201cAlfonso Medell\u00edn Zenil\u201d del Museo de Antropolog\u00eda de Xalapa, el domingo 28 de octubre al mediod\u00eda. Las palabras de bienvenida estuvieron a cargo de la coordinadora del CIMI-Xalapa, Raquel L\u00f3pez Libreros; enseguida, se present\u00f3 una rese\u00f1a hist\u00f3rica del Coro del CIMI, donde se destac\u00f3 el impulso que tuvo para su creaci\u00f3n por la entonces coordinadora, Elo\u00edsa Almaz\u00e1n Navarro, as\u00ed como de quien fuera el director de la Facultad de M\u00fasica de la UV, Enrique M\u00e1rquez y Souza.<\/p>\n<p>El Coro present\u00f3 siete piezas: <i>Kyrie<\/i><i> KV90<\/i>, de W.A. Mozart; <i>Clap<\/i><i> yo\u2019 <\/i><i>hands<\/i>, de George Gershwin; <i>La Llorona<\/i>, tradicional de Oaxaca; <i>Torna a <\/i><i>Surriento<\/i>, de Ernesto de Curtis; <i>Noche criolla<\/i> y <i>Veracruz<\/i>, de Agust\u00edn Lara, y <i>Canci\u00f3n del arco\u00edris<\/i>, de la pel\u00edcula <i>El mago de Oz<\/i> (\u00e9sta fue dedicada a la infancia de todo el mundo). Para las tres \u00faltimas piezas, se incorporaron las 10 nuevas integrantes de la agrupaci\u00f3n, quienes tambi\u00e9n fueron bienvenidas con aplausos por parte del p\u00fablico.<\/p>\n<p>Fue tal la ovaci\u00f3n de familiares, amistades y p\u00fablico interesado en esta bella arte al t\u00e9rmino de la presentaci\u00f3n, que las ni\u00f1as tuvieron que repetir <i>Noche c<\/i><i>riolla<\/i>.<\/p>\n<p>Previo a la entrega de reconocimientos al Director y Pianista del Coro, por su trabajo a favor de la infancia veracruzana en estos a\u00f1os, el titular general del \u00c1rea Acad\u00e9mica de Artes, Miguel Flores Covarrubias, destac\u00f3 su agradecimiento a los padres y madres que en todo este tiempo han depositado su confianza en el CIMI; tambi\u00e9n agradeci\u00f3 al propio Centro \u201cporque \u00e9sta es una muestra de las muchas generaciones que han formado\u201d, pero adem\u00e1s porque forjan m\u00fasicos, como parte de su misi\u00f3n, y ciudadanos.<\/p>\n<p>&nbsp;<\/p>\n<div id=\"attachment_57127\" style=\"width: 732px\" class=\"wp-caption aligncenter\"><a href=\"https:\/\/www.uv.mx\/prensa\/files\/2018\/10\/291018-KARINA-Concierto-CIMI-2-100k.jpg\"><img loading=\"lazy\" decoding=\"async\" aria-describedby=\"caption-attachment-57127\" class=\"size-full wp-image-57127\" src=\"https:\/\/www.uv.mx\/prensa\/files\/2018\/10\/291018-KARINA-Concierto-CIMI-2-100k.jpg\" alt=\"\" width=\"722\" height=\"482\" srcset=\"https:\/\/www.uv.mx\/prensa\/files\/2018\/10\/291018-KARINA-Concierto-CIMI-2-100k.jpg 722w, https:\/\/www.uv.mx\/prensa\/files\/2018\/10\/291018-KARINA-Concierto-CIMI-2-100k-300x200.jpg 300w\" sizes=\"auto, (max-width: 722px) 100vw, 722px\" \/><\/a><p id=\"caption-attachment-57127\" class=\"wp-caption-text\">Autoridades elogiaron la labor del CIMI<\/p><\/div>\n<p>&nbsp;<\/p>\n<p>Al t\u00e9rmino del concierto, una de las nuevas integrantes, Renata Mart\u00ednez Vargas, de 10 a\u00f1os de edad, expres\u00f3 con \u00e9nfasis: \u201c\u00a1Me encanta la m\u00fasica! \u00a1Cantar es mi vida! Siempre me ha gustado desde peque\u00f1a\u201d. Por tales razones, sus expectativas al ser parte del Coro es prepararse para convertirse en una virtuosa cantante.<\/p>\n<p>Mar\u00eda Fernanda Morales Torres, de 11 a\u00f1os de edad, tiene apenas un a\u00f1o de ser parte de la agrupaci\u00f3n, y comparti\u00f3 que en este tiempo ha vivido varias experiencias, pero, sobre todo, \u201cha hecho que pierda el miedo a estar frente a mucha gente\u201d.<\/p>\n<p>Myrna Ruth Dorantes Hern\u00e1ndez, de 13 a\u00f1os de edad, lleva cuatro a\u00f1os de ser parte del Coro, y en este tiempo son varios los aspectos en los que ha experimentado: \u201cAhora canto mejor y conozco otros lugares. Cantar me hace feliz y es bonito\u201d.<\/p>\n<p>Una m\u00e1s, Mayt\u00e9 Briones Rivera, de 13 a\u00f1os de edad, tambi\u00e9n lleva cuatro a\u00f1os siendo parte del Coro del CIMI. La oriunda de Coatepec comparti\u00f3: \u201cMe gustaba mucho cantar, pero para m\u00ed solita, no me gustaba que me oyeran otras personas, pero cuando entr\u00e9 al CIMI cambi\u00f3 mi vida y me hace sentir feliz cada vez que canto, es como expresarme en el escenario. Tambi\u00e9n me ha aportado la oportunidad de conocer nuevos lugares y proporcionado una herramienta para expresarme y disfrutar\u201d.<\/p>\n<p>Es m\u00e1s, Mayt\u00e9 abund\u00f3 animosa: \u201cMi parte favorita de cantar es cuando nos subimos al escenario, porque desde peque\u00f1a so\u00f1aba con estar ah\u00ed, frente a todos; presentarme y cantar es un sue\u00f1o hecho realidad\u201d.<\/p>\n<p>&nbsp;<\/p>\n<div id=\"attachment_57132\" style=\"width: 732px\" class=\"wp-caption aligncenter\"><a href=\"https:\/\/www.uv.mx\/prensa\/files\/2018\/10\/291018-KARINA-Concierto-CIMI-3-100k.jpg\"><img loading=\"lazy\" decoding=\"async\" aria-describedby=\"caption-attachment-57132\" class=\"size-full wp-image-57132\" src=\"https:\/\/www.uv.mx\/prensa\/files\/2018\/10\/291018-KARINA-Concierto-CIMI-3-100k.jpg\" alt=\"\" width=\"722\" height=\"482\" srcset=\"https:\/\/www.uv.mx\/prensa\/files\/2018\/10\/291018-KARINA-Concierto-CIMI-3-100k.jpg 722w, https:\/\/www.uv.mx\/prensa\/files\/2018\/10\/291018-KARINA-Concierto-CIMI-3-100k-300x200.jpg 300w\" sizes=\"auto, (max-width: 722px) 100vw, 722px\" \/><\/a><p id=\"caption-attachment-57132\" class=\"wp-caption-text\">Leonardo Morales y C\u00e9sar Vel\u00e1squez fueron reconocidos<\/p><\/div>\n","protected":false},"excerpt":{"rendered":"<p>El director general del \u00c1rea Acad\u00e9mica de Artes, Miguel Flores Covarrubias, agradeci\u00f3 a los padres por la confianza depositada en el Centro de Iniciaci\u00f3n Musical Infantil de la UV<\/p>\n","protected":false},"author":1508,"featured_media":0,"comment_status":"closed","ping_status":"closed","sticky":false,"template":"","format":"standard","meta":{"footnotes":""},"categories":[61],"tags":[],"class_list":["post-57155","post","type-post","status-publish","format-standard","hentry","category-banner"],"_links":{"self":[{"href":"https:\/\/www.uv.mx\/prensa\/wp-json\/wp\/v2\/posts\/57155","targetHints":{"allow":["GET"]}}],"collection":[{"href":"https:\/\/www.uv.mx\/prensa\/wp-json\/wp\/v2\/posts"}],"about":[{"href":"https:\/\/www.uv.mx\/prensa\/wp-json\/wp\/v2\/types\/post"}],"author":[{"embeddable":true,"href":"https:\/\/www.uv.mx\/prensa\/wp-json\/wp\/v2\/users\/1508"}],"replies":[{"embeddable":true,"href":"https:\/\/www.uv.mx\/prensa\/wp-json\/wp\/v2\/comments?post=57155"}],"version-history":[{"count":0,"href":"https:\/\/www.uv.mx\/prensa\/wp-json\/wp\/v2\/posts\/57155\/revisions"}],"wp:attachment":[{"href":"https:\/\/www.uv.mx\/prensa\/wp-json\/wp\/v2\/media?parent=57155"}],"wp:term":[{"taxonomy":"category","embeddable":true,"href":"https:\/\/www.uv.mx\/prensa\/wp-json\/wp\/v2\/categories?post=57155"},{"taxonomy":"post_tag","embeddable":true,"href":"https:\/\/www.uv.mx\/prensa\/wp-json\/wp\/v2\/tags?post=57155"}],"curies":[{"name":"wp","href":"https:\/\/api.w.org\/{rel}","templated":true}]}}