{"id":57013,"date":"2018-10-26T15:34:21","date_gmt":"2018-10-26T20:34:21","guid":{"rendered":"https:\/\/www.uv.mx\/prensa\/?p=57013"},"modified":"2018-10-29T12:03:52","modified_gmt":"2018-10-29T18:03:52","slug":"expertos-de-la-unam-y-costa-rica-participan-en-simposio-de-neuroetologia","status":"publish","type":"post","link":"https:\/\/www.uv.mx\/prensa\/ciencia\/expertos-de-la-unam-y-costa-rica-participan-en-simposio-de-neuroetologia\/","title":{"rendered":"Expertos de la UNAM y Costa Rica participaron en Simposio de Neuroetolog\u00eda"},"content":{"rendered":"<ul>\n<li><i>Robyn<\/i><i> Hudson<\/i><i>\u00a0y Juan Carlos Brenes<\/i><i>\u00a0impartieron conferencias sobre <\/i><i>conejos<\/i><i> y roedores<\/i><\/li>\n<li><i>\u201cEl peso al nacer se ha convertido en un excelente indicador para las investigaciones y en un buen m\u00e9todo de predicci\u00f3n de sus capacidades\u201d<\/i><i>: Robyn Hudson<\/i><\/li>\n<\/ul>\n<p>&nbsp;<\/p>\n<div id=\"attachment_57014\" style=\"width: 732px\" class=\"wp-caption aligncenter\"><a href=\"https:\/\/www.uv.mx\/prensa\/files\/2018\/10\/261018-robyn-Hudson-y-juan-carlos-Brenes-1.jpg\"><img loading=\"lazy\" decoding=\"async\" aria-describedby=\"caption-attachment-57014\" class=\"size-full wp-image-57014\" src=\"https:\/\/www.uv.mx\/prensa\/files\/2018\/10\/261018-robyn-Hudson-y-juan-carlos-Brenes-1.jpg\" alt=\"\" width=\"722\" height=\"503\" srcset=\"https:\/\/www.uv.mx\/prensa\/files\/2018\/10\/261018-robyn-Hudson-y-juan-carlos-Brenes-1.jpg 722w, https:\/\/www.uv.mx\/prensa\/files\/2018\/10\/261018-robyn-Hudson-y-juan-carlos-Brenes-1-300x209.jpg 300w\" sizes=\"auto, (max-width: 722px) 100vw, 722px\" \/><\/a><p id=\"caption-attachment-57014\" class=\"wp-caption-text\">Robyn Hudson, del Instituto de Investigaciones Biom\u00e9dicas de la UNAM, abord\u00f3 el tema de las cr\u00edas de conejos<\/p><\/div>\n<p>&nbsp;<\/p>\n<p><b><i>David Sandoval Rodr\u00edguez<\/i><\/b><\/p>\n<p><b><i>26\/10\/<\/i><\/b><b><i>18<\/i><\/b><b><i>,<\/i><\/b><b><i> Xalapa, Ver.-<\/i><\/b> Acad\u00e9micos de la Universidad Nacional Aut\u00f3noma de M\u00e9xico (UNAM) y de la Universidad de Costa Rica (UCR) iniciaron la segunda jornada de ponencias del 5\u00ba Simposio Internacional de Neuroetolog\u00eda, organizado por el <a href=\"https:\/\/www.uv.mx\/neuro\/\">Instituto de Neuroetolog\u00eda<\/a> de la Universidad Veracruzana (UV) en el marco de los 25 a\u00f1os de su posgrado.<\/p>\n<p>Robyn Hudson, acad\u00e9mica del Instituto de Investigaciones Biom\u00e9dicas (IIB) de la UNAM, inici\u00f3 las actividades del viernes 26 de octubre en la Sala Anexa de Tlaqn\u00e1, Centro Cultural, con la conferencia \u201cDel nido a la neurona: la contribuci\u00f3n de los hermanos al desarrollo de fenotipos individuales\u201d.<\/p>\n<p>Hudson es miembro de la Academia Mexicana de Ciencias, Academia de Investigaci\u00f3n en Biolog\u00eda de la Reproducci\u00f3n y del Sistema Nacional de Investigadores.<\/p>\n<p>Su trabajo se ha enfocado al estudio de los factores que tienen influencia sobre la funci\u00f3n olfatoria, factores ambientales y fisiol\u00f3gicos, en humanos, conejos y gatos.<\/p>\n<p>Ha desarrollado trabajos sobre las diferencias individuales tanto a nivel conductual como fisiol\u00f3gico en conejos y gatos, por lo que destac\u00f3 que la contribuci\u00f3n de los hermanos al desarrollo de diferencias impacta en la morfolog\u00eda, la fisiolog\u00eda y la conducta.<\/p>\n<p>En su participaci\u00f3n se\u00f1al\u00f3 la colaboraci\u00f3n de Armando Bautista Ortega, investigador del Centro Tlaxcala de Biolog\u00eda de la Conducta, perteneciente a la Universidad Aut\u00f3noma de Tlaxcala y egresado del Doctorado en Neuroetolog\u00eda de la UV.<\/p>\n<p>Explic\u00f3 que la diferenciaci\u00f3n entre individuos comienza incluso antes de nacer y son gen\u00e9ticamente determinadas tambi\u00e9n con base en la experiencia y el ambiente.<\/p>\n<p>Las relaciones sociales entre hermanos se pueden agrupar bajo dos aspectos principales, dijo, por un lado el beneficio que implica para ambos y por el otro lado la competencia, que tambi\u00e9n incide en el desarrollo y el aprendizaje.<\/p>\n<p>Sobre este aspecto se han realizado pocos estudios fuera de laboratorio porque existen varias dificultades, la primera de ellas es la observaci\u00f3n ya que los mam\u00edferos son principalmente de h\u00e1bitos nocturnos y un factor crucial es la defensa maternal de las cr\u00edas.<\/p>\n<p>Su trabajo sobre conejos en laboratorio mostr\u00f3 que aquellas cr\u00edas de la camada que nacen con mayor peso y dimensiones tienen mayores posibilidades de llegar a la edad reproductiva, y aquellas que se acurrucan a dormir al centro de la camada tambi\u00e9n son las que tienen m\u00e1s peso.<\/p>\n<p>\u201cEl peso al nacer se ha convertido en un excelente indicador para las investigaciones y en un buen m\u00e9todo de predicci\u00f3n de sus capacidades\u201d, apunt\u00f3 la ponente.<\/p>\n<p>La segunda ponencia de la jornada estuvo a cargo de Juan Carlos Brenes S\u00e1enz, acad\u00e9mico del Instituto de Investigaciones Psicol\u00f3gicas de la UCR, quien imparti\u00f3 el tema \u201cVocalizaciones ultras\u00f3nicas de 50-kHz como indicador de arousal, motivaci\u00f3n y afectividad en ratas\u201d.<\/p>\n<p>Brenes S\u00e1enz mostr\u00f3 los resultados de las investigaciones que ha realizado sobre las vocalizaciones ultras\u00f3nicas (VUS) en roedores sometidos a diferentes experimentos y su posible relaci\u00f3n con las relaciones sociales.<\/p>\n<p>El acad\u00e9mico recalc\u00f3 que los animales no necesitan entrenamiento para realizarlas y aparecen en una amplia variedad de situaciones y en contextos muy diversos; en particular sus VUS en el rango de los 50 kilohertzios (kHz) se diferencian de aquellas vocalizaciones que emiten como se\u00f1ales de alarma, en el rango de los 22 kHz, \u201cson se\u00f1ales de alarma que adem\u00e1s se producen en situaciones de afectividad negativa\u201d, precis\u00f3.<\/p>\n<p>A diferencia de los ratones, las ratas tienen vocalizaciones espont\u00e1neas cuando est\u00e1n explorando ambientes diferentes o novedosos, \u201ces decir, estos animales entran a un espacio y comienzan a emitir se\u00f1ales\u201d, dijo.<\/p>\n<p>En dicho sentido recalc\u00f3 que las VUS \u201cson un marcador muy importante para estudios neuroqu\u00edmicos, neurofarmacol\u00f3gicos en general y de comportamiento porque las podemos inducir artificialmente con una serie de agentes, principalmente agentes psicoestimulantes\u201d.<\/p>\n<p>Reconoci\u00f3 que ello plantea un gran desaf\u00edo: \u201creconocer c\u00f3mo estos animales son capaces de se\u00f1alizar estados emocionales subjetivos que ocurren si hay otras ratas presentes o no\u201d.<\/p>\n<p>&nbsp;<\/p>\n<div id=\"attachment_57016\" style=\"width: 732px\" class=\"wp-caption aligncenter\"><a href=\"https:\/\/www.uv.mx\/prensa\/files\/2018\/10\/261018-robyn-Hudson-y-juan-carlos-Brenes-2.jpg\"><img loading=\"lazy\" decoding=\"async\" aria-describedby=\"caption-attachment-57016\" class=\"size-full wp-image-57016\" src=\"https:\/\/www.uv.mx\/prensa\/files\/2018\/10\/261018-robyn-Hudson-y-juan-carlos-Brenes-2.jpg\" alt=\"\" width=\"722\" height=\"481\" srcset=\"https:\/\/www.uv.mx\/prensa\/files\/2018\/10\/261018-robyn-Hudson-y-juan-carlos-Brenes-2.jpg 722w, https:\/\/www.uv.mx\/prensa\/files\/2018\/10\/261018-robyn-Hudson-y-juan-carlos-Brenes-2-300x200.jpg 300w\" sizes=\"auto, (max-width: 722px) 100vw, 722px\" \/><\/a><p id=\"caption-attachment-57016\" class=\"wp-caption-text\">Juan Carlos Brenes S\u00e1enz, de la Universidad de Costa Rica, habl\u00f3 sobre las vocalizaciones ultras\u00f3nicas de los roedores<\/p><\/div>\n","protected":false},"excerpt":{"rendered":"<p>Robyn Hudson y Juan Carlos Brenes impartieron conferencias sobre conejos y roedores<\/p>\n","protected":false},"author":1508,"featured_media":57014,"comment_status":"closed","ping_status":"closed","sticky":false,"template":"","format":"standard","meta":{"footnotes":""},"categories":[45],"tags":[],"class_list":["post-57013","post","type-post","status-publish","format-standard","has-post-thumbnail","hentry","category-ciencia"],"_links":{"self":[{"href":"https:\/\/www.uv.mx\/prensa\/wp-json\/wp\/v2\/posts\/57013","targetHints":{"allow":["GET"]}}],"collection":[{"href":"https:\/\/www.uv.mx\/prensa\/wp-json\/wp\/v2\/posts"}],"about":[{"href":"https:\/\/www.uv.mx\/prensa\/wp-json\/wp\/v2\/types\/post"}],"author":[{"embeddable":true,"href":"https:\/\/www.uv.mx\/prensa\/wp-json\/wp\/v2\/users\/1508"}],"replies":[{"embeddable":true,"href":"https:\/\/www.uv.mx\/prensa\/wp-json\/wp\/v2\/comments?post=57013"}],"version-history":[{"count":0,"href":"https:\/\/www.uv.mx\/prensa\/wp-json\/wp\/v2\/posts\/57013\/revisions"}],"wp:featuredmedia":[{"embeddable":true,"href":"https:\/\/www.uv.mx\/prensa\/wp-json\/wp\/v2\/media\/57014"}],"wp:attachment":[{"href":"https:\/\/www.uv.mx\/prensa\/wp-json\/wp\/v2\/media?parent=57013"}],"wp:term":[{"taxonomy":"category","embeddable":true,"href":"https:\/\/www.uv.mx\/prensa\/wp-json\/wp\/v2\/categories?post=57013"},{"taxonomy":"post_tag","embeddable":true,"href":"https:\/\/www.uv.mx\/prensa\/wp-json\/wp\/v2\/tags?post=57013"}],"curies":[{"name":"wp","href":"https:\/\/api.w.org\/{rel}","templated":true}]}}