{"id":570,"date":"2015-06-26T10:07:13","date_gmt":"2015-06-26T15:07:13","guid":{"rendered":"https:\/\/www.uv.mx\/prensa\/?p=570"},"modified":"2015-06-26T10:07:13","modified_gmt":"2015-06-26T15:07:13","slug":"uv-y-coveicydet-convienen-impulsar-la-investigacion-cientifica","status":"publish","type":"post","link":"https:\/\/www.uv.mx\/prensa\/general\/uv-y-coveicydet-convienen-impulsar-la-investigacion-cientifica\/","title":{"rendered":"UV y Coveicydet convienen impulsar la investigaci\u00f3n cient\u00edfica"},"content":{"rendered":"<p><em>\u00a0<\/em><\/p>\n<p><em>Con la participaci\u00f3n de la IP<\/em><\/p>\n<ul>\n<li><em>La Oficina de Transferencia de Tecnolog\u00eda del Consejo Veracruzano de Investigaci\u00f3n Cient\u00edfica y Desarrollo Tecnol\u00f3gico<\/em> <em>ser\u00e1 el gestor de la vinculaci\u00f3n entre la Universidad con el sector productivo<\/em><\/li>\n<li><em>\u201cLas universidades tienen un papel determinante en el desarrollo de la ciencia de nuestro pa\u00eds\u201d: Sara Ladr\u00f3n de Guevara<\/em><\/li>\n<\/ul>\n<p>&nbsp;<\/p>\n<p><strong><em>David Sandoval Rodr\u00edguez<\/em><\/strong><\/p>\n<p>&nbsp;<\/p>\n<p>La Universidad Veracruzana (UV) y el Consejo Veracruzano de Investigaci\u00f3n Cient\u00edfica y Desarrollo Tecnol\u00f3gico (<em>Coveicydet<\/em>) signaron este jueves 11 de junio el convenio espec\u00edfico de colaboraci\u00f3n que permitir\u00e1 vincular a la m\u00e1xima casa de estudios con el sector productivo, tanto p\u00fablico como privado.<\/p>\n<p>Sara Ladr\u00f3n de Guevara, rectora de la UV, recalc\u00f3 que \u201clas universidades p\u00fablicas, que con orgullo ostentan ese car\u00e1cter, han jugado y est\u00e1n llamadas a jugar un papel determinante en el desarrollo de la ciencia en nuestro pa\u00eds.<\/p>\n<p>\u201dEs en este marco en el que ubico la firma del convenio que hoy establecen la Universidad Veracruzana y el Consejo Veracruzano de Investigaci\u00f3n Cient\u00edfica y Desarrollo Tecnol\u00f3gico, que apunta a atender otro aspecto clave en y para la consecuci\u00f3n del objetivo que todos deseamos alcanzar: tender puentes con la iniciativa privada, un sector de la sociedad que bien puede apuntalar la investigaci\u00f3n cient\u00edfica y la aplicaci\u00f3n de los descubrimientos que en este sector se realicen\u201d, afirm\u00f3.<\/p>\n<p>El convenio establece que la Oficina de Transferencia de Tecnolog\u00eda del <em>Coveicydet<\/em> fungir\u00e1 como un gestor, con el objetivo de incrementar las oportunidades de vinculaci\u00f3n entre esta casa de estudios y el sector privado, \u201cofreciendo para ello una serie de servicios que facilitar\u00e1n la transferencia de conocimiento a trav\u00e9s de la consultor\u00eda, la contrataci\u00f3n, el licenciamiento y la asesor\u00eda\u201d, puntualiz\u00f3.<\/p>\n<p>Para este prop\u00f3sito la UV proporcionar\u00e1 al <em>Coveicydet<\/em> una lista de los grupos de trabajo de cada una de sus instituciones, que incluir\u00e1 las habilidades, las capacidades, las l\u00edneas de investigaci\u00f3n, los resultados, las invenciones, las patentes y otros elementos que puedan ser de inter\u00e9s al sector empresarial, adem\u00e1s de fungir como enlace y gestor entre los interesados.<\/p>\n<p>Jos\u00e9 Manuel Velasco Toro, director del <em>Coveicydet<\/em>, expres\u00f3 que para el consejo es un gran momento la firma del convenio mediante el cual se liga la Oficina de Transferencia de Tecnolog\u00eda, instancia acreditada ante el Consejo Nacional de Ciencia y Tecnolog\u00eda (<em>Conacyt<\/em>), con la UV, una instituci\u00f3n con gran fortaleza en la regi\u00f3n sur-sureste del pa\u00eds.<\/p>\n<p>&nbsp;<\/p>\n<div id=\"attachment_579\" style=\"width: 310px\" class=\"wp-caption aligncenter\"><a href=\"https:\/\/www.uv.mx\/prensa\/files\/2015\/06\/Firma-de-convenio-UV-y-Coveicydet-12.jpg\"><img aria-describedby=\"caption-attachment-579\" decoding=\"async\" loading=\"lazy\" class=\"size-medium wp-image-579\" src=\"https:\/\/www.uv.mx\/prensa\/files\/2015\/06\/Firma-de-convenio-UV-y-Coveicydet-12-300x200.jpg\" alt=\"Sara Ladr\u00f3n de Guevara y Jos\u00e9 Velasco Toro firmaron convenio entre la UV y el Coveicydet.\" width=\"300\" height=\"200\" srcset=\"https:\/\/www.uv.mx\/prensa\/files\/2015\/06\/Firma-de-convenio-UV-y-Coveicydet-12-300x200.jpg 300w, https:\/\/www.uv.mx\/prensa\/files\/2015\/06\/Firma-de-convenio-UV-y-Coveicydet-12-1024x684.jpg 1024w, https:\/\/www.uv.mx\/prensa\/files\/2015\/06\/Firma-de-convenio-UV-y-Coveicydet-12.jpg 1264w\" sizes=\"(max-width: 300px) 100vw, 300px\" \/><\/a><p id=\"caption-attachment-579\" class=\"wp-caption-text\">Sara Ladr\u00f3n de Guevara y Jos\u00e9 Velasco Toro firmaron convenio entre la UV y el Coveicydet.<\/p><\/div>\n<p>&nbsp;<\/p>\n<p>Se\u00f1al\u00f3 que \u201cera necesaria una vinculaci\u00f3n en este sentido cuando la instituci\u00f3n tiene un potencial de transferencia de conocimiento, de innovaciones tecnol\u00f3gicas hacia el sector productivo, tanto en el \u00e1mbito privado como p\u00fablico\u201d.<\/p>\n<p>Mencion\u00f3 las numerosas posibilidades que se generar\u00e1n, particularmente en aquellos campos del saber vinculados con la agenda de innovaci\u00f3n tecnol\u00f3gica impulsados a nivel nacional, como los sectores alimentario, mec\u00e1nico, de salud y el \u00e1mbito del ambiente.<\/p>\n<p>Esta vinculaci\u00f3n permitir\u00e1 una apertura y flujo con el sector productivo y empresarial en un doble sentido de beneficios para ambas partes, agreg\u00f3.<\/p>\n<p>\u201cAl ser una oficina certificada, para la UV ser\u00e1 posible obtener recursos econ\u00f3micos del Fondo de Innovaci\u00f3n Tecnol\u00f3gica (FIT) con bonos por 300 mil pesos para estudios, y hasta tres millones de pesos para la elaboraci\u00f3n de proyectos en vinculaci\u00f3n con empresas que aporten el 30 por ciento y el <em>Conacyt<\/em> aporte el 70 por ciento\u201d, apunt\u00f3.<\/p>\n<p>Con ello se garantizan adem\u00e1s los derechos de licencias, intelectuales y de patentes, impulsando procesos de mejoramiento, innovaci\u00f3n tecnol\u00f3gica y generaci\u00f3n del conocimiento.<\/p>\n<p>Atestiguaron la firma del convenio Leticia Rodr\u00edguez Audirac, secretaria Acad\u00e9mica; Octavio Ochoa Contreras, secretario de la Rector\u00eda; Alberto Islas Reyes, abogado general; Rebeca Hern\u00e1ndez Ar\u00e1mburo, directora general de Vinculaci\u00f3n; Raciel Dam\u00f3n Mart\u00ednez G\u00f3mez, director general de Comunicaci\u00f3n Universitaria; as\u00ed como funcionarios del <em>Coveicydet<\/em>.<\/p>\n","protected":false},"excerpt":{"rendered":"<p>\u00a0 Con la participaci\u00f3n de la IP La Oficina de Transferencia de Tecnolog\u00eda del Consejo Veracruzano de Investigaci\u00f3n Cient\u00edfica y Desarrollo Tecnol\u00f3gico ser\u00e1 el gestor de la vinculaci\u00f3n entre la Universidad con [&hellip;]<\/p>\n","protected":false},"author":1810,"featured_media":579,"comment_status":"closed","ping_status":"closed","sticky":false,"template":"","format":"standard","meta":[],"categories":[1],"tags":[2],"_links":{"self":[{"href":"https:\/\/www.uv.mx\/prensa\/wp-json\/wp\/v2\/posts\/570"}],"collection":[{"href":"https:\/\/www.uv.mx\/prensa\/wp-json\/wp\/v2\/posts"}],"about":[{"href":"https:\/\/www.uv.mx\/prensa\/wp-json\/wp\/v2\/types\/post"}],"author":[{"embeddable":true,"href":"https:\/\/www.uv.mx\/prensa\/wp-json\/wp\/v2\/users\/1810"}],"replies":[{"embeddable":true,"href":"https:\/\/www.uv.mx\/prensa\/wp-json\/wp\/v2\/comments?post=570"}],"version-history":[{"count":0,"href":"https:\/\/www.uv.mx\/prensa\/wp-json\/wp\/v2\/posts\/570\/revisions"}],"wp:featuredmedia":[{"embeddable":true,"href":"https:\/\/www.uv.mx\/prensa\/wp-json\/wp\/v2\/media\/579"}],"wp:attachment":[{"href":"https:\/\/www.uv.mx\/prensa\/wp-json\/wp\/v2\/media?parent=570"}],"wp:term":[{"taxonomy":"category","embeddable":true,"href":"https:\/\/www.uv.mx\/prensa\/wp-json\/wp\/v2\/categories?post=570"},{"taxonomy":"post_tag","embeddable":true,"href":"https:\/\/www.uv.mx\/prensa\/wp-json\/wp\/v2\/tags?post=570"}],"curies":[{"name":"wp","href":"https:\/\/api.w.org\/{rel}","templated":true}]}}