{"id":56944,"date":"2018-10-25T19:53:04","date_gmt":"2018-10-26T00:53:04","guid":{"rendered":"https:\/\/www.uv.mx\/prensa\/?p=56944"},"modified":"2018-10-29T14:26:29","modified_gmt":"2018-10-29T20:26:29","slug":"fcba-realizo-vii-congreso-internacional-biologico-agropecuario","status":"publish","type":"post","link":"https:\/\/www.uv.mx\/prensa\/regiones\/poza-rica\/fcba-realizo-vii-congreso-internacional-biologico-agropecuario\/","title":{"rendered":"FCBA realiz\u00f3 VII Congreso Internacional Biol\u00f3gico-Agropecuario"},"content":{"rendered":"<ul>\n<li><i>Se presentaron conferencias magistrales, <\/i><i>carteles y ponencias<\/i><\/li>\n<\/ul>\n<p>&nbsp;<\/p>\n<div id=\"attachment_56940\" style=\"width: 732px\" class=\"wp-caption aligncenter\"><a href=\"https:\/\/www.uv.mx\/prensa\/files\/2018\/10\/Tuxpan-1-Congres-FCBA-100k.jpg\"><img loading=\"lazy\" decoding=\"async\" aria-describedby=\"caption-attachment-56940\" class=\"size-full wp-image-56940\" src=\"https:\/\/www.uv.mx\/prensa\/files\/2018\/10\/Tuxpan-1-Congres-FCBA-100k.jpg\" alt=\"\" width=\"722\" height=\"444\" srcset=\"https:\/\/www.uv.mx\/prensa\/files\/2018\/10\/Tuxpan-1-Congres-FCBA-100k.jpg 722w, https:\/\/www.uv.mx\/prensa\/files\/2018\/10\/Tuxpan-1-Congres-FCBA-100k-300x184.jpg 300w\" sizes=\"auto, (max-width: 722px) 100vw, 722px\" \/><\/a><p id=\"caption-attachment-56940\" class=\"wp-caption-text\">Inauguraci\u00f3n del VII Congreso Internacional organizado por la FCBA en Tuxpan<\/p><\/div>\n<p>&nbsp;<\/p>\n<p><b><i>Alma Celia San Mart\u00edn Cruz<\/i><\/b><\/p>\n<p><b><i>25\/10\/<\/i><\/b><b><i>18<\/i><\/b><b><i>, <\/i><\/b><b><i>Tuxpan, Ver<\/i><\/b><b><i>.- <\/i><\/b>La <a href=\"https:\/\/www.uv.mx\/pozarica\/cba\/\">Facultad de Ciencias Biol\u00f3gicas y Agropecuarias<\/a> (FCBA) de la Universidad Veracruzana (UV), <i>campus<\/i> Tuxpan, realiz\u00f3 del 3 al 5 de octubre el VII Congreso Internacional Biol\u00f3gico-Agropecuario, que congreg\u00f3 a m\u00e1s de 570 personas provenientes de todos los estados del pa\u00eds y de siete del continente americano.<\/p>\n<p>En el evento destac\u00f3 la participaci\u00f3n de conferencistas con una importante trayectoria internacional, entre ellos: Mike Kjelland, de la Universidad de Dakota del Norte, quien imparti\u00f3 el tema \u201cClonaci\u00f3n: presente y futuro\u201d; B\u00e1rbara J. Teruel, de la Escuela de Ingenier\u00eda Agr\u00edcola de la Universidad de Campinas, con el tema \u201cCadenas productivas sostenibles sobre la \u00f3ptica de la relaci\u00f3n\u201d.<\/p>\n<p>Bel\u00e9n S\u00e1enz Rico de Santiago, de la Universidad Complutense de Madrid, habl\u00f3 de \u201cRe-conceptualizando el desarrollo humano: universidad y sostenibilidad\u201d; Rodrigo Antonio Acevedo Figueroa, del Ministerio de Agricultura de Chile, disert\u00f3 sobre \u201cAplicaciones geointeligentes para la mejora comercial y productiva en la agricultura\u201d.<\/p>\n<p>Ximena Sandy Valencia, de la Sociedad para la Conservaci\u00f3n de la Vida Silvestre, de Estados Unidos, ofreci\u00f3 los temas \u201cConservando la amazonia boliviana\u201d y \u201cLos emprendimientos productivos como parte de una estrategia de conservaci\u00f3n en \u00e1reas protegidas y sus \u00e1reas de influencia en el norte de la Paz, Bolivia\u201d; Joel Ortega Ortiz, de la Universidad del Sur de Florida, present\u00f3 \u201cEcolog\u00eda de mam\u00edferos marinos: avances y retos a futuro\u201d; y Mario Fabila Castillo, del Instituto de Ecolog\u00eda, de M\u00e9xico, ofreci\u00f3 \u201cEl inframundo en el recinto sagrado de Tenochtitlan y su conexi\u00f3n con la biolog\u00eda de <i>Canthon cyanellus<\/i> LeConte, un escarabajo necr\u00f3fago de la subfamilia <i>Scarabaeinae<\/i>\u201d.<\/p>\n<p>De igual manera, se realizaron los simposios de Agronom\u00eda y Negocios, Medicina Veterinaria y Zootecnia, y Biolog\u00eda y Biolog\u00eda Marina, en los que se presentaron temas como: Tecnolog\u00edas sostenibles de producci\u00f3n agr\u00edcola; Agricultura org\u00e1nica; Inocuidad alimentaria; Fruticultura; Tendencias actuales en bioseguridad de las instalaciones pecuarias; Diagn\u00f3stico y control de enfermedades con sistemas sostenibles de producci\u00f3n; Biodiversidad; \u00c1reas naturales protegidas; Conservaci\u00f3n de humedales; Manejo de cuencas hidrol\u00f3gicas; Ecolog\u00eda del paisaje; Importancia de ecosistemas terrestres y marinos; y Contaminaci\u00f3n ambiental.<\/p>\n<p>Tambi\u00e9n se present\u00f3 una muestra de carteles de las carreras de Agronom\u00eda y Agronegocios, Biolog\u00eda y Biolog\u00eda Marina y Veterinaria.<\/p>\n<p>&nbsp;<\/p>\n<div id=\"attachment_56941\" style=\"width: 732px\" class=\"wp-caption aligncenter\"><a href=\"https:\/\/www.uv.mx\/prensa\/files\/2018\/10\/Tuxpan-2-Congreso-FCBA-100k.jpg\"><img loading=\"lazy\" decoding=\"async\" aria-describedby=\"caption-attachment-56941\" class=\"wp-image-56941 size-full\" src=\"https:\/\/www.uv.mx\/prensa\/files\/2018\/10\/Tuxpan-2-Congreso-FCBA-100k.jpg\" alt=\"\" width=\"722\" height=\"542\" srcset=\"https:\/\/www.uv.mx\/prensa\/files\/2018\/10\/Tuxpan-2-Congreso-FCBA-100k.jpg 722w, https:\/\/www.uv.mx\/prensa\/files\/2018\/10\/Tuxpan-2-Congreso-FCBA-100k-300x225.jpg 300w\" sizes=\"auto, (max-width: 722px) 100vw, 722px\" \/><\/a><p id=\"caption-attachment-56941\" class=\"wp-caption-text\">Estudiantes, acad\u00e9micos e investigadores participaron en el congreso<\/p><\/div>\n","protected":false},"excerpt":{"rendered":"<p>El evento se realiz\u00f3 del 3 al 5 de octubre en Tuxpan, con la asistencia de m\u00e1s de 570 estudiantes, acad\u00e9micos e investigadores nacionales y extranjeros<\/p>\n","protected":false},"author":1508,"featured_media":56940,"comment_status":"closed","ping_status":"closed","sticky":false,"template":"","format":"standard","meta":{"footnotes":""},"categories":[54],"tags":[],"class_list":["post-56944","post","type-post","status-publish","format-standard","has-post-thumbnail","hentry","category-poza-rica"],"_links":{"self":[{"href":"https:\/\/www.uv.mx\/prensa\/wp-json\/wp\/v2\/posts\/56944","targetHints":{"allow":["GET"]}}],"collection":[{"href":"https:\/\/www.uv.mx\/prensa\/wp-json\/wp\/v2\/posts"}],"about":[{"href":"https:\/\/www.uv.mx\/prensa\/wp-json\/wp\/v2\/types\/post"}],"author":[{"embeddable":true,"href":"https:\/\/www.uv.mx\/prensa\/wp-json\/wp\/v2\/users\/1508"}],"replies":[{"embeddable":true,"href":"https:\/\/www.uv.mx\/prensa\/wp-json\/wp\/v2\/comments?post=56944"}],"version-history":[{"count":0,"href":"https:\/\/www.uv.mx\/prensa\/wp-json\/wp\/v2\/posts\/56944\/revisions"}],"wp:featuredmedia":[{"embeddable":true,"href":"https:\/\/www.uv.mx\/prensa\/wp-json\/wp\/v2\/media\/56940"}],"wp:attachment":[{"href":"https:\/\/www.uv.mx\/prensa\/wp-json\/wp\/v2\/media?parent=56944"}],"wp:term":[{"taxonomy":"category","embeddable":true,"href":"https:\/\/www.uv.mx\/prensa\/wp-json\/wp\/v2\/categories?post=56944"},{"taxonomy":"post_tag","embeddable":true,"href":"https:\/\/www.uv.mx\/prensa\/wp-json\/wp\/v2\/tags?post=56944"}],"curies":[{"name":"wp","href":"https:\/\/api.w.org\/{rel}","templated":true}]}}