{"id":56771,"date":"2018-10-24T10:41:59","date_gmt":"2018-10-24T15:41:59","guid":{"rendered":"https:\/\/www.uv.mx\/prensa\/?p=56771"},"modified":"2018-10-24T12:58:34","modified_gmt":"2018-10-24T17:58:34","slug":"promocion-de-la-salud-estrategia-integradora-de-la-uv","status":"publish","type":"post","link":"https:\/\/www.uv.mx\/prensa\/general\/promocion-de-la-salud-estrategia-integradora-de-la-uv\/","title":{"rendered":"Promoci\u00f3n de la salud, estrategia integradora de la UV"},"content":{"rendered":"<ul>\n<li><em><span class=\"TextRun SCXW219681168\" lang=\"ES-ES\" xml:lang=\"ES-ES\"><span class=\"NormalTextRun SCXW219681168\">Actividades<\/span><\/span><span class=\"TextRun SCXW219681168\" lang=\"ES-ES\" xml:lang=\"ES-ES\"><span class=\"NormalTextRun SCXW219681168\"> como<\/span><\/span> <span class=\"TextRun SCXW219681168\" lang=\"ES-ES\" xml:lang=\"ES-ES\"><span class=\"NormalTextRun SCXW219681168\">la <\/span><\/span><span class=\"TextRun SCXW219681168\" lang=\"ES-ES\" xml:lang=\"ES-ES\"><span class=\"NormalTextRun SCXW219681168\">gimnasia laboral<\/span><\/span> <span class=\"TextRun SCXW219681168\" lang=\"ES-ES\" xml:lang=\"ES-ES\"><span class=\"NormalTextRun SCXW219681168\">combate<\/span><\/span><span class=\"TextRun SCXW219681168\" lang=\"ES-ES\" xml:lang=\"ES-ES\"><span class=\"NormalTextRun SCXW219681168\">n<\/span><\/span> <span class=\"TextRun SCXW219681168\" lang=\"ES-ES\" xml:lang=\"ES-ES\"><span class=\"NormalTextRun SCXW219681168\">el estr\u00e9s y <\/span><\/span><span class=\"TextRun SCXW219681168\" lang=\"ES-ES\" xml:lang=\"ES-ES\"><span class=\"NormalTextRun SCXW219681168\">el sedentarismo<\/span><\/span><\/em><\/li>\n<\/ul>\n<p>&nbsp;<\/p>\n<div id=\"attachment_56772\" style=\"width: 732px\" class=\"wp-caption aligncenter\"><a href=\"https:\/\/www.uv.mx\/prensa\/files\/2018\/10\/231018-Panel-Salud-1.jpg\"><img loading=\"lazy\" decoding=\"async\" aria-describedby=\"caption-attachment-56772\" class=\"size-full wp-image-56772\" src=\"https:\/\/www.uv.mx\/prensa\/files\/2018\/10\/231018-Panel-Salud-1.jpg\" alt=\"\" width=\"722\" height=\"481\" srcset=\"https:\/\/www.uv.mx\/prensa\/files\/2018\/10\/231018-Panel-Salud-1.jpg 722w, https:\/\/www.uv.mx\/prensa\/files\/2018\/10\/231018-Panel-Salud-1-300x200.jpg 300w\" sizes=\"auto, (max-width: 722px) 100vw, 722px\" \/><\/a><p id=\"caption-attachment-56772\" class=\"wp-caption-text\">Sarah\u00ed Ram\u00edrez, Roxana Ch\u00e1vez y Jorge Samuel Ch\u00e1vez, participantes del panel \u201cSalud\u201d de la 2\u00aa Semana de Universidad Segura 2018<\/p><\/div>\n<p>&nbsp;<\/p>\n<p><b><i>Jos\u00e9 Luis <\/i><\/b><b><i>Couttolenc<\/i><\/b><b><i> Soto<\/i><\/b><\/p>\n<p><b><i>24<\/i><\/b><b><i>\/<\/i><\/b><b><i>10<\/i><\/b><b><i>\/18<\/i><\/b><b><i>, Xalapa, Ver.-<\/i><\/b> La promoci\u00f3n de la salud en la Universidad Veracruzana (UV) es una estrategia integradora que tiene entre sus objetivos combatir el estr\u00e9s y el sedentarismo a trav\u00e9s de programas como el de la gimnasia laboral impulsado desde 2015, coincidieron en se\u00f1alar los participantes del panel \u201cSalud\u201d de la 2\u00aa Semana de Universidad Segura 2018, que se efectu\u00f3 el martes 23 de octubre en la Unidad de Servicios Bibliotecarios y de Informaci\u00f3n (USBI).<\/p>\n<p>Sarah\u00ed Ram\u00edrez Colina, encargada de la Coordinaci\u00f3n de Salud P\u00fablica del Sistema de Atenci\u00f3n Integral a la Salud (SAISUV), mencion\u00f3 que el sedentarismo es ya un problema que actualmente afecta al 70 por ciento de la poblaci\u00f3n adulta en M\u00e9xico y que de ello se derivan muchos problemas de salud, de los cuales no est\u00e1n exentos derechohabientes del servicio m\u00e9dico universitario.<\/p>\n<p>Para combatir este problema, explic\u00f3, el SAISUV en coordinaci\u00f3n con la <a href=\"https:\/\/www.uv.mx\/artes\/\">Direcci\u00f3n General del \u00c1rea Acad\u00e9mica de Artes<\/a> y la <a href=\"https:\/\/www.uv.mx\/daduv\/\">Direcci\u00f3n de Actividades Deportivas<\/a> (DADUV) dise\u00f1aron diversas actividades en beneficio de la comunidad acad\u00e9mica en materia de prevenci\u00f3n y cuidado de la salud.<\/p>\n<p>Al respecto, Roxana Ch\u00e1vez Villase\u00f1or, psic\u00f3loga adscrita a la Direcci\u00f3n General del \u00c1rea Acad\u00e9mica de Artes, explic\u00f3 que de febrero a junio de este a\u00f1o se puso en marcha el programa piloto \u201cArteterapia como mecanismo para reducir el estr\u00e9s laboral en los trabajadores de la UV\u201d, que tuvo como objetivo incidir en el bienestar de los empleados, al tiempo de contribuir a la formaci\u00f3n de entornos saludables mediante el descubrimiento de t\u00e9cnicas y herramientas que favorezcan la disminuci\u00f3n del estr\u00e9s, as\u00ed como valorar la capacidad laboral y las relaciones interpersonales.<\/p>\n<p>Reconoci\u00f3 que la arteterapia es un \u00e1rea que no est\u00e1 a\u00fan explotada, no obstante que representa una herramienta no amenazadora que permite trabajar de manera direccional, \u201cporque el concepto de arte siempre es algo enigm\u00e1tico y extenso, en donde se pueden encontrar posibilidades y opciones\u201d.<\/p>\n<p>El tercer panelista fue Jorge Samuel Ch\u00e1vez Guiot, de la DADUV, quien expuso los programas que tienen dise\u00f1ados para promover la salud y combatir el sedentarismo, sobrepeso y obesidad, entre los que se encuentran: nataci\u00f3n, UV fit, yoga, futbol r\u00e1pido, acondicionamiento f\u00edsico y gimnasia laboral, los cuales est\u00e1n a disposici\u00f3n de acad\u00e9micos, estudiantes, personal administrativo, t\u00e9cnico y manual.<\/p>\n","protected":false},"excerpt":{"rendered":"<p>La instituci\u00f3n impulsa, desde 2015, programas dise\u00f1ados para promover la salud y combatir el sedentarismo, el sobrepeso y la obesidad<\/p>\n","protected":false},"author":1508,"featured_media":56772,"comment_status":"closed","ping_status":"closed","sticky":false,"template":"","format":"standard","meta":{"footnotes":""},"categories":[1],"tags":[],"class_list":["post-56771","post","type-post","status-publish","format-standard","has-post-thumbnail","hentry","category-general"],"_links":{"self":[{"href":"https:\/\/www.uv.mx\/prensa\/wp-json\/wp\/v2\/posts\/56771","targetHints":{"allow":["GET"]}}],"collection":[{"href":"https:\/\/www.uv.mx\/prensa\/wp-json\/wp\/v2\/posts"}],"about":[{"href":"https:\/\/www.uv.mx\/prensa\/wp-json\/wp\/v2\/types\/post"}],"author":[{"embeddable":true,"href":"https:\/\/www.uv.mx\/prensa\/wp-json\/wp\/v2\/users\/1508"}],"replies":[{"embeddable":true,"href":"https:\/\/www.uv.mx\/prensa\/wp-json\/wp\/v2\/comments?post=56771"}],"version-history":[{"count":0,"href":"https:\/\/www.uv.mx\/prensa\/wp-json\/wp\/v2\/posts\/56771\/revisions"}],"wp:featuredmedia":[{"embeddable":true,"href":"https:\/\/www.uv.mx\/prensa\/wp-json\/wp\/v2\/media\/56772"}],"wp:attachment":[{"href":"https:\/\/www.uv.mx\/prensa\/wp-json\/wp\/v2\/media?parent=56771"}],"wp:term":[{"taxonomy":"category","embeddable":true,"href":"https:\/\/www.uv.mx\/prensa\/wp-json\/wp\/v2\/categories?post=56771"},{"taxonomy":"post_tag","embeddable":true,"href":"https:\/\/www.uv.mx\/prensa\/wp-json\/wp\/v2\/tags?post=56771"}],"curies":[{"name":"wp","href":"https:\/\/api.w.org\/{rel}","templated":true}]}}