{"id":56337,"date":"2018-10-20T09:00:09","date_gmt":"2018-10-20T14:00:09","guid":{"rendered":"https:\/\/www.uv.mx\/prensa\/?p=56337"},"modified":"2018-10-26T07:59:53","modified_gmt":"2018-10-26T12:59:53","slug":"psicologia-realizara-jornada-materialismo-filosofico-y-teoria-psicologica","status":"publish","type":"post","link":"https:\/\/www.uv.mx\/prensa\/eventos\/psicologia-realizara-jornada-materialismo-filosofico-y-teoria-psicologica\/","title":{"rendered":"Psicolog\u00eda realizar\u00e1 Jornada \u201cMaterialismo filos\u00f3fico y teor\u00eda psicol\u00f3gica\u201d"},"content":{"rendered":"<div id=\"attachment_55965\" style=\"width: 623px\" class=\"wp-caption aligncenter\"><a href=\"https:\/\/www.uv.mx\/prensa\/files\/2018\/10\/161018-Jornada-Materialismo-Filosofico.jpg\"><img aria-describedby=\"caption-attachment-55965\" decoding=\"async\" loading=\"lazy\" class=\"size-full wp-image-55965\" src=\"https:\/\/www.uv.mx\/prensa\/files\/2018\/10\/161018-Jornada-Materialismo-Filosofico.jpg\" alt=\"\" width=\"613\" height=\"722\" srcset=\"https:\/\/www.uv.mx\/prensa\/files\/2018\/10\/161018-Jornada-Materialismo-Filosofico.jpg 613w, https:\/\/www.uv.mx\/prensa\/files\/2018\/10\/161018-Jornada-Materialismo-Filosofico-255x300.jpg 255w\" sizes=\"(max-width: 613px) 100vw, 613px\" \/><\/a><p id=\"caption-attachment-55965\" class=\"wp-caption-text\">El evento se efectuar\u00e1 el viernes 26 de octubre a las 10:00 horas<\/p><\/div>\n<p>&nbsp;<\/p>\n<p>&nbsp;<\/p>\n<p><b><i>20<\/i><\/b><b><i>\/10\/18, Xalapa, <\/i><\/b><b><i>Ver.-<\/i><\/b> La Facultad de Psicolog\u00eda de la Universidad Veracruzana (UV) realizar\u00e1 la 1\u00aa. Jornada Acad\u00e9mica \u201cMaterialismo filos\u00f3fico y teor\u00eda psicol\u00f3gica\u201d, el viernes 26 de octubre a las 10:00 horas, en el auditorio de la propia entidad acad\u00e9mica.<\/p>\n<p>Est\u00e1 dirigida a antrop\u00f3logos, fil\u00f3sofos, historiadores, soci\u00f3logos, pedagogos, psic\u00f3logos y p\u00fablico en general interesado en el tema. Quienes se inscriban recibir\u00e1n constancia de participaci\u00f3n, por lo que el cupo es limitado. Mayores informes con Jos\u00e9 Arturo Herrera Melo\u202fal correo: <a href=\"mailto:arherrera@uv.mx\">arherrera@uv.mx<\/a>, tel\u00e9fono 8421700, extensi\u00f3n 15815, y al celular 2281396098.<\/p>\n<p>La conferencia magistral ser\u00e1 impartida por el acad\u00e9mico Jos\u00e9 Arturo Herrera Melo, con el tema \u201cEl operacionalismo materialista contextual como embri\u00f3n de teor\u00eda psicol\u00f3gica\u201d, de 10:15 a 11:30 horas.<\/p>\n<p>Enseguida habr\u00e1 un descanso de media hora para continuar con el conversatorio \u201cEl porvenir de la teor\u00eda psicol\u00f3gica\u201d, en el que intervendr\u00e1n Mar\u00eda Isabel Guiot V\u00e1zquez, Ricardo Garc\u00eda Valdez y Vicenta Reynoso Alc\u00e1ntara, todos profesores adscritos a la Facultad de Psicolog\u00eda.<\/p>\n<p>La jornada culminar\u00e1 con un video-debate en el que se proyectar\u00e1 la conferencia \u201cLa psicoterapia como ciencia humana, m\u00e1s que tecnol\u00f3gica\u201d, de los estudiantes de Psicolog\u00eda: Marino P\u00e9rez \u00c1lvarez, Carolina Arrache, Geovany Romero y Joel Rueda.<\/p>\n","protected":false},"excerpt":{"rendered":"<p>Mayores informes con Jos\u00e9 Arturo Herrera Melo,\u202fal correo arherrera@uv.mx, tel\u00e9fono 8421700 extensi\u00f3n 15815 y al celular 2281396098 <\/p>\n","protected":false},"author":1869,"featured_media":55965,"comment_status":"closed","ping_status":"closed","sticky":false,"template":"","format":"standard","meta":[],"categories":[47],"tags":[],"_links":{"self":[{"href":"https:\/\/www.uv.mx\/prensa\/wp-json\/wp\/v2\/posts\/56337"}],"collection":[{"href":"https:\/\/www.uv.mx\/prensa\/wp-json\/wp\/v2\/posts"}],"about":[{"href":"https:\/\/www.uv.mx\/prensa\/wp-json\/wp\/v2\/types\/post"}],"author":[{"embeddable":true,"href":"https:\/\/www.uv.mx\/prensa\/wp-json\/wp\/v2\/users\/1869"}],"replies":[{"embeddable":true,"href":"https:\/\/www.uv.mx\/prensa\/wp-json\/wp\/v2\/comments?post=56337"}],"version-history":[{"count":0,"href":"https:\/\/www.uv.mx\/prensa\/wp-json\/wp\/v2\/posts\/56337\/revisions"}],"wp:featuredmedia":[{"embeddable":true,"href":"https:\/\/www.uv.mx\/prensa\/wp-json\/wp\/v2\/media\/55965"}],"wp:attachment":[{"href":"https:\/\/www.uv.mx\/prensa\/wp-json\/wp\/v2\/media?parent=56337"}],"wp:term":[{"taxonomy":"category","embeddable":true,"href":"https:\/\/www.uv.mx\/prensa\/wp-json\/wp\/v2\/categories?post=56337"},{"taxonomy":"post_tag","embeddable":true,"href":"https:\/\/www.uv.mx\/prensa\/wp-json\/wp\/v2\/tags?post=56337"}],"curies":[{"name":"wp","href":"https:\/\/api.w.org\/{rel}","templated":true}]}}