{"id":56058,"date":"2018-10-18T09:00:53","date_gmt":"2018-10-18T14:00:53","guid":{"rendered":"https:\/\/www.uv.mx\/prensa\/?p=56058"},"modified":"2018-10-18T17:16:55","modified_gmt":"2018-10-18T22:16:55","slug":"osx-presenta-memorias-de-1968-un-concierto-para-recordar","status":"publish","type":"post","link":"https:\/\/www.uv.mx\/prensa\/cultura\/osx-presenta-memorias-de-1968-un-concierto-para-recordar\/","title":{"rendered":"OSX presenta <em>Memorias 1968<\/em>, un concierto para recordar"},"content":{"rendered":"<ul>\n<li><em>Bajo la direcci\u00f3n de Lanfranco Marcelletti y el chelista israel\u00ed Amit Peled como solista invitado<\/em><\/li>\n<li><em>La Orquesta Sinf\u00f3nica de Xalapa conmemora los movimientos sociales del 68 con<\/em><em> obras de Revueltas, Penderecki y Hussa<\/em><\/li>\n<\/ul>\n<p>&nbsp;<\/p>\n<div id=\"attachment_56060\" style=\"width: 732px\" class=\"wp-caption aligncenter\"><a href=\"https:\/\/www.uv.mx\/prensa\/files\/2018\/09\/Lanfranco_OSX.jpg\"><img aria-describedby=\"caption-attachment-56060\" decoding=\"async\" loading=\"lazy\" class=\"size-full wp-image-56060\" src=\"https:\/\/www.uv.mx\/prensa\/files\/2018\/09\/Lanfranco_OSX.jpg\" alt=\"\" width=\"722\" height=\"478\" srcset=\"https:\/\/www.uv.mx\/prensa\/files\/2018\/09\/Lanfranco_OSX.jpg 722w, https:\/\/www.uv.mx\/prensa\/files\/2018\/09\/Lanfranco_OSX-300x199.jpg 300w\" sizes=\"(max-width: 722px) 100vw, 722px\" \/><\/a><p id=\"caption-attachment-56060\" class=\"wp-caption-text\">Lanfranco Marcelletti, director titular de la OSX<\/p><\/div>\n<p>&nbsp;<\/p>\n<p><strong><em>18\/10\/18, Xalapa, Ver.- <\/em><\/strong>Bajo la batuta de su director titular Lanfranco Marcelletti, la <a href=\"http:\/\/www.orquestasinfonicadexalapa.com\/\">Orquesta Sinf\u00f3nica de Xalapa<\/a> (OSX) de la Universidad Veracruzana (UV) presenta el viernes 19 de octubre el concierto <em>Memorias 1968<\/em>, un programa especial con motivo de la conmemoraci\u00f3n de los movimientos sociales que sacudieron a diferentes pa\u00edses, incluyendo a M\u00e9xico, y en el que tendr\u00e1 como solista invitado al violonchelista Amit Peled. La cita es en la Sala Tlaqn\u00e1, Centro Cultural, a las 20:30 horas.<\/p>\n<p>Hablar de 1968 es evocar una \u00e9poca de revoluci\u00f3n, juventud y lucha constante que sin duda lograron mover los cimientos de gobiernos y sociedades, para dar paso a nuevos comportamientos a lo largo de la d\u00e9cada siguiente. La OSX, consciente de la relevancia de estos movimientos alrededor del mundo, en su segunda temporada de conciertos de 2018 conmemora el 50 aniversario de los hechos que marcaron el camino de toda una generaci\u00f3n.<\/p>\n<p>En la primera parte de este programa especial se presentar\u00e1 el <em>Concierto para violoncello No. 2<\/em> de Penderecki con el chelista israel\u00ed Amit Peled como solista. \u201cEste concierto es una de las piezas m\u00e1s demandantes en el repertorio de un chelista y probablemente llega a las m\u00e1s profundas emociones. No puedo esperar para emprender este viaje musical en compa\u00f1\u00eda de la OSX y por supuesto con el p\u00fablico\u201d, expres\u00f3 el m\u00fasico invitado.<\/p>\n<p>La audici\u00f3n continuar\u00e1 con la obra <em>M\u00fasica para Praga 1968<\/em>, del compositor checo Karel Husa, para cerrar con <em>Redes<\/em>, pieza del mexicano Silvestre Revueltas que ha logrado fama a nivel internacional.<\/p>\n<p>\u201cTocar con la Orquesta Sinf\u00f3nica de Xalapa siempre se siente como volver a casa! He disfrutado mucho la cercana relaci\u00f3n que tengo con los m\u00fasicos, con el maestro Marcelletti por supuesto y con toda la comunidad cercana a la OSX a lo largo de estos a\u00f1os en los que he visitado Xalapa\u201d, coment\u00f3 con profundo entusiasmo Amit Peled, quien despu\u00e9s de un a\u00f1o regresa a esta capital para deleitarnos con el sonido del chelo.<\/p>\n<p>Peled es tambi\u00e9n director de orquesta y pedagogo, autor del libro <em>Un cello llamado Pablo<\/em>, que public\u00f3 con el objetivo de acercar a los ni\u00f1os a la m\u00fasica cl\u00e1sica. Fue nominado al Premio Grammy por su trabajo como int\u00e9rprete y ha participado como solista con numerosas orquestas en las principales salas de todo el mundo como Carnegie Hall y Alice Tully Hall en Nueva York, Salle Gaveau en Par\u00eds, Wigmore Hall en Londres y Konzerthaus en Berl\u00edn.<\/p>\n<p>Los boletos para el concierto conmemorativo <em>Memorias 1968<\/em> se podr\u00e1n adquirir en las oficinas de la OSX de lunes a jueves, y en la taquilla de Tlaqn\u00e1 el d\u00eda del concierto, con precios de 120 y 80, y un costo especial de 30 pesos para estudiantes que presenten su credencial.<\/p>\n<p>Para m\u00e1s informaci\u00f3n sobre las actividades de la OSX, consultar el sitio oficial <em>www.orquestasinfonicadexalapa.com<\/em> o la p\u00e1gina en <em>Facebook<\/em>: Orquesta Sinf\u00f3nica de Xalapa.<\/p>\n<p>&nbsp;<\/p>\n<div id=\"attachment_56059\" style=\"width: 732px\" class=\"wp-caption aligncenter\"><a href=\"https:\/\/www.uv.mx\/prensa\/files\/2018\/10\/Amit-Peled.jpg\"><img aria-describedby=\"caption-attachment-56059\" decoding=\"async\" loading=\"lazy\" class=\"size-full wp-image-56059\" src=\"https:\/\/www.uv.mx\/prensa\/files\/2018\/10\/Amit-Peled.jpg\" alt=\"\" width=\"722\" height=\"1085\" srcset=\"https:\/\/www.uv.mx\/prensa\/files\/2018\/10\/Amit-Peled.jpg 722w, https:\/\/www.uv.mx\/prensa\/files\/2018\/10\/Amit-Peled-200x300.jpg 200w, https:\/\/www.uv.mx\/prensa\/files\/2018\/10\/Amit-Peled-681x1024.jpg 681w\" sizes=\"(max-width: 722px) 100vw, 722px\" \/><\/a><p id=\"caption-attachment-56059\" class=\"wp-caption-text\">Amit Peled, violonchelista israel\u00ed, ser\u00e1 el solista invitado<\/p><\/div>\n","protected":false},"excerpt":{"rendered":"<p>Bajo la direcci\u00f3n de Lanfranco Marcelletti y el chelista israel\u00ed Amit Peled como solista invitado<\/p>\n","protected":false},"author":1869,"featured_media":56180,"comment_status":"closed","ping_status":"closed","sticky":false,"template":"","format":"standard","meta":[],"categories":[11,61],"tags":[],"_links":{"self":[{"href":"https:\/\/www.uv.mx\/prensa\/wp-json\/wp\/v2\/posts\/56058"}],"collection":[{"href":"https:\/\/www.uv.mx\/prensa\/wp-json\/wp\/v2\/posts"}],"about":[{"href":"https:\/\/www.uv.mx\/prensa\/wp-json\/wp\/v2\/types\/post"}],"author":[{"embeddable":true,"href":"https:\/\/www.uv.mx\/prensa\/wp-json\/wp\/v2\/users\/1869"}],"replies":[{"embeddable":true,"href":"https:\/\/www.uv.mx\/prensa\/wp-json\/wp\/v2\/comments?post=56058"}],"version-history":[{"count":0,"href":"https:\/\/www.uv.mx\/prensa\/wp-json\/wp\/v2\/posts\/56058\/revisions"}],"wp:featuredmedia":[{"embeddable":true,"href":"https:\/\/www.uv.mx\/prensa\/wp-json\/wp\/v2\/media\/56180"}],"wp:attachment":[{"href":"https:\/\/www.uv.mx\/prensa\/wp-json\/wp\/v2\/media?parent=56058"}],"wp:term":[{"taxonomy":"category","embeddable":true,"href":"https:\/\/www.uv.mx\/prensa\/wp-json\/wp\/v2\/categories?post=56058"},{"taxonomy":"post_tag","embeddable":true,"href":"https:\/\/www.uv.mx\/prensa\/wp-json\/wp\/v2\/tags?post=56058"}],"curies":[{"name":"wp","href":"https:\/\/api.w.org\/{rel}","templated":true}]}}