{"id":56036,"date":"2018-10-17T09:37:03","date_gmt":"2018-10-17T14:37:03","guid":{"rendered":"https:\/\/www.uv.mx\/prensa\/?p=56036"},"modified":"2018-10-17T09:37:03","modified_gmt":"2018-10-17T14:37:03","slug":"voluntariado-uv-convoca-a-la-campana-dona-un-juguete","status":"publish","type":"post","link":"https:\/\/www.uv.mx\/prensa\/banner\/voluntariado-uv-convoca-a-la-campana-dona-un-juguete\/","title":{"rendered":"Voluntariado UV convoca a la campa\u00f1a \u201cDona un juguete\u201d"},"content":{"rendered":"<ul>\n<li><i>La intenci\u00f3n <\/i><i>es reunir juguetes para entregarlos<\/i><i> a <\/i><i>ni\u00f1os<\/i><i> de <\/i><i>escasos recursos<\/i> <i>de <\/i><i>comunidades veracruzana<\/i><i>s<\/i><span>\u00a0<\/span><\/li>\n<li><i>Para participar es necesario contactar al Voluntariado UV, pedir autorizaci\u00f3n en su Facultad, planear el horario para la recaudaci\u00f3n<\/i><span>\u00a0<\/span><\/li>\n<\/ul>\n<p>&nbsp;<\/p>\n<div id=\"attachment_56038\" style=\"width: 732px\" class=\"wp-caption aligncenter\"><a href=\"https:\/\/www.uv.mx\/prensa\/files\/2018\/10\/171018-dona-un-juguete-1.jpg\"><img loading=\"lazy\" decoding=\"async\" aria-describedby=\"caption-attachment-56038\" class=\"size-full wp-image-56038\" src=\"https:\/\/www.uv.mx\/prensa\/files\/2018\/10\/171018-dona-un-juguete-1.jpg\" alt=\"\" width=\"722\" height=\"722\" srcset=\"https:\/\/www.uv.mx\/prensa\/files\/2018\/10\/171018-dona-un-juguete-1.jpg 722w, https:\/\/www.uv.mx\/prensa\/files\/2018\/10\/171018-dona-un-juguete-1-150x150.jpg 150w, https:\/\/www.uv.mx\/prensa\/files\/2018\/10\/171018-dona-un-juguete-1-300x300.jpg 300w, https:\/\/www.uv.mx\/prensa\/files\/2018\/10\/171018-dona-un-juguete-1-120x120.jpg 120w, https:\/\/www.uv.mx\/prensa\/files\/2018\/10\/171018-dona-un-juguete-1-360x360.jpg 360w\" sizes=\"auto, (max-width: 722px) 100vw, 722px\" \/><\/a><p id=\"caption-attachment-56038\" class=\"wp-caption-text\">Se recibir\u00e1n juguetes del 15 de octubre al 15 de noviembre<\/p><\/div>\n<p>&nbsp;<\/p>\n<p><b><i>Karina de la Paz Reyes D\u00edaz<\/i><\/b><span>\u00a0<\/span><\/p>\n<p><b><i>1<\/i><\/b><b><i>7<\/i><\/b><b><i>\/10\/18, Xalapa, <\/i><\/b><b><i>Ver.-<\/i><\/b> El Voluntariado de la Universidad Veracruzana (UV) convoca a la comunidad estudiantil para participar en la campa\u00f1a \u201cDona un juguete\u201d, que beneficiar\u00e1 a ni\u00f1os de entre tres y cinco a\u00f1os de comunidades de la entidad con escasos recursos. La recaudaci\u00f3n ser\u00e1 del 16 de octubre al 15 de noviembre, y entre las opciones est\u00e1 el instalar un centro de acopio en las facultades interesadas.<span>\u00a0<\/span><\/p>\n<p>La presidenta del voluntariado, Elia Mar\u00eda Beltr\u00e1n Coronel, remarc\u00f3 que es la primera ocasi\u00f3n que se hace extensiva la invitaci\u00f3n a la comunidad estudiantil para participar en la campa\u00f1a. Los estudiantes interesados determinar\u00edan en qu\u00e9 horarios y qu\u00e9 d\u00edas del periodo de la cruzada instalar\u00edan el centro de acopio en su facultad.<span>\u00a0<\/span><\/p>\n<p>Record\u00f3 que en 2013 el Voluntariado implement\u00f3 la campa\u00f1a \u201cApadrina una carta\u201d, cuyo objetivo es incentivar a los ni\u00f1os de las comunidades para que contin\u00faen sus estudios. Consiste en que comunidad de la UV, egresados, instituciones o p\u00fablico en general se haga responsable del regalo que los peque\u00f1os pidieron a los Reyes Magos en cartas que el Voluntariado UV les proporciona con antelaci\u00f3n. Los regalos recaudados son llevados a las distintas comunidades por el personal de este organismo.<span>\u00a0<\/span><\/p>\n<p>Coment\u00f3 que en la primera emisi\u00f3n se percataron de la necesidad de llevar m\u00e1s juguetes, pues los beneficiados de \u201cApadrina una carta\u201d son ni\u00f1os de preescolar y primaria, pero a la entrega de los regalos generalmente acuden acompa\u00f1ados de sus hermanos m\u00e1s peque\u00f1os, por ello se cre\u00f3 \u201cDona un juguete\u201d.<span>\u00a0<\/span><\/p>\n<p>\u201cA veces no queda claro que \u2018Dona un juguete\u2019 fortalece a la campa\u00f1a de \u2018Apadrina una carta\u2019, porque en este caso siempre beneficia a ni\u00f1os de k\u00ednder y primaria para motivarlos y premiarles su esfuerzo en la escuela, pero en las entregas tambi\u00e9n est\u00e1n los hermanitos, por eso buscamos tambi\u00e9n beneficiarlos.\u201d<span>\u00a0<\/span><\/p>\n<p>Aclar\u00f3 que dadas las fechas en que se desarrolla la campa\u00f1a \u201cApadrina una carta\u201d (finales del ciclo escolar) no hab\u00edan podido invitar a los estudiantes para participar activamente, por ello este a\u00f1o iniciaron antes con \u201cDona un juguete\u201d.<span>\u00a0<\/span><\/p>\n<p>Para participar en la campa\u00f1a \u201cDona un juguete\u201d es necesario contactar al Voluntariado UV, pedir autorizaci\u00f3n en su Facultad, planear el horario para la recaudaci\u00f3n de los juguetes, difundir entre los compa\u00f1eros estudiantes el d\u00eda y hora en que estar\u00e1 instalado el centro de acopio. Una vez que se tengan los juguetes recaudados, es necesario acordar con el Voluntariado la fecha para la entrega-recepci\u00f3n de los mismos.<span>\u00a0<\/span><\/p>\n<p>Se trata de juguetes para ni\u00f1os de entre uno y cinco a\u00f1os, que no utilicen bater\u00edas ni electricidad. A manera de sugerencias, el Voluntariado UV plantea: pelotas, mu\u00f1ecas, carritos, juegos de t\u00e9, mu\u00f1ecos de acci\u00f3n, libros para colorear y crayolas, cuentos infantiles, por citar algunos.<span>\u00a0<\/span><\/p>\n<p>Beltr\u00e1n Coronel tambi\u00e9n pidi\u00f3 el apoyo de quienes dirigen las facultades, para que faciliten a los j\u00f3venes interesados en participar, la instalaci\u00f3n del centro de acopio.<span>\u00a0<\/span><\/p>\n<p>A manera de conclusi\u00f3n, dijo que en breve tambi\u00e9n circular\u00e1n las bases para participar en la campa\u00f1a \u201cApadrina una carta\u201d.<span>\u00a0<\/span><\/p>\n<p>Para ampliar la informaci\u00f3n sobre \u201cDona un juguete\u201d, el Voluntariado pone a disposici\u00f3n de la comunidad el correo electr\u00f3nico <a href=\"mailto:casarectoria@gmail.com\">casarectoria@gmail.com,<\/a> las p\u00e1ginas de <i>Facebook<\/i> Voluntariado Universidad Veracruzana, de <i>Twitter<\/i> @voluntariado_uv y el sitio <a href=\"https:\/\/www.uv.mx\/voluntariado\">www.uv.mx\/voluntariado,<\/a> as\u00ed como los tel\u00e9fonos (228) 8159004 y 2281249590 (<i>WhatsApp)<\/i>.<span>\u00a0<\/span><\/p>\n<p><span>\u00a0<\/span><\/p>\n<div id=\"attachment_56039\" style=\"width: 732px\" class=\"wp-caption aligncenter\"><a href=\"https:\/\/www.uv.mx\/prensa\/files\/2018\/10\/171018-dona-un-juguete-2.jpg\"><img loading=\"lazy\" decoding=\"async\" aria-describedby=\"caption-attachment-56039\" class=\"size-full wp-image-56039\" src=\"https:\/\/www.uv.mx\/prensa\/files\/2018\/10\/171018-dona-un-juguete-2.jpg\" alt=\"\" width=\"722\" height=\"481\" srcset=\"https:\/\/www.uv.mx\/prensa\/files\/2018\/10\/171018-dona-un-juguete-2.jpg 722w, https:\/\/www.uv.mx\/prensa\/files\/2018\/10\/171018-dona-un-juguete-2-300x200.jpg 300w\" sizes=\"auto, (max-width: 722px) 100vw, 722px\" \/><\/a><p id=\"caption-attachment-56039\" class=\"wp-caption-text\">Elia Mar\u00eda Beltr\u00e1n Coronel y el equipo del Voluntariado UV<\/p><\/div>\n","protected":false},"excerpt":{"rendered":"<p>La comunidad estudiantil puede participar instalando centros de acopio en sus facultades. Mayores informes en la p\u00e1gina <a href=\"https:\/\/www.uv.mx\/voluntariado\">www.uv.mx\/voluntariado<\/a><\/p>\n","protected":false},"author":1508,"featured_media":56040,"comment_status":"closed","ping_status":"closed","sticky":false,"template":"","format":"standard","meta":{"footnotes":""},"categories":[61],"tags":[],"class_list":["post-56036","post","type-post","status-publish","format-standard","has-post-thumbnail","hentry","category-banner"],"_links":{"self":[{"href":"https:\/\/www.uv.mx\/prensa\/wp-json\/wp\/v2\/posts\/56036","targetHints":{"allow":["GET"]}}],"collection":[{"href":"https:\/\/www.uv.mx\/prensa\/wp-json\/wp\/v2\/posts"}],"about":[{"href":"https:\/\/www.uv.mx\/prensa\/wp-json\/wp\/v2\/types\/post"}],"author":[{"embeddable":true,"href":"https:\/\/www.uv.mx\/prensa\/wp-json\/wp\/v2\/users\/1508"}],"replies":[{"embeddable":true,"href":"https:\/\/www.uv.mx\/prensa\/wp-json\/wp\/v2\/comments?post=56036"}],"version-history":[{"count":0,"href":"https:\/\/www.uv.mx\/prensa\/wp-json\/wp\/v2\/posts\/56036\/revisions"}],"wp:featuredmedia":[{"embeddable":true,"href":"https:\/\/www.uv.mx\/prensa\/wp-json\/wp\/v2\/media\/56040"}],"wp:attachment":[{"href":"https:\/\/www.uv.mx\/prensa\/wp-json\/wp\/v2\/media?parent=56036"}],"wp:term":[{"taxonomy":"category","embeddable":true,"href":"https:\/\/www.uv.mx\/prensa\/wp-json\/wp\/v2\/categories?post=56036"},{"taxonomy":"post_tag","embeddable":true,"href":"https:\/\/www.uv.mx\/prensa\/wp-json\/wp\/v2\/tags?post=56036"}],"curies":[{"name":"wp","href":"https:\/\/api.w.org\/{rel}","templated":true}]}}