{"id":55948,"date":"2018-10-16T09:00:58","date_gmt":"2018-10-16T14:00:58","guid":{"rendered":"https:\/\/www.uv.mx\/prensa\/?p=55948"},"modified":"2021-12-06T12:18:22","modified_gmt":"2021-12-06T18:18:22","slug":"estudiantes-de-biologia-participaron-en-congreso-en-canada","status":"publish","type":"post","link":"https:\/\/www.uv.mx\/prensa\/banner\/estudiantes-de-biologia-participaron-en-congreso-en-canada\/","title":{"rendered":"Estudiantes de Biolog\u00eda participaron  en congreso en Canad\u00e1"},"content":{"rendered":"<ul>\n<li><i>Expusieron trabajos basados en su experiencia <\/i><i>recepc<\/i><i>ional<\/i><i> y su labor en el <\/i>Inbioteca<i> dentro del Congreso Internacional de Ornitolog\u00eda IOC2018, realizado en la ciudad de Vancouver<\/i><\/li>\n<\/ul>\n<div id=\"attachment_55355\" style=\"width: 732px\" class=\"wp-caption aligncenter\"><a href=\"https:\/\/www.uv.mx\/prensa\/files\/2018\/10\/051018-DAVID-Estudiantes-de-Biologia-participaron-en-congreso-en-Vancouver-Canada-1.jpg\"><img loading=\"lazy\" decoding=\"async\" aria-describedby=\"caption-attachment-55355\" class=\"size-full wp-image-55355\" src=\"https:\/\/www.uv.mx\/prensa\/files\/2018\/10\/051018-DAVID-Estudiantes-de-Biologia-participaron-en-congreso-en-Vancouver-Canada-1.jpg\" alt=\"\" width=\"722\" height=\"482\" srcset=\"https:\/\/www.uv.mx\/prensa\/files\/2018\/10\/051018-DAVID-Estudiantes-de-Biologia-participaron-en-congreso-en-Vancouver-Canada-1.jpg 722w, https:\/\/www.uv.mx\/prensa\/files\/2018\/10\/051018-DAVID-Estudiantes-de-Biologia-participaron-en-congreso-en-Vancouver-Canada-1-300x200.jpg 300w\" sizes=\"auto, (max-width: 722px) 100vw, 722px\" \/><\/a><p id=\"caption-attachment-55355\" class=\"wp-caption-text\">\u00d3scar Manuel Salcedo y Lucero Garc\u00eda, estudiantes de Biolog\u00eda que asistieron al IOC2018 en Vancouver, Canad\u00e1<\/p><\/div>\n<p><b><i>David Sandoval Rodr\u00edguez<\/i><\/b><\/p>\n<p><b><i>16<\/i><\/b><b><i>\/10\/18, Xalapa, Ver.-<\/i><\/b> Lucero Garc\u00eda Miranda y \u00d3scar Manuel Salcedo Jim\u00e9nez, estudiantes de noveno semestre de la Facultad de Biolog\u00eda de la Universidad Veracruzana (UV), presentaron resultados de sus trabajos recepcionales en el 27 Congreso Internacional de Ornitolog\u00eda (IOC2018) celebrado en Vancouver, Canad\u00e1, del 19 al 26 de agosto.<\/p>\n<p>Ambos estudiantes participaron con trabajos realizados bajo la supervisi\u00f3n de Ernesto Ruelas Inzunza, profesor investigador del Instituto de Biotecnolog\u00eda y Ecolog\u00eda Aplicada (<i>Inbioteca<\/i>) de la UV, y contaron con el apoyo de Megan Campbell, estudiante de la Maestr\u00eda en Ciencias en Ecolog\u00eda y Biotecnolog\u00eda del dicho instituto.<\/p>\n<p>En total presentaron cuatro investigaciones en el evento internacional: \u201cHeavy metal exposure in resident and migratory raptors in Mexico\u201d, a cargo de Megan Campbell, Jaime Rend\u00f3n, Enrique Alarc\u00f3n y Ernesto Ruelas; \u201cEctoparasites and their interactions with migratory raptors\u201d, por Lucero Garc\u00eda, Gabriela Salazar y Ernesto Ruelas; \u201cTemporal variation in the funcional role of birds in a neotropical periurban park\u201d, por Oscar Salcedo y Ernesto Ruelas, as\u00ed como \u201cTheoretical flight speed of neotropical birds\u201d, a cargo de Ernesto Ruelas, Enya C\u00f3rdoba y Romualdo Sol\u00eds.<\/p>\n<p>Lucero Garc\u00eda explic\u00f3 que los resultados que present\u00f3 como p\u00f3ster en el congreso se basan en su trabajo recepcional, el cual consiste en analizar las interacciones que existen entre los ectopar\u00e1sitos y las aves rapaces migratorias en Veracruz, ya que el estado es uno de los lugares \u2013a nivel mundial\u2013 donde se registra una de las mayores migraciones de aves.<\/p>\n<p>\u00c9sta es su primera experiencia como participante en un congreso y comparti\u00f3 que ello \u201cpropici\u00f3 la colaboraci\u00f3n e invitaciones para sumarme a un posgrado en otra instituci\u00f3n; a una chica de Pennsylvania le interes\u00f3 mi trabajo y me contact\u00f3 por correo, me mostr\u00f3 sus resultados y me dijo que esperaba los m\u00edos para poder comparar ambos\u201d.<\/p>\n<p>En su localidad, Chichicaxtle, se realiza el monitoreo de aves y desde muy peque\u00f1a se interes\u00f3 y se sum\u00f3 a proyectos de educaci\u00f3n ambiental; a partir de 2012 trabaj\u00f3 como t\u00e9cnica de campo y en diversas actividades.<\/p>\n<p>\u201cDesde entonces, cuando estaba en la estaci\u00f3n de anillado, me preguntaba c\u00f3mo era que las aves hac\u00edan un movimiento migratorio tan extenso con este tipo de par\u00e1sitos como las moscas planas, piojos, \u00e1caros y garrapatas, mi proyecto comienza con esa duda exploratoria.\u201d<\/p>\n<p>No existen trabajos de su tipo en Veracruz y no hay bibliograf\u00eda espec\u00edfica, por ello reconoci\u00f3 que \u201cencontramos cosas muy nuevas que se presentaron en Vancouver y muchos asistentes estaban muy interesados porque es una ruta migratoria natural\u201d.<\/p>\n<p>La universitaria estudi\u00f3 15 especies de aves rapaces que permitieron generar tres m\u00f3dulos representativos con dos especies focales: el gavil\u00e1n de Cooper o azor de Cooper (<i>Accipiter<\/i> <i>cooperii<\/i>) y el gavil\u00e1n americano (<i>Accipiter<\/i> <i>striatus<\/i>); \u201csus caracter\u00edsticas de caza es que son demasiado atrevidos y comen aves peque\u00f1as, por ello estamos hablando de su h\u00e1bitat, su relaci\u00f3n y su dieta\u201d.<\/p>\n<p>Asimismo, registr\u00f3 siete especies de ectopar\u00e1sitos y se enfoc\u00f3 en los d\u00edpteros, como las moscas, y en los piojos.<\/p>\n<p>\u201cAl establecer m\u00f3dulos nos dimos cuenta que realmente existe una relaci\u00f3n, aunque aves de tallas mayores tienen especies de piojos m\u00e1s grandes\u201d, explic\u00f3.<\/p>\n<p>A pesar de que existe una vasta bibliograf\u00eda no hay trabajos que aborden un m\u00e9todo para la recolecci\u00f3n de los ectopar\u00e1sitos en las aves, \u201ctuvimos que ingeniar c\u00f3mo hacerlo y la opci\u00f3n fue a mano, aunque hay t\u00e9cnicas que son costosas para un tesista\u201d.<\/p>\n<p>Megan Campbell le apoy\u00f3 durante la exposici\u00f3n en el congreso para responder las preguntas en ingl\u00e9s, no obstante lo calific\u00f3 como un reto ya que \u201cel idioma lo puedes perfeccionar en alg\u00fan momento, pero la experiencia es incomparable\u201d.<\/p>\n<p>Respecto a su vivencia en Canad\u00e1, Garc\u00eda Miranda dijo que \u201cfue una experiencia muy bonita, no ten\u00eda idea de lo que \u00edbamos a ver en el contexto cultural y gracias a Megan nos pudimos hospedar con habitantes del lugar, apreciamos lo que hacen los canadienses de manera cotidiana, las tradiciones y su cultura, tambi\u00e9n fue muy interesante que nos preguntaran de M\u00e9xico, creo que fue la cereza en el pastel de la carrera profesional\u201d.<\/p>\n<p>Por otro lado, \u00d3scar Manuel Salcedo detall\u00f3 que su trabajo se enfoca en analizar la variaci\u00f3n en el papel funcional de las aves en un parque peri-urbano, que es el Campus para la Cultura, las Artes y el Deporte (CCAD) de la UV.<\/p>\n<p>Analiza tanto a las aves migratorias como residentes que llegan a un mismo punto, los niveles de biomasa y c\u00f3mo aportan al CCAD, as\u00ed como si \u00e9ste les brinda el aprovechamiento necesario para su subsistencia.<\/p>\n<p>Coment\u00f3 que anteriormente hab\u00eda tenido la oportunidad de asistir a un congreso en Estados Unidos, no obstante tuvo dificultades personales que le impidieron viajar.<\/p>\n<p>\u201cSent\u00ed alegr\u00eda porque era la segunda vez que lo intentaba y ahora s\u00ed pude ir, fue una experiencia maravillosa el conocer trabajos de otras personas y otros pa\u00edses, c\u00f3mo es que ellos trabajan, es algo incre\u00edble\u201d, manifest\u00f3.<\/p>\n<p>\u201cEncontr\u00e9 que las aves migratorias influyen demasiado en el papel funcional del CCAD porque hay un incremento en la biomasa cuando llegan y cuando se van \u00e9sta disminuye\u201d, detall\u00f3.<\/p>\n<p>En su trabajo dividi\u00f3 los resultados por dietas de cada especie y al compararlas se puede establecer una correlaci\u00f3n entre la presencia de aves migratorias y la biomasa dentro del CCAD.<\/p>\n<p>Las especies migrantes registran variedades de aves conocidas como chipes, como el chipe de collar (<i>Cardellina<\/i> <i>canadensis<\/i>), especies del g\u00e9nero icterus, conocidas como calandrias, y las especies residentes como el <i>Q<\/i><i>uiscalus<\/i> <i>mexicanus<\/i>, conocido como zanate, el ave conocida como matraquita y especies de ibis, conocidas com\u00fanmente como garzas, as\u00ed como la especie conocida como gallinita.<\/p>\n<p>Detall\u00f3 que de septiembre a abril se registra el incremento en la biomasa, posteriormente decae cuando las aves migratorias regresan a sus respectivos h\u00e1bitats \u2013norte y sur del continente.<\/p>\n<p>Los universitarios agradecieron el respaldo del Patronato Promejoras de la Facultad de Biolog\u00eda, de la Direcci\u00f3n General de Relaciones Internacionales (DGRI) y de la Direcci\u00f3n General del \u00c1rea Acad\u00e9mica de Ciencias Biol\u00f3gicas y Agropecuarias, por medio de un apoyo de la Administraci\u00f3n Portuaria Integral de Veracruz, para la participaci\u00f3n en el congreso.<\/p>\n<div id=\"attachment_55357\" style=\"width: 732px\" class=\"wp-caption aligncenter\"><a href=\"https:\/\/www.uv.mx\/prensa\/files\/2018\/10\/051018-DAVID-Estudiantes-de-Biologia-participaron-en-congreso-en-Vancouver-Canada-2.jpg\"><img loading=\"lazy\" decoding=\"async\" aria-describedby=\"caption-attachment-55357\" class=\"size-full wp-image-55357\" src=\"https:\/\/www.uv.mx\/prensa\/files\/2018\/10\/051018-DAVID-Estudiantes-de-Biologia-participaron-en-congreso-en-Vancouver-Canada-2.jpg\" alt=\"\" width=\"722\" height=\"542\" srcset=\"https:\/\/www.uv.mx\/prensa\/files\/2018\/10\/051018-DAVID-Estudiantes-de-Biologia-participaron-en-congreso-en-Vancouver-Canada-2.jpg 722w, https:\/\/www.uv.mx\/prensa\/files\/2018\/10\/051018-DAVID-Estudiantes-de-Biologia-participaron-en-congreso-en-Vancouver-Canada-2-300x225.jpg 300w\" sizes=\"auto, (max-width: 722px) 100vw, 722px\" \/><\/a><p id=\"caption-attachment-55357\" class=\"wp-caption-text\">Ernesto Ruelas, Lucero Garc\u00eda, Megan Campbell y \u00d3scar Salcedo en el IOC2018<\/p><\/div>\n","protected":false},"excerpt":{"rendered":"<p>\u00d3scar Salcedo y Lucero Garc\u00eda presentaron resultados de sus trabajos recepcionales en el 27 Congreso Internacional de Ornitolog\u00eda, celebrado en Vancouver <\/p>\n","protected":false},"author":1775,"featured_media":55940,"comment_status":"closed","ping_status":"closed","sticky":false,"template":"","format":"standard","meta":{"footnotes":""},"categories":[61],"tags":[2733,5957,4159,147,5955,5956,5958],"class_list":["post-55948","post","type-post","status-publish","format-standard","has-post-thumbnail","hentry","category-banner","tag-canada","tag-congreso-internacional-de-ornitologia","tag-david-sandoval-rodriguez","tag-facultad-de-biologia","tag-lucero-garcia-miranda","tag-oscar-manuel-salcedo-jimenez","tag-vancouver"],"_links":{"self":[{"href":"https:\/\/www.uv.mx\/prensa\/wp-json\/wp\/v2\/posts\/55948","targetHints":{"allow":["GET"]}}],"collection":[{"href":"https:\/\/www.uv.mx\/prensa\/wp-json\/wp\/v2\/posts"}],"about":[{"href":"https:\/\/www.uv.mx\/prensa\/wp-json\/wp\/v2\/types\/post"}],"author":[{"embeddable":true,"href":"https:\/\/www.uv.mx\/prensa\/wp-json\/wp\/v2\/users\/1775"}],"replies":[{"embeddable":true,"href":"https:\/\/www.uv.mx\/prensa\/wp-json\/wp\/v2\/comments?post=55948"}],"version-history":[{"count":1,"href":"https:\/\/www.uv.mx\/prensa\/wp-json\/wp\/v2\/posts\/55948\/revisions"}],"predecessor-version":[{"id":106802,"href":"https:\/\/www.uv.mx\/prensa\/wp-json\/wp\/v2\/posts\/55948\/revisions\/106802"}],"wp:featuredmedia":[{"embeddable":true,"href":"https:\/\/www.uv.mx\/prensa\/wp-json\/wp\/v2\/media\/55940"}],"wp:attachment":[{"href":"https:\/\/www.uv.mx\/prensa\/wp-json\/wp\/v2\/media?parent=55948"}],"wp:term":[{"taxonomy":"category","embeddable":true,"href":"https:\/\/www.uv.mx\/prensa\/wp-json\/wp\/v2\/categories?post=55948"},{"taxonomy":"post_tag","embeddable":true,"href":"https:\/\/www.uv.mx\/prensa\/wp-json\/wp\/v2\/tags?post=55948"}],"curies":[{"name":"wp","href":"https:\/\/api.w.org\/{rel}","templated":true}]}}