{"id":55946,"date":"2018-10-16T09:00:25","date_gmt":"2018-10-16T14:00:25","guid":{"rendered":"https:\/\/www.uv.mx\/prensa\/?p=55946"},"modified":"2018-10-15T20:56:55","modified_gmt":"2018-10-16T01:56:55","slug":"el-nivel-del-softbol-femenil-en-la-uv-ha-crecido-conrado-jimenez","status":"publish","type":"post","link":"https:\/\/www.uv.mx\/prensa\/deportes\/el-nivel-del-softbol-femenil-en-la-uv-ha-crecido-conrado-jimenez\/","title":{"rendered":"El nivel del softbol femenil en la UV  ha crecido: Conrado Jim\u00e9nez"},"content":{"rendered":"<ul>\n<li><i>El e<\/i><i>ntrenador arma la <\/i><i>S<\/i><i>elecci\u00f3n<\/i><i> de <\/i>Halcones<i>, rumbo a la Universiada Nacional 2019<\/i><span>\u00a0<\/span><\/li>\n<\/ul>\n<p><span>\u00a0<\/span><\/p>\n<div id=\"attachment_55947\" style=\"width: 732px\" class=\"wp-caption aligncenter\"><a href=\"https:\/\/www.uv.mx\/prensa\/files\/2018\/10\/161018-SOFTBOL.jpg\"><img loading=\"lazy\" decoding=\"async\" aria-describedby=\"caption-attachment-55947\" class=\"size-full wp-image-55947\" src=\"https:\/\/www.uv.mx\/prensa\/files\/2018\/10\/161018-SOFTBOL.jpg\" alt=\"\" width=\"722\" height=\"481\" srcset=\"https:\/\/www.uv.mx\/prensa\/files\/2018\/10\/161018-SOFTBOL.jpg 722w, https:\/\/www.uv.mx\/prensa\/files\/2018\/10\/161018-SOFTBOL-300x200.jpg 300w\" sizes=\"auto, (max-width: 722px) 100vw, 722px\" \/><\/a><p id=\"caption-attachment-55947\" class=\"wp-caption-text\">Conrado Jim\u00e9nez, entrenador de la Selecci\u00f3n de Softbol de Halcones UV<\/p><\/div>\n<p><span>\u00a0<\/span><\/p>\n<p><b><i>Santiago Morales<\/i><\/b><b><i>\u00a0Ortiz<\/i><\/b><span>\u00a0<\/span><\/p>\n<p><b><i>1<\/i><\/b><b><i>6<\/i><\/b><b><i>\/10\/18, Xalapa, <\/i><\/b><b><i>Ver.-<\/i><\/b> Motivado por la respuesta que tuvo el Festival Deportivo Universitario celebrado en Coatzacoalcos, Conrado Jim\u00e9nez Gonz\u00e1lez destac\u00f3 el crecimiento que ha tenido el softbol femenil en la Universidad Veracruzana (UV).<span>\u00a0<\/span><\/p>\n<p>El entrenador se\u00f1al\u00f3 que en las cinco regiones universitarias se han detectado buenos elementos para integrarlos al representativo de <i>Halcones<\/i>, rumbo a la Universiada Nacional 2019.<span>\u00a0<\/span><\/p>\n<p>\u201cEn el festival aprovechamos y observamos nuevos elementos que pudimos captar para reforzar la selecci\u00f3n, la cual tiene como base a jugadoras de Xalapa y con buen trabajo de preparaci\u00f3n vamos a armar un gran equipo.\u201d<span>\u00a0<\/span><\/p>\n<p>El estratega detall\u00f3 que en el Festival Deportivo Universitario sobresali\u00f3 la calidad de jugadoras de Coatzacoalcos, que fue el campe\u00f3n, \u201cpero tambi\u00e9n vimos buenos prospectos de Poza Rica-Tuxpan, Veracruz y Xalapa, m\u00e1s otras que hemos visto en Orizaba-C\u00f3rdoba\u201d.<span>\u00a0<\/span><\/p>\n<p>Anunci\u00f3 que la primera concentraci\u00f3n para conformar al equipo representativo se llevar\u00e1 a cabo los d\u00edas 26 y 28 de este mes en Xalapa, para despu\u00e9s programar una serie de encuentros de preparaci\u00f3n que ser\u00e1n vitales para alcanzar el nivel deseado.<span>\u00a0<\/span><\/p>\n<p>\u201cLa invitaci\u00f3n est\u00e1 abierta para las chicas que deseen sumarse a los entrenamientos, sobre todo aquellas que tengan la experiencia de haber practicado el beisbol, para poder integrarse al equipo.\u201d<span>\u00a0<\/span><\/p>\n<p>Agreg\u00f3 que las sesiones se llevan a cabo de lunes a viernes de 15:00 a 18:00 horas, en la Unidad Deportiva del Campus para la Cultura, las Artes y el Deporte.<span>\u00a0<\/span><\/p>\n<p>Conrado Jim\u00e9nez inform\u00f3 que la UV llegar\u00e1 con pase directo a la etapa Regional de la Universiada 2019, por ser sede, por lo que aprovechar\u00e1 para buscar en casa la calificaci\u00f3n al Nacional.<span>\u00a0<\/span><\/p>\n<p>Finalmente, reconoci\u00f3 que luego de dos a\u00f1os de promover el softbol en la Universidad el inter\u00e9s ha crecido, \u201cpero nos falta mucho trabajo por hacer para encarar a los equipos grandes, sobre todo a los del norte del pa\u00eds, donde se practica mucho esta disciplina\u201d.<\/p>\n","protected":false},"excerpt":{"rendered":"<p>El entrenador anunci\u00f3 que la primera concentraci\u00f3n para conformar al equipo se llevar\u00e1 a cabo los d\u00edas 26 y 28 de octubre en Xalapa<\/p>\n","protected":false},"author":1508,"featured_media":55947,"comment_status":"closed","ping_status":"closed","sticky":false,"template":"","format":"standard","meta":{"footnotes":""},"categories":[12],"tags":[],"class_list":["post-55946","post","type-post","status-publish","format-standard","has-post-thumbnail","hentry","category-deportes"],"_links":{"self":[{"href":"https:\/\/www.uv.mx\/prensa\/wp-json\/wp\/v2\/posts\/55946","targetHints":{"allow":["GET"]}}],"collection":[{"href":"https:\/\/www.uv.mx\/prensa\/wp-json\/wp\/v2\/posts"}],"about":[{"href":"https:\/\/www.uv.mx\/prensa\/wp-json\/wp\/v2\/types\/post"}],"author":[{"embeddable":true,"href":"https:\/\/www.uv.mx\/prensa\/wp-json\/wp\/v2\/users\/1508"}],"replies":[{"embeddable":true,"href":"https:\/\/www.uv.mx\/prensa\/wp-json\/wp\/v2\/comments?post=55946"}],"version-history":[{"count":0,"href":"https:\/\/www.uv.mx\/prensa\/wp-json\/wp\/v2\/posts\/55946\/revisions"}],"wp:featuredmedia":[{"embeddable":true,"href":"https:\/\/www.uv.mx\/prensa\/wp-json\/wp\/v2\/media\/55947"}],"wp:attachment":[{"href":"https:\/\/www.uv.mx\/prensa\/wp-json\/wp\/v2\/media?parent=55946"}],"wp:term":[{"taxonomy":"category","embeddable":true,"href":"https:\/\/www.uv.mx\/prensa\/wp-json\/wp\/v2\/categories?post=55946"},{"taxonomy":"post_tag","embeddable":true,"href":"https:\/\/www.uv.mx\/prensa\/wp-json\/wp\/v2\/tags?post=55946"}],"curies":[{"name":"wp","href":"https:\/\/api.w.org\/{rel}","templated":true}]}}