{"id":55842,"date":"2018-10-12T19:27:30","date_gmt":"2018-10-13T00:27:30","guid":{"rendered":"https:\/\/www.uv.mx\/prensa\/?p=55842"},"modified":"2018-10-12T19:27:30","modified_gmt":"2018-10-13T00:27:30","slug":"universidades-deben-investigar-sobre-consumo-y-adiccion-de-drogas","status":"publish","type":"post","link":"https:\/\/www.uv.mx\/prensa\/general\/universidades-deben-investigar-sobre-consumo-y-adiccion-de-drogas\/","title":{"rendered":"Universidades deben investigar sobre consumo y adicci\u00f3n de drogas"},"content":{"rendered":"<ul>\n<li><i>Acad\u00e9micas de la UV <\/i><i>invitaron a la RMUPS a participar en investigaciones sobre <\/i><i>adici\u00f3n a las drogas y alimentaci\u00f3n sana<\/i><span>\u00a0<\/span><\/li>\n<\/ul>\n<p><span>\u00a0<\/span><\/p>\n<div id=\"attachment_55843\" style=\"width: 732px\" class=\"wp-caption aligncenter\"><a href=\"https:\/\/www.uv.mx\/prensa\/files\/2018\/10\/121018-agenda-nacional.jpg\"><img loading=\"lazy\" decoding=\"async\" aria-describedby=\"caption-attachment-55843\" class=\"size-full wp-image-55843\" src=\"https:\/\/www.uv.mx\/prensa\/files\/2018\/10\/121018-agenda-nacional.jpg\" alt=\"\" width=\"722\" height=\"482\" srcset=\"https:\/\/www.uv.mx\/prensa\/files\/2018\/10\/121018-agenda-nacional.jpg 722w, https:\/\/www.uv.mx\/prensa\/files\/2018\/10\/121018-agenda-nacional-300x200.jpg 300w\" sizes=\"auto, (max-width: 722px) 100vw, 722px\" \/><\/a><p id=\"caption-attachment-55843\" class=\"wp-caption-text\">Acad\u00e9micas de la UV presentaron a la RMUPS proyectos de investigaci\u00f3n<\/p><\/div>\n<p><span>\u00a0<\/span><\/p>\n<p><b><i>Paola Cort\u00e9s P\u00e9rez<\/i><\/b><span>\u00a0<\/span><\/p>\n<p><span>\u00a0<\/span><b><i>1<\/i><\/b><b><i>2\/10<\/i><\/b><b><i>\/18, Xalapa, Ver.-<\/i><\/b> A nivel nacional e internacional preocupa el incremento constante en el consumo de drogas ilegales y legales entre los j\u00f3venes, por ello Xochitl Mar\u00eda del Carmen de San Jorge C\u00e1rdenas, investigadora de la Universidad Veracruzana (UV), consider\u00f3 que es importante que las universidades desarrollen investigaci\u00f3n en materia de prevenci\u00f3n y atenci\u00f3n de dicha problem\u00e1tica.<span>\u00a0<\/span><\/p>\n<p>Lo anterior, al participar en la mesa \u201cPor una agenda nacional de investigaci\u00f3n en promoci\u00f3n de la salud\u201d, realizada en el 7\u00ba Congreso Nacional de Universidades Promotoras de la Salud \u201cDe la abogac\u00eda a la sustentabilidad ambiental y social\u201d, organizado por la Red Mexicana de Universidades Promotoras de la Salud (RMUPS).<span>\u00a0<\/span><\/p>\n<p>Coment\u00f3 que de acuerdo a datos proporcionados en el Informe Mundial de Drogas 2018, en 2016 hab\u00eda 275 millones de personas que hab\u00edan consumido alguna droga ilegal alguna vez en la vida (5.6 por ciento del total de la poblaci\u00f3n mundial) y 31 millones padec\u00edan adicci\u00f3n y necesitaban tratamiento.<span>\u00a0<\/span><\/p>\n<p>Este mismo informe menciona que uno de cada tres j\u00f3venes que consume drogas cree que su uso no le perjudica y que podr\u00e1 dejar de utilizarlas en el momento que lo desee.<span>\u00a0<\/span><\/p>\n<p>Sostuvo que de la mayor\u00eda de las investigaciones se desprende que el riesgo de inicio es m\u00e1s acentuado en la adolescencia temprana (12 a 14 a\u00f1os) y tard\u00eda (15 a 17 a\u00f1os), adem\u00e1s el abuso y adicci\u00f3n se registra mayoritariamente en personas de 18 a 25 a\u00f1os.<span>\u00a0<\/span><\/p>\n<p>La tambi\u00e9n Coordinadora de la Red Veracruzana de Investigaci\u00f3n en Adicciones, dijo que el consumo y adicci\u00f3n de drogas debe ser un tema relevante para las universidades integrantes de la RMUPS. De tal manera que puso a disposici\u00f3n la metodolog\u00eda del Diagn\u00f3stico de Percepci\u00f3n, Riesgo y Consumo de Drogas que se aplic\u00f3 en la UV.<span>\u00a0<\/span><\/p>\n<p>\u201cSometemos a consideraci\u00f3n para que esta metodolog\u00eda forme parte de la agenda de trabajo 2018-2020 de la RMUPS, ya que el problema de adicciones debe ser considerado porque no hay trabajos de investigaci\u00f3n ni de atenci\u00f3n sobre este asunto.\u201d<span>\u00a0<\/span><\/p>\n<p>Por otro lado, Krystal Denisse Gonz\u00e1lez Fajardo, docente de la Facultad de Nutrici\u00f3n de la UV, habl\u00f3 sobre el trabajo de investigaci\u00f3n \u201cMemoria alimentaria de M\u00e9xico\u201d, desarrollado por el cuerpo acad\u00e9mico (CA) Estilos de Vida Saludables, que tiene por objetivo rescatar la alimentaci\u00f3n tradicional mexicana para volver a una alimentaci\u00f3n sana.<span>\u00a0<\/span><\/p>\n<p>\u201cLos saberes que poseemos como pueblo son una alternativa y pueden contribuir a tener una vida saludable.\u201d<span>\u00a0<\/span><\/p>\n<p>Indic\u00f3 que con esta investigaci\u00f3n se busca migrar a un patr\u00f3n de nutrici\u00f3n y alimentaci\u00f3n sana que considere las caracter\u00edsticas actuales para ser saludables: reducir alimentos altos en grasas y el consumo de bebidas altamente azucaradas y cal\u00f3ricas, aumentar el consumo de vegetales y frutas y la actividad f\u00edsica.<span>\u00a0<\/span><\/p>\n<p>De tal manera, propusieron a las universidades integrantes de la RMUPS a unirse al estudio para tener datos sobre la preparaci\u00f3n de alimentos en diferentes regiones del estado y del pa\u00eds, de ah\u00ed que \u201cinvitemos a los representantes de las universidades a integrarse al proyecto\u201d.<span>\u00a0<\/span><\/p>\n","protected":false},"excerpt":{"rendered":"<p>Uno de cada tres j\u00f3venes que consume drogas cree que su uso no le perjudica y que podr\u00e1 dejar de usarlas en el momento que lo desee<\/p>\n","protected":false},"author":1508,"featured_media":55843,"comment_status":"closed","ping_status":"closed","sticky":false,"template":"","format":"standard","meta":{"footnotes":""},"categories":[1],"tags":[],"class_list":["post-55842","post","type-post","status-publish","format-standard","has-post-thumbnail","hentry","category-general"],"_links":{"self":[{"href":"https:\/\/www.uv.mx\/prensa\/wp-json\/wp\/v2\/posts\/55842","targetHints":{"allow":["GET"]}}],"collection":[{"href":"https:\/\/www.uv.mx\/prensa\/wp-json\/wp\/v2\/posts"}],"about":[{"href":"https:\/\/www.uv.mx\/prensa\/wp-json\/wp\/v2\/types\/post"}],"author":[{"embeddable":true,"href":"https:\/\/www.uv.mx\/prensa\/wp-json\/wp\/v2\/users\/1508"}],"replies":[{"embeddable":true,"href":"https:\/\/www.uv.mx\/prensa\/wp-json\/wp\/v2\/comments?post=55842"}],"version-history":[{"count":0,"href":"https:\/\/www.uv.mx\/prensa\/wp-json\/wp\/v2\/posts\/55842\/revisions"}],"wp:featuredmedia":[{"embeddable":true,"href":"https:\/\/www.uv.mx\/prensa\/wp-json\/wp\/v2\/media\/55843"}],"wp:attachment":[{"href":"https:\/\/www.uv.mx\/prensa\/wp-json\/wp\/v2\/media?parent=55842"}],"wp:term":[{"taxonomy":"category","embeddable":true,"href":"https:\/\/www.uv.mx\/prensa\/wp-json\/wp\/v2\/categories?post=55842"},{"taxonomy":"post_tag","embeddable":true,"href":"https:\/\/www.uv.mx\/prensa\/wp-json\/wp\/v2\/tags?post=55842"}],"curies":[{"name":"wp","href":"https:\/\/api.w.org\/{rel}","templated":true}]}}