{"id":55827,"date":"2018-10-12T18:12:04","date_gmt":"2018-10-12T23:12:04","guid":{"rendered":"https:\/\/www.uv.mx\/prensa\/?p=55827"},"modified":"2021-11-08T08:29:01","modified_gmt":"2021-11-08T14:29:01","slug":"continuan-las-jornadas-academicas-de-tlatelolco-a-aytozinapa-este-lunes","status":"publish","type":"post","link":"https:\/\/www.uv.mx\/prensa\/general\/continuan-las-jornadas-academicas-de-tlatelolco-a-aytozinapa-este-lunes\/","title":{"rendered":"Contin\u00faan las Jornadas Acad\u00e9micas \u201cDe Tlatelolco a Aytozinapa\u201d, este lunes"},"content":{"rendered":"<p>&nbsp;<\/p>\n<div id=\"attachment_54998\" style=\"width: 730px\" class=\"wp-caption aligncenter\"><a href=\"https:\/\/www.uv.mx\/prensa\/files\/2018\/10\/021018-Jornadas-Ayotzinapa.jpg\"><img loading=\"lazy\" decoding=\"async\" aria-describedby=\"caption-attachment-54998\" class=\"wp-image-54998 size-full\" src=\"https:\/\/www.uv.mx\/prensa\/files\/2018\/10\/021018-Jornadas-Ayotzinapa.jpg\" alt=\"\" width=\"720\" height=\"480\" srcset=\"https:\/\/www.uv.mx\/prensa\/files\/2018\/10\/021018-Jornadas-Ayotzinapa.jpg 720w, https:\/\/www.uv.mx\/prensa\/files\/2018\/10\/021018-Jornadas-Ayotzinapa-300x200.jpg 300w\" sizes=\"auto, (max-width: 720px) 100vw, 720px\" \/><\/a><p id=\"caption-attachment-54998\" class=\"wp-caption-text\">Las Jornadas son organizadas por la UV y el Ayuntamiento de Xalapa<\/p><\/div>\n<p>&nbsp;<\/p>\n<p><strong><em>12\/10\/2018, Xalapa, Ver.- <\/em><\/strong>Las Jornadas Acad\u00e9micas \u201cDe Tlatelolco a Ayotzinapa. Un paso adelante y tres atr\u00e1s\u201d, organizadas por la Universidad Veracruzana (UV) y el Ayuntamiento de Xalapa, contin\u00faan este lunes 15 de octubre.<\/p>\n<p><strong>\u00a0<\/strong><\/p>\n<p><strong>11:00 horas. Auditorio \u201cGonzalo Aguirre Beltr\u00e1n\u201d del Instituto de Investigaciones Hist\u00f3rico-Sociales (IIH-S)<\/strong><\/p>\n<p><strong>Conferencia El 68 y el estudiante como \u201cun problema nacional\u201d<\/strong><\/p>\n<p>Imparte:Jaime M. Pensado (University of Notre Dame). Presenta: Dora S\u00e1nchez Hidalgo (IIH-S de la UV)<\/p>\n<p>&nbsp;<\/p>\n<p>Jaime M. Pensado, profesor de la Universidad de Notre Dame (Estados Unidos) ha demostrado que funcionarios, autoridades y algunos docentes cooptaron estudiantes universitarios para colaborar con el r\u00e9gimen pol\u00edtico mexicano de los a\u00f1os 60.<\/p>\n<p>Su libro <em>Rebel Mexico. Student Unrest and Authoritarian Political Culture During the Long Sixties<\/em>, publicado por Stanford University Press en 2013, es una investigaci\u00f3n innovadora sobre los a\u00f1os 60 en M\u00e9xico.<\/p>\n<p>&nbsp;<\/p>\n<div id=\"attachment_55828\" style=\"width: 488px\" class=\"wp-caption aligncenter\"><a href=\"https:\/\/www.uv.mx\/prensa\/files\/2018\/10\/121018-LIBRO-JAIME-PENSADO.jpg\"><img loading=\"lazy\" decoding=\"async\" aria-describedby=\"caption-attachment-55828\" class=\"size-full wp-image-55828\" src=\"https:\/\/www.uv.mx\/prensa\/files\/2018\/10\/121018-LIBRO-JAIME-PENSADO.jpg\" alt=\"\" width=\"478\" height=\"722\" srcset=\"https:\/\/www.uv.mx\/prensa\/files\/2018\/10\/121018-LIBRO-JAIME-PENSADO.jpg 478w, https:\/\/www.uv.mx\/prensa\/files\/2018\/10\/121018-LIBRO-JAIME-PENSADO-199x300.jpg 199w\" sizes=\"auto, (max-width: 478px) 100vw, 478px\" \/><\/a><p id=\"caption-attachment-55828\" class=\"wp-caption-text\">Jaime Pensado es autor de <em>Rebel Mexico<\/em>, investigaci\u00f3n innovadora sobre los a\u00f1os 60 en el pa\u00eds<\/p><\/div>\n","protected":false},"excerpt":{"rendered":"<p>A las 11:00 horas, en el Auditorio \u201cGonzalo Aguirre Beltr\u00e1n\u201d del Instituto de Investigaciones Hist\u00f3rico-Sociales, tendr\u00e1 lugar la conferencia \u00abEl 68 y el estudiante como un problema nacional\u201d, a cargo de Jaime M. Pensado, de la Universidad of Notre Dame, Estados Unidos<\/p>\n","protected":false},"author":1508,"featured_media":54998,"comment_status":"closed","ping_status":"closed","sticky":false,"template":"","format":"standard","meta":{"footnotes":""},"categories":[1],"tags":[],"class_list":["post-55827","post","type-post","status-publish","format-standard","has-post-thumbnail","hentry","category-general"],"_links":{"self":[{"href":"https:\/\/www.uv.mx\/prensa\/wp-json\/wp\/v2\/posts\/55827","targetHints":{"allow":["GET"]}}],"collection":[{"href":"https:\/\/www.uv.mx\/prensa\/wp-json\/wp\/v2\/posts"}],"about":[{"href":"https:\/\/www.uv.mx\/prensa\/wp-json\/wp\/v2\/types\/post"}],"author":[{"embeddable":true,"href":"https:\/\/www.uv.mx\/prensa\/wp-json\/wp\/v2\/users\/1508"}],"replies":[{"embeddable":true,"href":"https:\/\/www.uv.mx\/prensa\/wp-json\/wp\/v2\/comments?post=55827"}],"version-history":[{"count":1,"href":"https:\/\/www.uv.mx\/prensa\/wp-json\/wp\/v2\/posts\/55827\/revisions"}],"predecessor-version":[{"id":104695,"href":"https:\/\/www.uv.mx\/prensa\/wp-json\/wp\/v2\/posts\/55827\/revisions\/104695"}],"wp:featuredmedia":[{"embeddable":true,"href":"https:\/\/www.uv.mx\/prensa\/wp-json\/wp\/v2\/media\/54998"}],"wp:attachment":[{"href":"https:\/\/www.uv.mx\/prensa\/wp-json\/wp\/v2\/media?parent=55827"}],"wp:term":[{"taxonomy":"category","embeddable":true,"href":"https:\/\/www.uv.mx\/prensa\/wp-json\/wp\/v2\/categories?post=55827"},{"taxonomy":"post_tag","embeddable":true,"href":"https:\/\/www.uv.mx\/prensa\/wp-json\/wp\/v2\/tags?post=55827"}],"curies":[{"name":"wp","href":"https:\/\/api.w.org\/{rel}","templated":true}]}}