{"id":55815,"date":"2018-10-12T16:54:44","date_gmt":"2018-10-12T21:54:44","guid":{"rendered":"https:\/\/www.uv.mx\/prensa\/?p=55815"},"modified":"2018-10-12T17:13:37","modified_gmt":"2018-10-12T22:13:37","slug":"la-leche-materna-es-el-liquido-glorioso-alejandra-nunez","status":"publish","type":"post","link":"https:\/\/www.uv.mx\/prensa\/banner\/la-leche-materna-es-el-liquido-glorioso-alejandra-nunez\/","title":{"rendered":"La leche materna es el l\u00edquido glorioso: Alejandra N\u00fa\u00f1ez"},"content":{"rendered":"<ul>\n<li><em><span class=\"TextRun SCXW136244294\" lang=\"ES-MX\" xml:lang=\"ES-MX\"><span class=\"NormalTextRun SCXW136244294\">\u201cEn realidad, lo que pasamos con la leche materna impacta la estructura metab\u00f3lica, fisiol\u00f3gica, energ\u00e9tica y la manera c\u00f3mo va a lidiar ese infante con su medio ambiente <\/span><\/span><span class=\"TextRun SCXW136244294\" lang=\"ES-MX\" xml:lang=\"ES-MX\"><span class=\"NormalTextRun SCXW136244294\">exterior<\/span><\/span><span class=\"TextRun SCXW136244294\" lang=\"ES-MX\" xml:lang=\"ES-MX\"><span class=\"NormalTextRun SCXW136244294\">\u201d<\/span><\/span><\/em><\/li>\n<\/ul>\n<p>&nbsp;<\/p>\n<div id=\"attachment_55817\" style=\"width: 732px\" class=\"wp-caption aligncenter\"><a href=\"https:\/\/www.uv.mx\/prensa\/files\/2018\/10\/121018-Lactancia-materna-1.jpg\"><img loading=\"lazy\" decoding=\"async\" aria-describedby=\"caption-attachment-55817\" class=\"size-full wp-image-55817\" src=\"https:\/\/www.uv.mx\/prensa\/files\/2018\/10\/121018-Lactancia-materna-1.jpg\" alt=\"\" width=\"722\" height=\"481\" srcset=\"https:\/\/www.uv.mx\/prensa\/files\/2018\/10\/121018-Lactancia-materna-1.jpg 722w, https:\/\/www.uv.mx\/prensa\/files\/2018\/10\/121018-Lactancia-materna-1-300x200.jpg 300w\" sizes=\"auto, (max-width: 722px) 100vw, 722px\" \/><\/a><p id=\"caption-attachment-55817\" class=\"wp-caption-text\">Autoridades universitarias inauguraron el 1er Encuentro sobre Lactancia Materna<\/p><\/div>\n<p>&nbsp;<\/p>\n<p><b><i>Karina de la Paz Reyes D\u00edaz<\/i><\/b><\/p>\n<p><b><i>12\/10\/18, Xalapa, Ver.-<\/i><\/b> Alejandra N\u00fa\u00f1ez de la Mora, investigadora adscrita al Instituto de Investigaciones Psicol\u00f3gicas (IIP) de la Universidad Veracruzana (UV), tras compartir un detallado contexto evolutivo de la lactancia en la leche materna, destac\u00f3 que \u00e9sta \u201ces un l\u00edquido glorioso con muchas propiedades, que van m\u00e1s all\u00e1 de lo nutricional\u201d.<\/p>\n<p>Con su conferencia \u201cBases biol\u00f3gicas de la evoluci\u00f3n de la lactancia materna\u201d, inici\u00f3 el 1er Encuentro sobre Lactancia Materna organizado por la Cl\u00ednica Universitaria de Salud Reproductiva y Sexual (CUSRS) de la UV y que se desarroll\u00f3 el 12 de octubre.<\/p>\n<p>La bienvenida al evento estuvo a cargo del director de la cl\u00ednica, Alejandro Escobar Mesa; mientras que la inauguraci\u00f3n oficial la hizo el director general del \u00c1rea Acad\u00e9mica de Ciencias de la Salud, Pedro Guti\u00e9rrez Aguilar.<\/p>\n<p>El prop\u00f3sito de la actividad fue brindar informaci\u00f3n que coadyuve a la preservaci\u00f3n de la pr\u00e1ctica de lactancia materna, de suma importancia para la salud y el desarrollo del beb\u00e9.<\/p>\n<p>La investigadora del IIP subray\u00f3 que tradicionalmente se ha dicho que la lactancia es importante por su valor nutricional: \u201cLo que tenemos en la leche es agua (es la fuente m\u00e1s importante de l\u00edquido para un infante) y una proporci\u00f3n de macro y micronutrientes. De \u00e9stos tenemos lactosa, l\u00edpidos, una proporci\u00f3n m\u00e1s peque\u00f1a de prote\u00edna y oligosac\u00e1ridos\u201d.<\/p>\n<p>Es m\u00e1s, mostr\u00f3 una representaci\u00f3n de los productos que se han encontrado en la leche materna en los \u00faltimos a\u00f1os: hormonas, encimas, carbohidratos, factores antimicrobianos, grasas, amino\u00e1cidos, nucle\u00f3tidos, vitaminas, minerales, sustancias inmunorreguladoras, por citar algunos.<\/p>\n<p>\u201cTodo est\u00e1 en la leche materna. Por ello escuchamos que es lo mejor, porque es la nutrici\u00f3n m\u00e1s sana para un infante, pero va mucho m\u00e1s all\u00e1.\u201d<\/p>\n<p>Un dato m\u00e1s, expuso, es que a trav\u00e9s de la leche materna se obtienen los fundamentos para que el organismo regule su propio metabolismo energ\u00e9tico.<\/p>\n<p>Incluso, hay componentes que regulan genes en el tejido del infante, \u201centonces estamos pasando no s\u00f3lo nutrientes, sino se\u00f1ales para armar la arquitectura metab\u00f3lica del infante y adem\u00e1s material gen\u00e9tico\u201d. Ante tal escenario, dijo que la leche debemos contextualizarla no s\u00f3lo como alimento, sino como se\u00f1al bioactiva y medicina.<\/p>\n<p>\u201cEn realidad, lo que pasamos con la leche materna impacta la estructura metab\u00f3lica, fisiol\u00f3gica, energ\u00e9tica y la manera c\u00f3mo va a lidiar ese infante con su medio ambiente exterior.\u201d<\/p>\n<p>Entre los \u201cs\u00faper poderes\u201d de la leche materna, cit\u00f3 que siempre es est\u00e9ril y est\u00e1 a la temperatura ideal; la inicial tiene tales caracter\u00edsticas y es llamada calostro, la tomar\u00e1 una semana o seis meses despu\u00e9s, \u201cconforme el cr\u00edo avanza la madre ajusta y eso no lo hace ning\u00fan sustituto de la leche\u201d.<\/p>\n<p>El evento se desarroll\u00f3 en el Auditorio \u201cGonzalo Pardo Fern\u00e1ndez\u201d del Sistema de Atenci\u00f3n Integral a la Salud (SAISUV) y las paredes lucieron una muestra fotogr\u00e1fica sobre la lactancia materna, obra de Daniel Soto C\u00e1rcamo.<\/p>\n<p>Participaron adem\u00e1s Edith Nava Bustos, coordinadora de la iniciativa Hospital del Ni\u00f1o y de la Ni\u00f1a del Centro de Alta Especialidad (CAE) \u201cDr. Rafael Lucio\u201d; Paloma Lerma Bergua, especialista y consultora internacional en lactancia materna y presidenta de Lacmater IBFAN en M\u00e9xico; Clara Luz Sampieri Ram\u00edrez, investigadora del Instituto de Salud P\u00fablica, y Martha Alicia Ferr\u00e1ez de Lee, consultora certificada en lactancia materna.<\/p>\n<p>Estuvo presente la coordinadora de Docencia e Investigaci\u00f3n de la CUSRS, Cynthia Elizabeth D\u00edaz Marte; as\u00ed como estudiantes, acad\u00e9micos, p\u00fablico interesado y mam\u00e1s que est\u00e1n en la etapa de lactancia.<\/p>\n<p>&nbsp;<\/p>\n<div id=\"attachment_55818\" style=\"width: 732px\" class=\"wp-caption aligncenter\"><a href=\"https:\/\/www.uv.mx\/prensa\/files\/2018\/10\/121018-Lactancia-materna-2.jpg\"><img loading=\"lazy\" decoding=\"async\" aria-describedby=\"caption-attachment-55818\" class=\"size-full wp-image-55818\" src=\"https:\/\/www.uv.mx\/prensa\/files\/2018\/10\/121018-Lactancia-materna-2.jpg\" alt=\"\" width=\"722\" height=\"481\" srcset=\"https:\/\/www.uv.mx\/prensa\/files\/2018\/10\/121018-Lactancia-materna-2.jpg 722w, https:\/\/www.uv.mx\/prensa\/files\/2018\/10\/121018-Lactancia-materna-2-300x200.jpg 300w\" sizes=\"auto, (max-width: 722px) 100vw, 722px\" \/><\/a><p id=\"caption-attachment-55818\" class=\"wp-caption-text\">Alejandra N\u00fa\u00f1ez de la Mora<\/p><\/div>\n","protected":false},"excerpt":{"rendered":"<p>A trav\u00e9s de la leche materna se obtienen los fundamentos para que el organismo regule su metabolismo, explic\u00f3 la investigadora en la apertura del 1er Encuentro sobre Lactancia Materna, organizado por la Cl\u00ednica Universitaria de Salud Reproductiva y Sexual <\/p>\n","protected":false},"author":1508,"featured_media":55820,"comment_status":"closed","ping_status":"closed","sticky":false,"template":"","format":"standard","meta":{"footnotes":""},"categories":[61],"tags":[],"class_list":["post-55815","post","type-post","status-publish","format-standard","has-post-thumbnail","hentry","category-banner"],"_links":{"self":[{"href":"https:\/\/www.uv.mx\/prensa\/wp-json\/wp\/v2\/posts\/55815","targetHints":{"allow":["GET"]}}],"collection":[{"href":"https:\/\/www.uv.mx\/prensa\/wp-json\/wp\/v2\/posts"}],"about":[{"href":"https:\/\/www.uv.mx\/prensa\/wp-json\/wp\/v2\/types\/post"}],"author":[{"embeddable":true,"href":"https:\/\/www.uv.mx\/prensa\/wp-json\/wp\/v2\/users\/1508"}],"replies":[{"embeddable":true,"href":"https:\/\/www.uv.mx\/prensa\/wp-json\/wp\/v2\/comments?post=55815"}],"version-history":[{"count":0,"href":"https:\/\/www.uv.mx\/prensa\/wp-json\/wp\/v2\/posts\/55815\/revisions"}],"wp:featuredmedia":[{"embeddable":true,"href":"https:\/\/www.uv.mx\/prensa\/wp-json\/wp\/v2\/media\/55820"}],"wp:attachment":[{"href":"https:\/\/www.uv.mx\/prensa\/wp-json\/wp\/v2\/media?parent=55815"}],"wp:term":[{"taxonomy":"category","embeddable":true,"href":"https:\/\/www.uv.mx\/prensa\/wp-json\/wp\/v2\/categories?post=55815"},{"taxonomy":"post_tag","embeddable":true,"href":"https:\/\/www.uv.mx\/prensa\/wp-json\/wp\/v2\/tags?post=55815"}],"curies":[{"name":"wp","href":"https:\/\/api.w.org\/{rel}","templated":true}]}}