{"id":55732,"date":"2018-10-12T07:25:10","date_gmt":"2018-10-12T12:25:10","guid":{"rendered":"https:\/\/www.uv.mx\/prensa\/?p=55732"},"modified":"2018-10-12T07:38:17","modified_gmt":"2018-10-12T12:38:17","slug":"el-lenguaje-incluyente-va-mas-alla-de-la-gramatica","status":"publish","type":"post","link":"https:\/\/www.uv.mx\/prensa\/general\/el-lenguaje-incluyente-va-mas-alla-de-la-gramatica\/","title":{"rendered":"El lenguaje incluyente va m\u00e1s all\u00e1 de la gram\u00e1tica"},"content":{"rendered":"<ul>\n<li><em><span class=\"TextRun SCXW144667213\" lang=\"ES-MX\" xml:lang=\"ES-MX\"><span class=\"NormalTextRun SCXW144667213\">Yadira Hidalgo,<\/span><\/span> <span class=\"TextRun SCXW144667213\" lang=\"ES-MX\" xml:lang=\"ES-MX\"><span class=\"NormalTextRun SCXW144667213\">d<\/span><\/span><span class=\"TextRun SCXW144667213\" lang=\"ES-MX\" xml:lang=\"ES-MX\"><span class=\"NormalTextRun SCXW144667213\">ir<\/span><\/span><span class=\"TextRun SCXW144667213\" lang=\"ES-MX\" xml:lang=\"ES-MX\"><span class=\"NormalTextRun SCXW144667213\">ectora del Instituto Municipal de las Mujeres de X<\/span><\/span><span class=\"TextRun SCXW144667213\" lang=\"ES-MX\" xml:lang=\"ES-MX\"><span class=\"NormalTextRun SCXW144667213\">alapa, particip\u00f3 en el Ciclo de C<\/span><\/span><span class=\"TextRun SCXW144667213\" lang=\"ES-MX\" xml:lang=\"ES-MX\"><span class=\"NormalTextRun SCXW144667213\">harlas \u201cInvestigaci\u00f3n feminista\u201d, que organiza la UV<\/span><\/span><\/em><\/li>\n<\/ul>\n<p>&nbsp;<\/p>\n<div id=\"attachment_55734\" style=\"width: 732px\" class=\"wp-caption aligncenter\"><a href=\"https:\/\/www.uv.mx\/prensa\/files\/2018\/10\/121018-charla.jpg\"><img loading=\"lazy\" decoding=\"async\" aria-describedby=\"caption-attachment-55734\" class=\"wp-image-55734 size-full\" src=\"https:\/\/www.uv.mx\/prensa\/files\/2018\/10\/121018-charla.jpg\" alt=\"\" width=\"722\" height=\"482\" srcset=\"https:\/\/www.uv.mx\/prensa\/files\/2018\/10\/121018-charla.jpg 722w, https:\/\/www.uv.mx\/prensa\/files\/2018\/10\/121018-charla-300x200.jpg 300w\" sizes=\"auto, (max-width: 722px) 100vw, 722px\" \/><\/a><p id=\"caption-attachment-55734\" class=\"wp-caption-text\">\u201cNo sirve a las mujeres, al movimiento feminista o a la democracia, que se obligue a utilizar el lenguaje incluyente\u201d: Yadira Hidalgo<\/p><\/div>\n<p>&nbsp;<\/p>\n<p><b><i>Karina de la Paz Reyes D\u00edaz<\/i><\/b><\/p>\n<p><b><i>12<\/i><\/b><b><i>\/10\/18, Xalapa, Ver<\/i><\/b><b><i>.-\u00a0<\/i><\/b>El lenguaje incluyente no es una imposici\u00f3n y va m\u00e1s all\u00e1 de la gram\u00e1tica, destac\u00f3 la directora del Instituto Municipal de las Mujeres de Xalapa, Yadira Hidalgo Gonz\u00e1lez, en su participaci\u00f3n en el Ciclo de Charlas \u201cInvestigaci\u00f3n feminista\u201d que desarrolla el Centro de Estudios de G\u00e9nero, la Maestr\u00eda en Estudios de G\u00e9nero y el cuerpo acad\u00e9mico G\u00e9nero y Cultura de la Universidad Veracruzana (UV).<\/p>\n<p>\u201cNo sirve a las mujeres, al movimiento feminista o a la democracia que se obligue a utilizar el lenguaje incluyente a las personas en general. No nos sirve, por ejemplo, que una persona maneje muy bien el lenguaje incluyente y se comporte \u2018pol\u00edticamente correcto\u2019, pero en sus acciones no sea as\u00ed\u201d, expuso ante estudiantes, acad\u00e9micos y p\u00fablico en general interesado en el tema.<\/p>\n<p>Asimismo, dijo que el lenguaje incluyente va m\u00e1s all\u00e1 de la gram\u00e1tica, pues est\u00e1 dentro del marco de los derechos humanos, tiene que ver con un posicionamiento pol\u00edtico, incluso filos\u00f3fico y es m\u00e1s que \u201clas y los\u201d; tiene que ver con la visibilizaci\u00f3n de las mujeres y de otros grupos como las personas con discapacidad, la comunidad LGBTTTI (lesbianas, gays, bisexuales, travestis, transexuales, transg\u00e9nero e intersexuales) o la poblaci\u00f3n ind\u00edgena.<\/p>\n<p>Coment\u00f3 que as\u00ed como la respiraci\u00f3n, las personas normalmente utilizan el lenguaje de manera inconsciente, pero el lenguaje incluyente no necesariamente es engorroso si se tiene un amplio vocabulario. \u201cUna de las cosas que recomiendo mucho, sobre todo para tener m\u00e1s herramientas al respecto, es la lectura. No hay otra opci\u00f3n. Entre m\u00e1s lees m\u00e1s vocabulario tienes y as\u00ed m\u00e1s opciones para decir lo que quieres\u201d.<\/p>\n<p>El lenguaje incluyente, explic\u00f3, es un elemento que reconoce a las mujeres y a los hombres tanto en lo hablado como en lo escrito, manifiesta la diversidad social e intenta equilibrar las desigualdades. Asimismo, contribuye a forjar una sociedad que reconozca e integre la diversidad, la igualdad de g\u00e9nero.<\/p>\n<p>Sin embargo, \u201cvemos mucha resistencia, sobre todo en quienes hacen contenidos en medios de comunicaci\u00f3n, porque no ven que lo que hacen es violencia y tiene que ver con otro concepto tambi\u00e9n muy interesante que es el de la violencia simb\u00f3lica; al respecto, dice Rita Segato, \u2018la violencia simb\u00f3lica entre m\u00e1s sutil es m\u00e1s efectiva\u2019 porque al no verse, nadie la reclama\u201d.<\/p>\n<p><b> <\/b>Retom\u00f3 la frase \u201cLo que no se nombra no existe\u201d<b> <\/b>y record\u00f3 que el primer derecho de la infancia es tener un nombre, porque al tenerlo se tiene identidad y un espacio en el mundo y con esto se es \u201ccapaz de negociar con las otras personas, es decir, asumir un papel activo y pol\u00edtico, de eso trata el lenguaje incluyente, m\u00e1s all\u00e1 de \u2018las y los\u2019, el tema es muy profundo\u201d.<\/p>\n<p>Retom\u00f3 que el lenguaje incluyente no debe ser obligatorio, sino utilizado por convicci\u00f3n; no obstante, en la funci\u00f3n p\u00fablica el panorama es diferente. Mencion\u00f3 la Ley de Igualdad para el Estado de Veracruz, en su T\u00edtulo II Cap\u00edtulo Primero, Art\u00edculo 11, Fracci\u00f3n VIII, cita que el \u201cfuncionariado\u201d debe asegurar el uso del lenguaje no sexista en todas las \u00e1reas de la administraci\u00f3n p\u00fablica, estatal y municipal, y su fomento en todas las relaciones sociales.<\/p>\n<p>La funcionaria municipal explic\u00f3 que el lenguaje por s\u00ed no es excluyente: \u201ccuando utilizamos el lenguaje incluyente estamos hablando de derechos humanos, de visibilizaci\u00f3n pol\u00edtica e hist\u00f3rica, de reconocimiento de los logros y aportaciones de las mujeres, del reconocimiento de las diversidades en todos los sentidos, de una cultura de paz, y quitarnos la discriminaci\u00f3n de la cabeza y por ende, los comentarios peyorativos.\u201d<\/p>\n<p>La actividad se desarroll\u00f3 en el Sal\u00f3n Blanco de la ex Unidad de Humanidades y fue moderado por Mar\u00eda Eugenia Guadarrama Olivera, titular del Centro de Estudios de G\u00e9nero.<\/p>\n<p>&nbsp;<\/p>\n<div id=\"attachment_55733\" style=\"width: 732px\" class=\"wp-caption aligncenter\"><a href=\"https:\/\/www.uv.mx\/prensa\/files\/2018\/10\/121018-charla-2.jpg\"><img loading=\"lazy\" decoding=\"async\" aria-describedby=\"caption-attachment-55733\" class=\"size-full wp-image-55733\" src=\"https:\/\/www.uv.mx\/prensa\/files\/2018\/10\/121018-charla-2.jpg\" alt=\"\" width=\"722\" height=\"482\" srcset=\"https:\/\/www.uv.mx\/prensa\/files\/2018\/10\/121018-charla-2.jpg 722w, https:\/\/www.uv.mx\/prensa\/files\/2018\/10\/121018-charla-2-300x200.jpg 300w\" sizes=\"auto, (max-width: 722px) 100vw, 722px\" \/><\/a><p id=\"caption-attachment-55733\" class=\"wp-caption-text\">La charla se desarroll\u00f3 en el Sal\u00f3n Blanco de la Unidad de Humanidades<\/p><\/div>\n","protected":false},"excerpt":{"rendered":"<p>\u201cNo nos sirve, por ejemplo, que una persona maneje muy bien el lenguaje incluyente y se comporte \u2018pol\u00edticamente correcto\u2019, pero en sus acciones no sea as\u00ed\u201d: Yadira Hidalgo<\/p>\n","protected":false},"author":1508,"featured_media":55734,"comment_status":"closed","ping_status":"closed","sticky":false,"template":"","format":"standard","meta":{"footnotes":""},"categories":[1],"tags":[],"class_list":["post-55732","post","type-post","status-publish","format-standard","has-post-thumbnail","hentry","category-general"],"_links":{"self":[{"href":"https:\/\/www.uv.mx\/prensa\/wp-json\/wp\/v2\/posts\/55732","targetHints":{"allow":["GET"]}}],"collection":[{"href":"https:\/\/www.uv.mx\/prensa\/wp-json\/wp\/v2\/posts"}],"about":[{"href":"https:\/\/www.uv.mx\/prensa\/wp-json\/wp\/v2\/types\/post"}],"author":[{"embeddable":true,"href":"https:\/\/www.uv.mx\/prensa\/wp-json\/wp\/v2\/users\/1508"}],"replies":[{"embeddable":true,"href":"https:\/\/www.uv.mx\/prensa\/wp-json\/wp\/v2\/comments?post=55732"}],"version-history":[{"count":0,"href":"https:\/\/www.uv.mx\/prensa\/wp-json\/wp\/v2\/posts\/55732\/revisions"}],"wp:featuredmedia":[{"embeddable":true,"href":"https:\/\/www.uv.mx\/prensa\/wp-json\/wp\/v2\/media\/55734"}],"wp:attachment":[{"href":"https:\/\/www.uv.mx\/prensa\/wp-json\/wp\/v2\/media?parent=55732"}],"wp:term":[{"taxonomy":"category","embeddable":true,"href":"https:\/\/www.uv.mx\/prensa\/wp-json\/wp\/v2\/categories?post=55732"},{"taxonomy":"post_tag","embeddable":true,"href":"https:\/\/www.uv.mx\/prensa\/wp-json\/wp\/v2\/tags?post=55732"}],"curies":[{"name":"wp","href":"https:\/\/api.w.org\/{rel}","templated":true}]}}