{"id":55728,"date":"2018-10-12T07:26:47","date_gmt":"2018-10-12T12:26:47","guid":{"rendered":"https:\/\/www.uv.mx\/prensa\/?p=55728"},"modified":"2018-10-12T07:38:32","modified_gmt":"2018-10-12T12:38:32","slug":"diabetes-mayor-causa-de-mortalidad-e-incapacidad-en-mexico","status":"publish","type":"post","link":"https:\/\/www.uv.mx\/prensa\/general\/diabetes-mayor-causa-de-mortalidad-e-incapacidad-en-mexico\/","title":{"rendered":"Diabetes, mayor causa de mortalidad e incapacidad en M\u00e9xico"},"content":{"rendered":"<ul>\n<li><i>El IMSS puso en marcha el programa piloto \u201cCHKT en L\u00ednea\u201d<\/i><\/li>\n<\/ul>\n<p>&nbsp;<\/p>\n<div id=\"attachment_55730\" style=\"width: 732px\" class=\"wp-caption aligncenter\"><a href=\"https:\/\/www.uv.mx\/prensa\/files\/2018\/10\/121018-enfermedades-cronicas.jpg\"><img loading=\"lazy\" decoding=\"async\" aria-describedby=\"caption-attachment-55730\" class=\"size-full wp-image-55730\" src=\"https:\/\/www.uv.mx\/prensa\/files\/2018\/10\/121018-enfermedades-cronicas.jpg\" alt=\"\" width=\"722\" height=\"481\" srcset=\"https:\/\/www.uv.mx\/prensa\/files\/2018\/10\/121018-enfermedades-cronicas.jpg 722w, https:\/\/www.uv.mx\/prensa\/files\/2018\/10\/121018-enfermedades-cronicas-300x200.jpg 300w\" sizes=\"auto, (max-width: 722px) 100vw, 722px\" \/><\/a><p id=\"caption-attachment-55730\" class=\"wp-caption-text\">Alan Mois\u00e9s Santana Ram\u00edrez, coordinador de Programas M\u00e9dicos de la Divisi\u00f3n de Promoci\u00f3n de la Salud del IMSS<\/p><\/div>\n<p>&nbsp;<\/p>\n<p><b><i>Jos\u00e9 Luis Couttolenc Soto<\/i><\/b><\/p>\n<p><b><i>12\/10\/18, Xalapa, Ver.-<\/i><\/b> La diabetes es la enfermedad responsable de elevados \u00edndices de muerte al a\u00f1o en el pa\u00eds, adem\u00e1s de la principal causa de amputaciones no traum\u00e1ticas, por lo que el Instituto Mexicano del Seguro Social (IMSS) impulsa, desde 2017, el programa \u201cCHKT en L\u00ednea\u201d, dentro del modelo preventivo de enfermedades cr\u00f3nicas.<\/p>\n<p>Alan Mois\u00e9s Santana Ram\u00edrez, coordinador de Programas M\u00e9dicos en la Divisi\u00f3n de Promoci\u00f3n de la Salud en la Unidad Central del IMSS, dio a conocer lo anterior en su conferencia magistral \u201cPuerta de entrada del Modelo Preventivo de Enfermedades Cr\u00f3nicas\u201d, en el 7\u00ba Congreso Nacional de Universidades Promotoras de la Salud, que del 8 al 11 de octubre se realiza en la Unidad de Servicios Bibliotecarios y de Informaci\u00f3n (USBI).<\/p>\n<p>Explic\u00f3 que el programa piloto \u201cCHKT en L\u00ednea\u201d se implementa<span class=\"Apple-converted-space\">\u00a0 <\/span>en Nuevo Le\u00f3n, aunque su dise\u00f1o es nacional, y su aplicaci\u00f3n est\u00e1 disponible en tel\u00e9fonos m\u00f3viles con sistemas <i>Android<\/i> e <i>iOS<\/i>, \u00fanicamente para derechohabientes del IMSS.<\/p>\n<p>La persona interesada puede encontrar cuatro cuestionarios, uno por cada padecimiento (diabetes, hipertensi\u00f3n, c\u00e1ncer de mama y de pr\u00f3stata); la aplicaci\u00f3n env\u00eda la informaci\u00f3n al \u00e1rea correspondiente para identificar los riesgos y determinar la conducta a seguir.<\/p>\n<p>Santana Ram\u00edrez dijo que con este modelo el IMSS busca pasar de lo curativo a lo preventivo, a fin de detener y controlar el crecimiento de los males cr\u00f3nicos. En el caso de la detecci\u00f3n y tratamiento de la prediabetes en personas con alto riesgo, permite adelantar hasta 15 a\u00f1os la atenci\u00f3n a estos pacientes, disminuyendo las complicaciones como la p\u00e9rdida de la visi\u00f3n, de extremidades o de la vida.<\/p>\n<p>Finalmente, dijo que la aplicaci\u00f3n est\u00e1 disponible para los derechohabientes mayores de 20 a\u00f1os, as\u00ed como para estudiantes de educaci\u00f3n media superior y superior inscritos en el IMSS, quienes en su tel\u00e9fono celular pueden bajar la aplicaci\u00f3n <i>IMSS Digital <\/i>e ir a la opci\u00f3n \u201cCHKT en L\u00ednea\u201d, o a trav\u00e9s de la p\u00e1gina <i>web<\/i>: <a href=\"http:\/\/chkt.imss.gob.mx\/publico\/\">http:\/\/chkt.imss.gob.mx\/publico\/<\/a>.<\/p>\n","protected":false},"excerpt":{"rendered":"<p>El IMSS lleva a cabo un modelo preventivo de \u00e9sta y otras enfermedades cr\u00f3nicas, como hipertensi\u00f3n, c\u00e1ncer de mama y de pr\u00f3stata<\/p>\n","protected":false},"author":1508,"featured_media":55730,"comment_status":"closed","ping_status":"closed","sticky":false,"template":"","format":"standard","meta":{"footnotes":""},"categories":[1],"tags":[],"class_list":["post-55728","post","type-post","status-publish","format-standard","has-post-thumbnail","hentry","category-general"],"_links":{"self":[{"href":"https:\/\/www.uv.mx\/prensa\/wp-json\/wp\/v2\/posts\/55728","targetHints":{"allow":["GET"]}}],"collection":[{"href":"https:\/\/www.uv.mx\/prensa\/wp-json\/wp\/v2\/posts"}],"about":[{"href":"https:\/\/www.uv.mx\/prensa\/wp-json\/wp\/v2\/types\/post"}],"author":[{"embeddable":true,"href":"https:\/\/www.uv.mx\/prensa\/wp-json\/wp\/v2\/users\/1508"}],"replies":[{"embeddable":true,"href":"https:\/\/www.uv.mx\/prensa\/wp-json\/wp\/v2\/comments?post=55728"}],"version-history":[{"count":0,"href":"https:\/\/www.uv.mx\/prensa\/wp-json\/wp\/v2\/posts\/55728\/revisions"}],"wp:featuredmedia":[{"embeddable":true,"href":"https:\/\/www.uv.mx\/prensa\/wp-json\/wp\/v2\/media\/55730"}],"wp:attachment":[{"href":"https:\/\/www.uv.mx\/prensa\/wp-json\/wp\/v2\/media?parent=55728"}],"wp:term":[{"taxonomy":"category","embeddable":true,"href":"https:\/\/www.uv.mx\/prensa\/wp-json\/wp\/v2\/categories?post=55728"},{"taxonomy":"post_tag","embeddable":true,"href":"https:\/\/www.uv.mx\/prensa\/wp-json\/wp\/v2\/tags?post=55728"}],"curies":[{"name":"wp","href":"https:\/\/api.w.org\/{rel}","templated":true}]}}