{"id":55652,"date":"2018-10-10T08:58:59","date_gmt":"2018-10-10T13:58:59","guid":{"rendered":"https:\/\/www.uv.mx\/prensa\/?p=55652"},"modified":"2018-10-09T20:15:31","modified_gmt":"2018-10-10T01:15:31","slug":"universidades-tienen-el-potencial-para-ser-promotoras-de-la-salud-ops","status":"publish","type":"post","link":"https:\/\/www.uv.mx\/prensa\/general\/universidades-tienen-el-potencial-para-ser-promotoras-de-la-salud-ops\/","title":{"rendered":"Universidades tienen el potencial para ser promotoras de la salud: OPS"},"content":{"rendered":"<ul>\n<li><em><span class=\"TextRun SCXW145142752\" lang=\"ES-ES\" xml:lang=\"ES-ES\"><span class=\"NormalTextRun SCXW145142752\">Pueden liderar y apoyar procesos de cambio<\/span><\/span> <span class=\"TextRun SCXW145142752\" lang=\"ES-ES\" xml:lang=\"ES-ES\"><span class=\"NormalTextRun SCXW145142752\">en su comunidad y la externa: Patricia Rodezno <\/span><\/span><span class=\"TextRun SCXW145142752\" lang=\"ES-ES\" xml:lang=\"ES-ES\"><span class=\"SpellingError SCXW145142752\">Segurado<\/span><\/span><\/em><\/li>\n<\/ul>\n<p>&nbsp;<\/p>\n<div id=\"attachment_55653\" style=\"width: 728px\" class=\"wp-caption aligncenter\"><a href=\"https:\/\/www.uv.mx\/prensa\/files\/2018\/10\/101018-7-Congreso-UPS.jpg\"><img aria-describedby=\"caption-attachment-55653\" decoding=\"async\" loading=\"lazy\" class=\"wp-image-55653 size-full\" src=\"https:\/\/www.uv.mx\/prensa\/files\/2018\/10\/101018-7-Congreso-UPS.jpg\" alt=\"\" width=\"718\" height=\"480\" srcset=\"https:\/\/www.uv.mx\/prensa\/files\/2018\/10\/101018-7-Congreso-UPS.jpg 718w, https:\/\/www.uv.mx\/prensa\/files\/2018\/10\/101018-7-Congreso-UPS-300x201.jpg 300w\" sizes=\"(max-width: 718px) 100vw, 718px\" \/><\/a><p id=\"caption-attachment-55653\" class=\"wp-caption-text\">Patricia Rodezno Segurado, asesora en desarrollo sostenible y salud ambiental de la OPS<\/p><\/div>\n<p>&nbsp;<\/p>\n<p><b><i>Jos\u00e9 Luis <\/i><\/b><b><i>Couttolenc<\/i><\/b><b><i> Soto<\/i><\/b><span>\u00a0<\/span><\/p>\n<p><span>\u00a0<em><strong>1<\/strong><\/em><\/span><b><i>0\/10<\/i><\/b><b><i>\/18<\/i><\/b><b><i>, Xalapa, <\/i><\/b><b><i>Ver.-<\/i><\/b> Patricia Rodezno Segurado, asesora en desarrollo sostenible y salud ambiental en la Organizaci\u00f3n Panamericana de la Salud (OPS), consider\u00f3 que si se lo proponen las universidades pueden ser promotoras de la salud pues tienen el potencial para influir positivamente en la vida y condici\u00f3n de salud de sus miembros, protegi\u00e9ndolos y promoviendo su bienestar.<span>\u00a0<\/span><\/p>\n<p>Al participar en el 7\u00ba Congreso Nacional de Universidades Promotoras de la Salud, que realiza la Universidad Veracruzana (UV) en la Unidad de Servicios Bibliotecarios y de Informaci\u00f3n (USBI), la representante de la OPS agreg\u00f3 que las universidades tambi\u00e9n pueden liderar y apoyar procesos de cambio en la comunidad externa.<span>\u00a0<\/span><\/p>\n<p>Rodezno Segurado ofreci\u00f3 la conferencia magistral \u201cObjetivos del Desarrollo Sostenible: nuevos retos para la salud p\u00fablica\u201d y dijo que la salud representa un indicador que permite conocer el desarrollo de una sociedad, y si sus pilares (econ\u00f3mico, ambiental y social) repercuten positivamente en el bienestar de la poblaci\u00f3n.<span>\u00a0<\/span><\/p>\n<p>Apunt\u00f3 que el rol de las universidades es importante \u201cdesde la mirada del conocimiento, de la transformaci\u00f3n, con pol\u00edticas basadas en evidencias, porque debemos pensar en los estudiantes que representan la nueva generaci\u00f3n a la que estamos dejando un escenario complejo, de divisiones, de contaminaci\u00f3n y de negocios que afectan su salud y su calidad de vida, incluyendo la salud mental\u201d.<span>\u00a0<\/span><\/p>\n<p>Patricia Rodezno dio a conocer que -de acuerdo a estudios realizados por la OPS- en Am\u00e9rica Latina (AL) las enfermedades vectorizadas est\u00e1n entre las predominantes, mientras que en M\u00e9xico las que repuntan son las no transmisibles (ENT) como la diabetes, hipertensi\u00f3n y c\u00e1ncer.<span>\u00a0<\/span><\/p>\n<p>Sin embargo, apunt\u00f3 que en las comunidades el an\u00e1lisis se tiene que hacer con una \u00f3ptica global, porque \u00e9sta marca la diferencia con las poblaciones ind\u00edgenas y rurales que son las que tienen que mejorar sus condiciones de vida, puesto que conviven con las enfermedades tanto transmisibles como con las no transmisibles.<span>\u00a0<\/span><\/p>\n<p>Al referirse a los nuevos retos para la salud p\u00fablica en la regi\u00f3n de las Am\u00e9ricas, dijo que la poblaci\u00f3n de esta regi\u00f3n est\u00e1 emergiendo, lo que conlleva a que las necesidades en materia de salud sean distantes a las de a\u00f1os atr\u00e1s. Refiri\u00f3 que se estima que para 2030 haya una poblaci\u00f3n superior a los 200 millones de personas mayores de 60 a\u00f1os, de las cuales m\u00e1s de la mitad vivir\u00e1 en AL y el Caribe.<span>\u00a0<\/span><\/p>\n<p>Inform\u00f3 que en la regi\u00f3n de las Am\u00e9ricas, las enfermedades cr\u00f3nicas no transmisibles son causantes del 78 por ciento de las defunciones del total de la poblaci\u00f3n de la misma regi\u00f3n, en donde las inequidades en salud \u201cson las diferencias injustas en las personas de diferentes grupos sociales, y pueden asociarse a distintas desventajas como la pobreza, discriminaci\u00f3n y a la falta de acceso a servicios y bienes\u201d.<span>\u00a0<\/span><\/p>\n<p>Reconoci\u00f3 que de 1990 a 2014 se han alcanzado grandes logros de los Objetivos de Desarrollo Sostenible (ODS): la tasa de mortalidad infantil se redujo de 90 a 43 por cada mil nacidos vivos, en el sudeste asi\u00e1tico se tuvo una reducci\u00f3n del 78 por ciento, mientras que en Ocean\u00eda fue del orden del 31 por ciento; el porcentaje de nacimientos atendidos por profesionales de la salud aument\u00f3 del 50 por ciento en 1990, al 71 por ciento en 2014; la mortalidad materna se redujo mundialmente en 45 por ciento, pero en AL fue tan s\u00f3lo del 15 por ciento.<span>\u00a0<\/span><\/p>\n<p>Mencion\u00f3 que otro de los retos es lograr la cobertura sanitaria universal, en particular la protecci\u00f3n contra los riesgos financieros, el acceso a los servicios de salud esenciales de calidad, y el acceso a medicamentos y vacunas seguros, eficaces, asequibles y de calidad para todos; se busca tambi\u00e9n reducir a un tercio la mortalidad prematura por ENT; fortalecer la prevenci\u00f3n y el tratamiento del abuso de sustancias; fortalecer la aplicaci\u00f3n del convenio marco de la Organizaci\u00f3n Mundial de la Salud (OMS) para el control del tabaco en todos los pa\u00edses, seg\u00fan proceda, y reducir al 50 por ciento las muertes por accidentes de tr\u00e1nsito, que representa la octava causa de muertes en el mundo, y la n\u00famero uno en los j\u00f3venes.<span>\u00a0<\/span><\/p>\n<p>Para alcanzar las metas, la OMS y la OPS est\u00e1n invitando a los pa\u00edses para que adopten un enfoque multisectorial y act\u00faen en relaci\u00f3n con los determinantes sociales, ambientales y econ\u00f3micos de salud, con miras a reducir las inequidades en la materia y posibilitar el desarrollo sostenible.<\/p>\n","protected":false},"excerpt":{"rendered":"<p>Patricia Rodezno Segurado, asesora en desarrollo sostenible y salud de la OPS ofreci\u00f3 la conferencia magistral \u201cObjetivos del Desarrollo Sostenible: nuevos retos para la salud p\u00fablica\u201d<\/p>\n","protected":false},"author":1508,"featured_media":55653,"comment_status":"closed","ping_status":"closed","sticky":false,"template":"","format":"standard","meta":[],"categories":[1],"tags":[],"_links":{"self":[{"href":"https:\/\/www.uv.mx\/prensa\/wp-json\/wp\/v2\/posts\/55652"}],"collection":[{"href":"https:\/\/www.uv.mx\/prensa\/wp-json\/wp\/v2\/posts"}],"about":[{"href":"https:\/\/www.uv.mx\/prensa\/wp-json\/wp\/v2\/types\/post"}],"author":[{"embeddable":true,"href":"https:\/\/www.uv.mx\/prensa\/wp-json\/wp\/v2\/users\/1508"}],"replies":[{"embeddable":true,"href":"https:\/\/www.uv.mx\/prensa\/wp-json\/wp\/v2\/comments?post=55652"}],"version-history":[{"count":0,"href":"https:\/\/www.uv.mx\/prensa\/wp-json\/wp\/v2\/posts\/55652\/revisions"}],"wp:featuredmedia":[{"embeddable":true,"href":"https:\/\/www.uv.mx\/prensa\/wp-json\/wp\/v2\/media\/55653"}],"wp:attachment":[{"href":"https:\/\/www.uv.mx\/prensa\/wp-json\/wp\/v2\/media?parent=55652"}],"wp:term":[{"taxonomy":"category","embeddable":true,"href":"https:\/\/www.uv.mx\/prensa\/wp-json\/wp\/v2\/categories?post=55652"},{"taxonomy":"post_tag","embeddable":true,"href":"https:\/\/www.uv.mx\/prensa\/wp-json\/wp\/v2\/tags?post=55652"}],"curies":[{"name":"wp","href":"https:\/\/api.w.org\/{rel}","templated":true}]}}