{"id":55609,"date":"2018-10-09T14:43:42","date_gmt":"2018-10-09T19:43:42","guid":{"rendered":"https:\/\/www.uv.mx\/prensa\/?p=55609"},"modified":"2018-10-10T14:58:05","modified_gmt":"2018-10-10T19:58:05","slug":"fernando-avila-una-vida-colmada-de-esperanzador-esfuerzo","status":"publish","type":"post","link":"https:\/\/www.uv.mx\/prensa\/banner\/fernando-avila-una-vida-colmada-de-esperanzador-esfuerzo\/","title":{"rendered":"Fernando \u00c1vila, una vida colmada de esperanzador esfuerzo"},"content":{"rendered":"<ul>\n<li><i>D<\/i><i>esde inicios del \u00faltimo tercio del siglo pasado vislumbr\u00f3 el florecimiento d<\/i><i>e <\/i><i>las artes musicales en Veracruz<\/i><span>\u00a0<\/span><\/li>\n<li><i>E<\/i><i>n 1980 el gobierno de Austria le condecor\u00f3 con la Gran Cruz de Honor<\/i><span>\u00a0<\/span><\/li>\n<\/ul>\n<p><span>\u00a0<\/span><\/p>\n<div id=\"attachment_55611\" style=\"width: 732px\" class=\"wp-caption aligncenter\"><a href=\"https:\/\/www.uv.mx\/prensa\/files\/2018\/10\/091018-Principales-y-banner-uv-Fernando-Avila-3.jpg\"><img loading=\"lazy\" decoding=\"async\" aria-describedby=\"caption-attachment-55611\" class=\"size-full wp-image-55611\" src=\"https:\/\/www.uv.mx\/prensa\/files\/2018\/10\/091018-Principales-y-banner-uv-Fernando-Avila-3.jpg\" alt=\"\" width=\"722\" height=\"542\" srcset=\"https:\/\/www.uv.mx\/prensa\/files\/2018\/10\/091018-Principales-y-banner-uv-Fernando-Avila-3.jpg 722w, https:\/\/www.uv.mx\/prensa\/files\/2018\/10\/091018-Principales-y-banner-uv-Fernando-Avila-3-300x225.jpg 300w\" sizes=\"auto, (max-width: 722px) 100vw, 722px\" \/><\/a><p id=\"caption-attachment-55611\" class=\"wp-caption-text\">Fernando \u00c1vila form\u00f3 a numerosos m\u00fasicos que hoy destacan por su eficiencia y preparaci\u00f3n<\/p><\/div>\n<p><span>\u00a0<\/span><\/p>\n<p><span>\u00a0<\/span><\/p>\n<p><b><i>Jorge V\u00e1zquez Pacheco<\/i><\/b><span>\u00a0<\/span><\/p>\n<p><b><i>09\/10\/18, Xalapa, Ver.-<\/i><\/b> Pocos personajes en la vida musical de Veracruz guardaban tan clara conciencia de su propio potencial art\u00edstico. Fernando \u00c1vila Navarro era poseedor de una capacidad que \u00e9l mismo se encarg\u00f3 de mantener alejada de las \u201ctentaciones\u201d, como la propuesta de Carlos Ch\u00e1vez en 1973 para encabezar la titularidad de la Orquesta Sinf\u00f3nica Nacional de M\u00e9xico, posibilidad que nunca le atrajo del todo.<span>\u00a0<\/span><\/p>\n<p>En 1968 fungi\u00f3 brevemente como director adjunto de aquella emblem\u00e1tica organizaci\u00f3n en Bellas Artes y antes, durante una de sus estancias en Europa, hab\u00eda fundado en Alemania la Orquesta de C\u00e1mara de Klettenberg, en la regi\u00f3n de Lindenthal.<span>\u00a0<\/span><\/p>\n<p>El perfil de Fernando \u00c1vila registraba antecedentes de enorme val\u00eda: su amplia experiencia como ejecutante de corno franc\u00e9s, su preparaci\u00f3n en direcci\u00f3n orquestal bajo la gu\u00eda de Wolfgang von der Nahmer y del legendario Sergiu Celibidache, eran sus credenciales m\u00e1s significativas. Pero toda aquella s\u00f3lida formaci\u00f3n estar\u00eda destinada, por decisi\u00f3n propia, a un solo objetivo: transmitir sus conocimientos. Con ello se propuso contribuir decisivamente a la forja de j\u00f3venes talentos, en una entidad urgida de renovaci\u00f3n hacia la totalidad de su estructura art\u00edstica.<span>\u00a0<\/span><\/p>\n<p>Una parte de su responsabilidad se apoy\u00f3 en la tarea de mantener con vida a la Orquesta Sinf\u00f3nica de Xalapa (OSX), organismo que en 1969 se mostraba tambaleante y casi ag\u00f3nico debido a las consecuencias de una de sus etapas de mayor crueldad financiera. Con audiciones aisladas y trabajo respaldado por apenas un pu\u00f1ado de esforzados instrumentistas, mostr\u00f3 los arrestos necesarios para el logro del milagro de la sobrevivencia en las condiciones m\u00e1s complicadas y dif\u00edciles.<span>\u00a0<\/span><\/p>\n<p>Su esp\u00edritu aguerrido le conducir\u00eda a corroborar una vez m\u00e1s y en nuestro propio \u00e1mbito que el arte, como la vida misma, florece en las condiciones m\u00e1s hostiles y adversas.<span>\u00a0<\/span><\/p>\n<p>Despu\u00e9s de cinco a\u00f1os de briosa labor, en 1974 se dio la renovaci\u00f3n en la OSX y le fue asignada la responsabilidad como agregado cultural de M\u00e9xico en Viena; m\u00e1s tarde efectu\u00f3 una gira de 20 conciertos por toda la Rep\u00fablica Mexicana al frente de la Orquesta de C\u00e1mara de Viena, y en 1980 el gobierno de Austria le condecor\u00f3 con la Gran Cruz de Honor.<span>\u00a0<\/span><\/p>\n<p>En 1999 asumi\u00f3 la titularidad de la c\u00e1tedra de \u201cT\u00e9cnica en la direcci\u00f3n orquestal\u201d en la Facultad de M\u00fasica de la Universidad Veracruzana (UV) y con esta valiosa gu\u00eda se formaron numerosos m\u00fasicos que hoy destacan por su eficiencia y preparaci\u00f3n. Fue tambi\u00e9n director de la misma Facultad, en uno de los m\u00faltiples encargos asumidos a lo largo de tan fruct\u00edfera trayectoria.<span>\u00a0<\/span><\/p>\n<p>Existen muchos logros y detalles que escapan de todo registro bibliogr\u00e1fico, como las grabaciones que encabez\u00f3 en Europa. Tampoco es mucho lo que se sabe de los conciertos dirigidos por \u00e9l al frente de orquestas de China, Brasil, Chile, Per\u00fa, Guatemala, Estados Unidos, as\u00ed como de su proyecto de investigaci\u00f3n intitulado \u201cObtenci\u00f3n y estudio de im\u00e1genes astron\u00f3micas\u201d.<span>\u00a0<\/span><\/p>\n<p>Hoy, el contexto cultural de Veracruz se ensombrece ante la desaparici\u00f3n f\u00edsica de un esp\u00edritu colmado de \u00e1nimo guerrero y denuedo ejemplar. Es mucho lo que la m\u00fasica debe a Fernando \u00c1vila y, con lo mismo, nos queda el consuelo de saber que no nos ha dejado del todo y que su legado mantiene pujante vigencia.<span>\u00a0<\/span><\/p>\n<p>Hereda, para la generaci\u00f3n actual y las venideras, el modelo de un \u00e1nimo de sacrificio que le condujo hacia la labor sobre territorio aparentemente \u00e1rido. Desde inicios del \u00faltimo tercio del siglo pasado ya vislumbraba el florecimiento de las artes musicales en Veracruz. De esta forma, su trabajo result\u00f3 en la premonici\u00f3n de un vasto panorama que hoy, para nuestra fortuna, se establece como los frutos del arrojo colmado de esperanza.<span>\u00a0<\/span><\/p>\n<p>\u00a1Hasta pronto, querido Fernando!<span>\u00a0<\/span><\/p>\n","protected":false},"excerpt":{"rendered":"<p>En 1968 fue director adjunto de la Orquesta Sinf\u00f3nica Nacional de M\u00e9xico y en el periodo 1969-1974 dirigi\u00f3 a la Sinf\u00f3nica de Xalapa, entre otras m\u00faltiples encomiendas <\/p>\n","protected":false},"author":1869,"featured_media":55610,"comment_status":"closed","ping_status":"closed","sticky":false,"template":"","format":"standard","meta":{"footnotes":""},"categories":[61],"tags":[],"class_list":["post-55609","post","type-post","status-publish","format-standard","has-post-thumbnail","hentry","category-banner"],"_links":{"self":[{"href":"https:\/\/www.uv.mx\/prensa\/wp-json\/wp\/v2\/posts\/55609","targetHints":{"allow":["GET"]}}],"collection":[{"href":"https:\/\/www.uv.mx\/prensa\/wp-json\/wp\/v2\/posts"}],"about":[{"href":"https:\/\/www.uv.mx\/prensa\/wp-json\/wp\/v2\/types\/post"}],"author":[{"embeddable":true,"href":"https:\/\/www.uv.mx\/prensa\/wp-json\/wp\/v2\/users\/1869"}],"replies":[{"embeddable":true,"href":"https:\/\/www.uv.mx\/prensa\/wp-json\/wp\/v2\/comments?post=55609"}],"version-history":[{"count":0,"href":"https:\/\/www.uv.mx\/prensa\/wp-json\/wp\/v2\/posts\/55609\/revisions"}],"wp:featuredmedia":[{"embeddable":true,"href":"https:\/\/www.uv.mx\/prensa\/wp-json\/wp\/v2\/media\/55610"}],"wp:attachment":[{"href":"https:\/\/www.uv.mx\/prensa\/wp-json\/wp\/v2\/media?parent=55609"}],"wp:term":[{"taxonomy":"category","embeddable":true,"href":"https:\/\/www.uv.mx\/prensa\/wp-json\/wp\/v2\/categories?post=55609"},{"taxonomy":"post_tag","embeddable":true,"href":"https:\/\/www.uv.mx\/prensa\/wp-json\/wp\/v2\/tags?post=55609"}],"curies":[{"name":"wp","href":"https:\/\/api.w.org\/{rel}","templated":true}]}}