{"id":55544,"date":"2018-10-09T08:59:27","date_gmt":"2018-10-09T13:59:27","guid":{"rendered":"https:\/\/www.uv.mx\/prensa\/?p=55544"},"modified":"2021-12-06T12:06:18","modified_gmt":"2021-12-06T18:06:18","slug":"la-palabra-y-el-hombre-gana-el-premio-al-arte-editorial-caniem-2018","status":"publish","type":"post","link":"https:\/\/www.uv.mx\/prensa\/banner\/la-palabra-y-el-hombre-gana-el-premio-al-arte-editorial-caniem-2018\/","title":{"rendered":"<em>La Palabra y el Hombre<\/em> gana el Premio al Arte Editorial Caniem 2018"},"content":{"rendered":"<ul>\n<li><i>Recibir\u00e1 el <\/i><i>reconocimiento <\/i><i>el 15 de noviembre, en el marco de la celebraci\u00f3n del D\u00eda Nacional del Libro<\/i><\/li>\n<\/ul>\n<div id=\"attachment_55546\" style=\"width: 732px\" class=\"wp-caption aligncenter\"><a href=\"https:\/\/www.uv.mx\/prensa\/files\/2018\/10\/101018-Premio-La-Palabra-100k.jpg\"><img loading=\"lazy\" decoding=\"async\" aria-describedby=\"caption-attachment-55546\" class=\"size-full wp-image-55546\" src=\"https:\/\/www.uv.mx\/prensa\/files\/2018\/10\/101018-Premio-La-Palabra-100k.jpg\" alt=\"\" width=\"722\" height=\"406\" srcset=\"https:\/\/www.uv.mx\/prensa\/files\/2018\/10\/101018-Premio-La-Palabra-100k.jpg 722w, https:\/\/www.uv.mx\/prensa\/files\/2018\/10\/101018-Premio-La-Palabra-100k-300x169.jpg 300w\" sizes=\"auto, (max-width: 722px) 100vw, 722px\" \/><\/a><p id=\"caption-attachment-55546\" class=\"wp-caption-text\">La publicaci\u00f3n llega a varios pa\u00edses de Am\u00e9rica, Europa y Asia<\/p><\/div>\n<p><b><i>09<\/i><\/b><b><i>\/10\/18, Xalapa, <\/i><\/b><b><i>Ver.-<\/i><\/b> Como un reconocimiento a su calidad, la C\u00e1mara Nacional de la Industria Editorial Mexicana (<i>Caniem<\/i>) nombr\u00f3 a <i>La Palabra y el Hombre<\/i>, revista de la Universidad Veracruzana (UV), ganadora del Premio al Arte Editorial Publicaciones Peri\u00f3dicas 2018, en la clasificaci\u00f3n \u201cAcad\u00e9micas y universitarias\u201d.<\/p>\n<p>La revista emblem\u00e1tica de esta casa de estudios fue seleccionada, junto con otras siete publicaciones nacionales, para recibir el galard\u00f3n en su trig\u00e9sima novena edici\u00f3n. La premiaci\u00f3n ser\u00e1 el jueves 15 de noviembre en el Museo Nacional de Antropolog\u00eda, en el marco de la celebraci\u00f3n por el D\u00eda Nacional del Libro.<\/p>\n<p><i>La Palabra y el Hombre<\/i> fue fundada en 1957 por Gonzalo Aguirre Beltr\u00e1n, Fernando Salmer\u00f3n y Sergio Galindo; este \u00faltimo fue el primer director de la publicaci\u00f3n. Desde entonces ha mantenido una continuidad trimestral. Han transcurrido 61 a\u00f1os al lado de 12 directores.<\/p>\n<p>Actualmente Mario Mu\u00f1oz est\u00e1 al frente de la Tercera \u00c9poca, la cual inici\u00f3 en el trimestre julio-septiembre de 2007 coincidiendo con los 50 a\u00f1os de la Editorial de la UV. Ha tenido, desde sus inicios, una amplia distribuci\u00f3n a nivel internacional a trav\u00e9s de las suscripciones, intercambios de revistas culturales y sociales, y colaboradores. Llega a Estados Unidos, Cuba, Venezuela, Argentina, Per\u00fa, Espa\u00f1a, Francia, Italia, Polonia, Jap\u00f3n, Alemania, entre otros lugares del mundo.<\/p>\n<p><b>P<\/b><b>remios para <\/b><b>publicaciones UV<\/b><br \/>\nEl de la revista <i>La Palabra y el Hombre<\/i> se suma a la lista de premios que ha ganado en los \u00faltimos meses (y a\u00f1os) la Editorial de la UV. Tan s\u00f3lo hace una semana el director editorial, \u00c9dgar Garc\u00eda Valencia, recibi\u00f3 el Premio \u201cAntonio Garc\u00eda Cubas\u201d del Instituto Nacional de Antropolog\u00eda e Historia, por la novela <i>Los huecos de la memoria<\/i>, de Raquel Mart\u00ednez-G\u00f3mez, en la categor\u00eda \u201cNovela hist\u00f3rica\u201d.<\/p>\n<p>En agosto, Nair Mar\u00eda Anaya Ferreira gan\u00f3 el Premio Bellas Artes de Traducci\u00f3n Literaria \u201cMargarita Michelena\u201d 2018 por el libro <i>Condiciones nerviosas<\/i>, de Tsitsi Dangarembga. El libro <i>Formas de luz <\/i><i>(El sentido de la melancol\u00eda)<\/i>, de Marco Tulio Aguilera Garramu\u00f1o, gan\u00f3 el Premio Bellas Artes de Novela \u201cJos\u00e9 Rub\u00e9n Romero\u201d y el Libro de Oro de la Literatura Colombiana.<\/p>\n<p>Cabe destacar que la labor editorial en Veracruz es trascendental para el pa\u00eds, pues adem\u00e1s de estos reconocimientos, en la convocatoria 2018, la <i>Caniem<\/i> otorg\u00f3 el Premio \u201cJuan Pablos\u201d 2018 al M\u00e9rito Editorial a Rogelio Villarreal Cueva, nacido en Orizaba, quien actualmente es director general y vicepresidente del Consejo de Administraci\u00f3n de Editorial Oc\u00e9ano de M\u00e9xico, desde la cual se atienden los mercados de Norteam\u00e9rica, Centroam\u00e9rica y pa\u00edses del Caribe. El galard\u00f3n se otorg\u00f3 por su destacada labor editorial de m\u00e1s de 40 a\u00f1os en los que ha ejercido como editor y directivo en la industria editorial.<\/p>\n","protected":false},"excerpt":{"rendered":"<p>La revista emblem\u00e1tica de la UV fue seleccionada, junto con otras siete publicaciones nacionales, para recibir el galard\u00f3n en su trig\u00e9sima novena edici\u00f3n <\/p>\n","protected":false},"author":1775,"featured_media":55549,"comment_status":"closed","ping_status":"closed","sticky":false,"template":"","format":"standard","meta":{"footnotes":""},"categories":[61],"tags":[5942,5941,4344,4345,5262,4488,2179,721,5244],"class_list":["post-55544","post","type-post","status-publish","format-standard","has-post-thumbnail","hentry","category-banner","tag-academicas-y-universitarias","tag-arte-editorial-publicaciones-periodicas","tag-camara-nacional-de-la-industria-editorial-mexicana","tag-caniem","tag-dia-nacional-del-libro","tag-la-palabra-y-el-hombre","tag-museo-nacional-de-antropologia","tag-premio","tag-s-c"],"_links":{"self":[{"href":"https:\/\/www.uv.mx\/prensa\/wp-json\/wp\/v2\/posts\/55544","targetHints":{"allow":["GET"]}}],"collection":[{"href":"https:\/\/www.uv.mx\/prensa\/wp-json\/wp\/v2\/posts"}],"about":[{"href":"https:\/\/www.uv.mx\/prensa\/wp-json\/wp\/v2\/types\/post"}],"author":[{"embeddable":true,"href":"https:\/\/www.uv.mx\/prensa\/wp-json\/wp\/v2\/users\/1775"}],"replies":[{"embeddable":true,"href":"https:\/\/www.uv.mx\/prensa\/wp-json\/wp\/v2\/comments?post=55544"}],"version-history":[{"count":1,"href":"https:\/\/www.uv.mx\/prensa\/wp-json\/wp\/v2\/posts\/55544\/revisions"}],"predecessor-version":[{"id":106797,"href":"https:\/\/www.uv.mx\/prensa\/wp-json\/wp\/v2\/posts\/55544\/revisions\/106797"}],"wp:featuredmedia":[{"embeddable":true,"href":"https:\/\/www.uv.mx\/prensa\/wp-json\/wp\/v2\/media\/55549"}],"wp:attachment":[{"href":"https:\/\/www.uv.mx\/prensa\/wp-json\/wp\/v2\/media?parent=55544"}],"wp:term":[{"taxonomy":"category","embeddable":true,"href":"https:\/\/www.uv.mx\/prensa\/wp-json\/wp\/v2\/categories?post=55544"},{"taxonomy":"post_tag","embeddable":true,"href":"https:\/\/www.uv.mx\/prensa\/wp-json\/wp\/v2\/tags?post=55544"}],"curies":[{"name":"wp","href":"https:\/\/api.w.org\/{rel}","templated":true}]}}