{"id":55533,"date":"2018-10-08T19:01:06","date_gmt":"2018-10-09T00:01:06","guid":{"rendered":"https:\/\/www.uv.mx\/prensa\/?p=55533"},"modified":"2021-12-06T11:58:22","modified_gmt":"2021-12-06T17:58:22","slug":"primera-carrera-promoviendo-la-salud-convoco-a-mas-de-150-atletas","status":"publish","type":"post","link":"https:\/\/www.uv.mx\/prensa\/deportes\/primera-carrera-promoviendo-la-salud-convoco-a-mas-de-150-atletas\/","title":{"rendered":"Primera Carrera Promoviendo la Salud convoc\u00f3 a m\u00e1s de 150 atletas"},"content":{"rendered":"<ul>\n<li><i>Ernesto Posadas y Martha Hern\u00e1ndez, los triunfadores de la justa organizada por la Red Mexicana de Universidades Promotoras de la Salud y la DADUV<\/i><\/li>\n<\/ul>\n<div id=\"attachment_55466\" style=\"width: 732px\" class=\"wp-caption aligncenter\"><a href=\"https:\/\/www.uv.mx\/prensa\/files\/2018\/10\/081018-CARRERA-1.-LA-FOTO-100k.jpg\"><img loading=\"lazy\" decoding=\"async\" aria-describedby=\"caption-attachment-55466\" class=\"size-full wp-image-55466\" src=\"https:\/\/www.uv.mx\/prensa\/files\/2018\/10\/081018-CARRERA-1.-LA-FOTO-100k.jpg\" alt=\"\" width=\"722\" height=\"482\" srcset=\"https:\/\/www.uv.mx\/prensa\/files\/2018\/10\/081018-CARRERA-1.-LA-FOTO-100k.jpg 722w, https:\/\/www.uv.mx\/prensa\/files\/2018\/10\/081018-CARRERA-1.-LA-FOTO-100k-300x200.jpg 300w\" sizes=\"auto, (max-width: 722px) 100vw, 722px\" \/><\/a><p id=\"caption-attachment-55466\" class=\"wp-caption-text\">Los participantes de la Primera Carrera Promoviendo la Salud<\/p><\/div>\n<p><b><i>Santiago Morales<\/i><\/b><b><i> Ortiz<\/i><\/b><\/p>\n<p><b><i>08\/10\/18, Xalapa, <\/i><\/b><b><i>Ver.-<\/i><\/b> Con la participaci\u00f3n de m\u00e1s de 150 atletas se llev\u00f3 a cabo con \u00e9xito la Primera Carrera Promoviendo la Salud, organizada por la Red Mexicana de Universidades Promotoras de la Salud (RMUPS) y la Direcci\u00f3n de Actividades Deportivas de la Universidad Veracruzana (DADUV), en el marco del S\u00e9ptimo Congreso Nacional de la RMUPS.<\/p>\n<p>Tras el recorrido de cinco kil\u00f3metros por el circuito de la Unidad Deportiva del Campus para la Cultura, las Artes y el Deporte de la UV, Ernesto Posadas Osorio y Martha Julia Hern\u00e1ndez Jim\u00e9nez fueron los ganadores de la categor\u00eda libre, quienes pararon los cron\u00f3metros en 15:53 y 18:13 minutos, respectivamente.<\/p>\n<p>Los segundos lugares fueron para Jair Filobello Bello (16:40) y Daniela Mart\u00ednez Castillo (18:33), en tanto que en tercer lugar llegaron Alejandro Gonz\u00e1lez Castillo (17:20) y Brissa Garc\u00eda Carre\u00f3n (18:40).<\/p>\n<div id=\"attachment_55467\" style=\"width: 732px\" class=\"wp-caption aligncenter\"><a href=\"https:\/\/www.uv.mx\/prensa\/files\/2018\/10\/081018-CARRERA-2.-EN-PLENA-100k.jpg\"><img loading=\"lazy\" decoding=\"async\" aria-describedby=\"caption-attachment-55467\" class=\"size-full wp-image-55467\" src=\"https:\/\/www.uv.mx\/prensa\/files\/2018\/10\/081018-CARRERA-2.-EN-PLENA-100k.jpg\" alt=\"\" width=\"722\" height=\"482\" srcset=\"https:\/\/www.uv.mx\/prensa\/files\/2018\/10\/081018-CARRERA-2.-EN-PLENA-100k.jpg 722w, https:\/\/www.uv.mx\/prensa\/files\/2018\/10\/081018-CARRERA-2.-EN-PLENA-100k-300x200.jpg 300w\" sizes=\"auto, (max-width: 722px) 100vw, 722px\" \/><\/a><p id=\"caption-attachment-55467\" class=\"wp-caption-text\">Los atletas en plena competencia<\/p><\/div>\n<p>Dentro de la categor\u00eda m\u00e1ster, rama varonil, los tres primeros lugares fueron para: Fredy Casta\u00f1eda S\u00e1nchez, Fernando Mart\u00ednez Okamura y Luis Barrera Lara; mientras que en la rama femenil la triunfadora fue Graciela S\u00e1nchez Montiel.<\/p>\n<p>El disparo de salida y la ceremonia de premiaci\u00f3n estuvo encabezada por Mar\u00eda del Carmen Rodr\u00edguez Ju\u00e1rez, presidenta de la RMUPS, acompa\u00f1ada por Maribel Barradas Landa, titular de la DADUV.<\/p>\n<p>Ambiente de fiesta con porras y aplausos para los participantes, quienes portaron la playera alusiva, le dieron realce al evento, donde participaron como jueces instructores de la DADUV.<\/p>\n<div id=\"attachment_55468\" style=\"width: 732px\" class=\"wp-caption aligncenter\"><a href=\"https:\/\/www.uv.mx\/prensa\/files\/2018\/10\/081018-CARRERA-3.-Emotiva-ceremonia-100k.jpg\"><img loading=\"lazy\" decoding=\"async\" aria-describedby=\"caption-attachment-55468\" class=\"size-full wp-image-55468\" src=\"https:\/\/www.uv.mx\/prensa\/files\/2018\/10\/081018-CARRERA-3.-Emotiva-ceremonia-100k.jpg\" alt=\"\" width=\"722\" height=\"482\" srcset=\"https:\/\/www.uv.mx\/prensa\/files\/2018\/10\/081018-CARRERA-3.-Emotiva-ceremonia-100k.jpg 722w, https:\/\/www.uv.mx\/prensa\/files\/2018\/10\/081018-CARRERA-3.-Emotiva-ceremonia-100k-300x200.jpg 300w\" sizes=\"auto, (max-width: 722px) 100vw, 722px\" \/><\/a><p id=\"caption-attachment-55468\" class=\"wp-caption-text\">Emotiva ceremonia de premiaci\u00f3n<\/p><\/div>\n","protected":false},"excerpt":{"rendered":"<p>Ernesto Posadas y Martha Hern\u00e1ndez triunfaron de la justa organizada por la Red Mexicana de Universidades Promotoras de la Salud y la DADUV <\/p>\n","protected":false},"author":1775,"featured_media":55467,"comment_status":"closed","ping_status":"closed","sticky":false,"template":"","format":"standard","meta":{"footnotes":""},"categories":[12],"tags":[5937,4950,197,1383,5910,5911,4166],"class_list":["post-55533","post","type-post","status-publish","format-standard","has-post-thumbnail","hentry","category-deportes","tag-carrera-promoviendo-la-salud","tag-congreso-nacional","tag-daduv","tag-direccion-de-actividades-deportivas","tag-red-mexicana-de-universidades-promotoras-de-la-salud","tag-rmups","tag-santiago-morales-ortiz"],"_links":{"self":[{"href":"https:\/\/www.uv.mx\/prensa\/wp-json\/wp\/v2\/posts\/55533","targetHints":{"allow":["GET"]}}],"collection":[{"href":"https:\/\/www.uv.mx\/prensa\/wp-json\/wp\/v2\/posts"}],"about":[{"href":"https:\/\/www.uv.mx\/prensa\/wp-json\/wp\/v2\/types\/post"}],"author":[{"embeddable":true,"href":"https:\/\/www.uv.mx\/prensa\/wp-json\/wp\/v2\/users\/1775"}],"replies":[{"embeddable":true,"href":"https:\/\/www.uv.mx\/prensa\/wp-json\/wp\/v2\/comments?post=55533"}],"version-history":[{"count":1,"href":"https:\/\/www.uv.mx\/prensa\/wp-json\/wp\/v2\/posts\/55533\/revisions"}],"predecessor-version":[{"id":106795,"href":"https:\/\/www.uv.mx\/prensa\/wp-json\/wp\/v2\/posts\/55533\/revisions\/106795"}],"wp:featuredmedia":[{"embeddable":true,"href":"https:\/\/www.uv.mx\/prensa\/wp-json\/wp\/v2\/media\/55467"}],"wp:attachment":[{"href":"https:\/\/www.uv.mx\/prensa\/wp-json\/wp\/v2\/media?parent=55533"}],"wp:term":[{"taxonomy":"category","embeddable":true,"href":"https:\/\/www.uv.mx\/prensa\/wp-json\/wp\/v2\/categories?post=55533"},{"taxonomy":"post_tag","embeddable":true,"href":"https:\/\/www.uv.mx\/prensa\/wp-json\/wp\/v2\/tags?post=55533"}],"curies":[{"name":"wp","href":"https:\/\/api.w.org\/{rel}","templated":true}]}}