{"id":55501,"date":"2018-10-08T16:12:17","date_gmt":"2018-10-08T21:12:17","guid":{"rendered":"https:\/\/www.uv.mx\/prensa\/?p=55501"},"modified":"2018-10-08T16:12:17","modified_gmt":"2018-10-08T21:12:17","slug":"directores-de-dependencias-rindieron-informes-de-actividades","status":"publish","type":"post","link":"https:\/\/www.uv.mx\/prensa\/regiones\/veracruz\/directores-de-dependencias-rindieron-informes-de-actividades\/","title":{"rendered":"Directores de dependencias rindieron informes de actividades"},"content":{"rendered":"<ul>\n<li><em><span class=\"TextRun SCXW193273437\" lang=\"ES-MX\" xml:lang=\"ES-MX\"><span class=\"NormalTextRun SCXW193273437\">El v<\/span><\/span><span class=\"TextRun SCXW193273437\" lang=\"ES-MX\" xml:lang=\"ES-MX\"><span class=\"NormalTextRun SCXW193273437\">icerrector Alfonso P\u00e9rez Morales les felicit\u00f3 ampliamente por contribuir a trav\u00e9s de la difusi\u00f3n de las artes y la cultura en la transformaci\u00f3n social que perm<\/span><\/span><span class=\"TextRun SCXW193273437\" lang=\"ES-MX\" xml:lang=\"ES-MX\"><span class=\"NormalTextRun SCXW193273437\">itir\u00e1 tener mejores ciudadanos<\/span><\/span><\/em><\/li>\n<\/ul>\n<p>&nbsp;<\/p>\n<div id=\"attachment_55470\" style=\"width: 732px\" class=\"wp-caption aligncenter\"><a href=\"https:\/\/www.uv.mx\/prensa\/files\/2018\/10\/081018-veracruz-informes-cultura-1-100k.jpg\"><img loading=\"lazy\" decoding=\"async\" aria-describedby=\"caption-attachment-55470\" class=\"size-full wp-image-55470\" src=\"https:\/\/www.uv.mx\/prensa\/files\/2018\/10\/081018-veracruz-informes-cultura-1-100k.jpg\" alt=\"\" width=\"722\" height=\"481\" srcset=\"https:\/\/www.uv.mx\/prensa\/files\/2018\/10\/081018-veracruz-informes-cultura-1-100k.jpg 722w, https:\/\/www.uv.mx\/prensa\/files\/2018\/10\/081018-veracruz-informes-cultura-1-100k-300x200.jpg 300w\" sizes=\"auto, (max-width: 722px) 100vw, 722px\" \/><\/a><p id=\"caption-attachment-55470\" class=\"wp-caption-text\">El Coordinador del CIMI con autoridades universitarias<\/p><\/div>\n<p>&nbsp;<\/p>\n<p><b><i>08<\/i><\/b><b><i>\/10\/18, Veracruz, Ver.-<\/i><\/b> Los titulares de la Coordinaci\u00f3n de Difusi\u00f3n Cultural, del Centro de Iniciaci\u00f3n Musical Infantil (CIMI) y de los Talleres Libres de Arte (TLA) de la Universidad Veracruzana (UV) en la regi\u00f3n Veracruz, rindieron su Informe de Actividades 2017-2018 el martes 2 de octubre.<span>\u00a0<\/span><\/p>\n<p>El vicerrector Alfonso P\u00e9rez Morales les felicit\u00f3 ampliamente por contribuir a trav\u00e9s de la difusi\u00f3n de las artes y la cultura en la transformaci\u00f3n social que permitir\u00e1 tener mejores ciudadanos.<span>\u00a0<\/span><\/p>\n<p>A los acad\u00e9micos-artistas que pertenecen al CIMI, grupos art\u00edsticos y TLA, les expres\u00f3 su agradecimiento por compartir sus conocimientos y su experiencia a los ni\u00f1os y j\u00f3venes.<span>\u00a0<\/span><\/p>\n<p><span>\u00a0<\/span><\/p>\n<div id=\"attachment_55471\" style=\"width: 732px\" class=\"wp-caption aligncenter\"><a href=\"https:\/\/www.uv.mx\/prensa\/files\/2018\/10\/081018-veracruz-informes-cultura-2-100k.jpg\"><img loading=\"lazy\" decoding=\"async\" aria-describedby=\"caption-attachment-55471\" class=\"size-full wp-image-55471\" src=\"https:\/\/www.uv.mx\/prensa\/files\/2018\/10\/081018-veracruz-informes-cultura-2-100k.jpg\" alt=\"\" width=\"722\" height=\"481\" srcset=\"https:\/\/www.uv.mx\/prensa\/files\/2018\/10\/081018-veracruz-informes-cultura-2-100k.jpg 722w, https:\/\/www.uv.mx\/prensa\/files\/2018\/10\/081018-veracruz-informes-cultura-2-100k-300x200.jpg 300w\" sizes=\"auto, (max-width: 722px) 100vw, 722px\" \/><\/a><p id=\"caption-attachment-55471\" class=\"wp-caption-text\">Juan Carlos Reyes Romero, coordinador de los TLA<\/p><\/div>\n<p>&nbsp;<\/p>\n<p><b>CIMI<\/b><span>\u00a0<\/span><\/p>\n<p>El coordinador Luis Efr\u00e9n Garc\u00eda Reyes puntualiz\u00f3 que los resultados del CIMI se pueden medir por el alto impacto social en los peque\u00f1os a trav\u00e9s de la ense\u00f1anza de la m\u00fasica<span>\u00a0<\/span><\/p>\n<p>Inform\u00f3 que brindaron 31 presentaciones y tuvieron la asistencia de dos mil 455 espectadores.<span>\u00a0<\/span><\/p>\n<p>Explic\u00f3 que si bien tienen altos n\u00fameros en cuanto a las presentaciones y p\u00fablico asistente, los resultados son perceptibles en las mejoras de los peque\u00f1os estudiantes que acuden a sus aulas. \u201cNuestros alumnos pueden dar esperanza a esta sociedad\u201d, afirm\u00f3.<span>\u00a0<\/span><\/p>\n<p>Destac\u00f3 el aumento del 30 por ciento de aspirantes, as\u00ed como la consolidaci\u00f3n del nuevo modelo CIMI que incluye la apertura de tres nuevas experiencias educativas (EE): Coro, Ensamble de Guitarras y Ensamble de Flautas.<span>\u00a0<\/span><\/p>\n<p>&nbsp;<\/p>\n<div id=\"attachment_55502\" style=\"width: 732px\" class=\"wp-caption aligncenter\"><a href=\"https:\/\/www.uv.mx\/prensa\/files\/2018\/10\/081018-veracruz-informes-cultura-3.jpg\"><img loading=\"lazy\" decoding=\"async\" aria-describedby=\"caption-attachment-55502\" class=\"size-full wp-image-55502\" src=\"https:\/\/www.uv.mx\/prensa\/files\/2018\/10\/081018-veracruz-informes-cultura-3.jpg\" alt=\"\" width=\"722\" height=\"481\" srcset=\"https:\/\/www.uv.mx\/prensa\/files\/2018\/10\/081018-veracruz-informes-cultura-3.jpg 722w, https:\/\/www.uv.mx\/prensa\/files\/2018\/10\/081018-veracruz-informes-cultura-3-300x200.jpg 300w\" sizes=\"auto, (max-width: 722px) 100vw, 722px\" \/><\/a><p id=\"caption-attachment-55502\" class=\"wp-caption-text\">Ana Lilia Salda\u00f1a Ortiz, coordinadora regional de Difusi\u00f3n Cultural<\/p><\/div>\n<p><span>\u00a0<\/span><\/p>\n<p><b>Talleres Libres de Arte<\/b><span>\u00a0<\/span><\/p>\n<p>Juan Carlos Reyes Romero evidenci\u00f3 la activa participaci\u00f3n de los estudiantes de la Licenciatura en Ense\u00f1anza de las Artes en actividades art\u00edsticas y de promoci\u00f3n del programa educativo.<span>\u00a0<\/span><\/p>\n<p>Inform\u00f3 que realizaron la exposici\u00f3n de trajes t\u00edpicos <i>Colores de mi tierra<\/i>, en la Galer\u00eda de la Unidad de Servicios Bibliotecarios y de Informaci\u00f3n (USBI), as\u00ed como su intervenci\u00f3n en el XVIII Encuentro de Pueblos Negros en la comunidad de Mata Clara.<span>\u00a0<\/span><\/p>\n<p>En cuanto a las EE que imparten en el \u00c1rea de Formaci\u00f3n de Elecci\u00f3n Libre (AFEL), detall\u00f3 que atendieron a 950 alumnos de diversos programas educativos.<span>\u00a0<\/span><\/p>\n<p>Coment\u00f3 tambi\u00e9n que abrieron dos diplomados: en Fotograf\u00eda y en Animaci\u00f3n Digital, los cuales han tenido una muy buena respuesta.<span>\u00a0<\/span><\/p>\n<p><span>\u00a0<\/span><\/p>\n<p><b>Coordinaci\u00f3<\/b><b>n <\/b><b>R<\/b><b>egional de Difusi\u00f3n Cultural<\/b><span>\u00a0<\/span><\/p>\n<p>La titular de esta dependencia universitaria, Ana Lilia Salda\u00f1a Ortiz, inform\u00f3 que mediante 19 EE de AFEL se atendi\u00f3 a mil 536 estudiantes, adem\u00e1s de mil 700 a trav\u00e9s de las Tutor\u00edas para la Apreciaci\u00f3n Art\u00edstica.<span>\u00a0<\/span><\/p>\n<p>Remarc\u00f3 que derivado de estas EE se presentaron muestras de artes esc\u00e9nicas en las que se involucraron 958 estudiantes.<span>\u00a0<\/span><\/p>\n<p>Asimismo, destac\u00f3 la participaci\u00f3n de los grupos art\u00edsticos en eventos nacionales e internacionales como el XVIII Encuentro de Pueblos Negros y la invitaci\u00f3n al grupo Nematatl\u00edn a un festival en Vietnam.<span>\u00a0<\/span><\/p>\n<p>Expuso que al interior de la comunidad se realizaron 41 conciertos did\u00e1cticos contando con la asistencia de cinco mil 300 estudiantes. Tambi\u00e9n la apertura de las clases de baile de sal\u00f3n en el marco de la campa\u00f1a \u201cA quitarnos un kilo de encima, la familia y la UV nos necesitan\u201d.<span>\u00a0<\/span><\/p>\n<p>En cuanto al programa Martes en la Ciencia, dijo que se brindaron 11 conferencias distribuidas en dos ciclos, el programa Mi\u00e9rcoles Culturales tuvo 10 presentaciones y como . parte del programa Jueves en el Lago hubo 10 conciertos.<span>\u00a0<\/span><\/p>\n<p>Otros datos que inform\u00f3 fueron: seis exposiciones de arte en la Galer\u00eda de la USBI, tercer lugar en el Festival de Coros Universitarios y 184 presentaciones art\u00edsticas en plazas p\u00fablicas.<\/p>\n","protected":false},"excerpt":{"rendered":"<p>En la regi\u00f3n Veracruz, los titulares de Difusi\u00f3n Cultural, el Centro de Iniciaci\u00f3n Musical Infantil y los Talleres Libres de Arte dieron a conocer los avances en respectivas \u00e1reas, dentro del periodo 2017-2018<\/p>\n","protected":false},"author":1508,"featured_media":55470,"comment_status":"closed","ping_status":"closed","sticky":false,"template":"","format":"standard","meta":{"footnotes":""},"categories":[55],"tags":[],"class_list":["post-55501","post","type-post","status-publish","format-standard","has-post-thumbnail","hentry","category-veracruz"],"_links":{"self":[{"href":"https:\/\/www.uv.mx\/prensa\/wp-json\/wp\/v2\/posts\/55501","targetHints":{"allow":["GET"]}}],"collection":[{"href":"https:\/\/www.uv.mx\/prensa\/wp-json\/wp\/v2\/posts"}],"about":[{"href":"https:\/\/www.uv.mx\/prensa\/wp-json\/wp\/v2\/types\/post"}],"author":[{"embeddable":true,"href":"https:\/\/www.uv.mx\/prensa\/wp-json\/wp\/v2\/users\/1508"}],"replies":[{"embeddable":true,"href":"https:\/\/www.uv.mx\/prensa\/wp-json\/wp\/v2\/comments?post=55501"}],"version-history":[{"count":0,"href":"https:\/\/www.uv.mx\/prensa\/wp-json\/wp\/v2\/posts\/55501\/revisions"}],"wp:featuredmedia":[{"embeddable":true,"href":"https:\/\/www.uv.mx\/prensa\/wp-json\/wp\/v2\/media\/55470"}],"wp:attachment":[{"href":"https:\/\/www.uv.mx\/prensa\/wp-json\/wp\/v2\/media?parent=55501"}],"wp:term":[{"taxonomy":"category","embeddable":true,"href":"https:\/\/www.uv.mx\/prensa\/wp-json\/wp\/v2\/categories?post=55501"},{"taxonomy":"post_tag","embeddable":true,"href":"https:\/\/www.uv.mx\/prensa\/wp-json\/wp\/v2\/tags?post=55501"}],"curies":[{"name":"wp","href":"https:\/\/api.w.org\/{rel}","templated":true}]}}