{"id":55402,"date":"2018-10-05T20:00:47","date_gmt":"2018-10-06T01:00:47","guid":{"rendered":"https:\/\/www.uv.mx\/prensa\/?p=55402"},"modified":"2018-10-08T13:38:39","modified_gmt":"2018-10-08T18:38:39","slug":"ciencias-qiimicas-orizaba-realizo-campana-de-donacion-de-medicamentos","status":"publish","type":"post","link":"https:\/\/www.uv.mx\/prensa\/regiones\/orizaba\/ciencias-qiimicas-orizaba-realizo-campana-de-donacion-de-medicamentos\/","title":{"rendered":"Ciencias Qu\u00edmicas-Orizaba realiz\u00f3 campa\u00f1a de donaci\u00f3n de medicamentos"},"content":{"rendered":"<ul>\n<li><em><span class=\"TextRun SCXW110894692\" lang=\"ES-MX\" xml:lang=\"ES-MX\"><span class=\"NormalTextRun SCXW110894692\">Lo colectado <\/span><\/span><span class=\"TextRun SCXW110894692\" lang=\"ES-MX\" xml:lang=\"ES-MX\"><span class=\"NormalTextRun SCXW110894692\">fu<\/span><\/span><span class=\"TextRun SCXW110894692\" lang=\"ES-MX\" xml:lang=\"ES-MX\"><span class=\"NormalTextRun SCXW110894692\">e <\/span><\/span><span class=\"TextRun SCXW110894692\" lang=\"ES-MX\" xml:lang=\"ES-MX\"><span class=\"NormalTextRun SCXW110894692\">para <\/span><\/span><span class=\"TextRun SCXW110894692\" lang=\"ES-MX\" xml:lang=\"ES-MX\"><span class=\"NormalTextRun SCXW110894692\">surtir la farmacia del Sistema de Informaci\u00f3n de Medicamentos que opera en uno de los edificios de <\/span><\/span><span class=\"TextRun SCXW110894692\" lang=\"ES-MX\" xml:lang=\"ES-MX\"><span class=\"NormalTextRun SCXW110894692\">Ciencias Qu\u00edmicas<\/span><\/span><\/em><\/li>\n<\/ul>\n<p>&nbsp;<\/p>\n<div id=\"attachment_55404\" style=\"width: 730px\" class=\"wp-caption aligncenter\"><a href=\"https:\/\/www.uv.mx\/prensa\/files\/2018\/10\/051018-MEDICAMENTOS-01.jpg\"><img aria-describedby=\"caption-attachment-55404\" decoding=\"async\" loading=\"lazy\" class=\"wp-image-55404 size-full\" src=\"https:\/\/www.uv.mx\/prensa\/files\/2018\/10\/051018-MEDICAMENTOS-01.jpg\" alt=\"\" width=\"720\" height=\"480\" srcset=\"https:\/\/www.uv.mx\/prensa\/files\/2018\/10\/051018-MEDICAMENTOS-01.jpg 720w, https:\/\/www.uv.mx\/prensa\/files\/2018\/10\/051018-MEDICAMENTOS-01-300x200.jpg 300w\" sizes=\"(max-width: 720px) 100vw, 720px\" \/><\/a><p id=\"caption-attachment-55404\" class=\"wp-caption-text\">Alumnas de QFB recibieron los medicamentos<\/p><\/div>\n<p>&nbsp;<\/p>\n<p><b><i>Francisco Javier Cha\u00edn Revuelta<\/i><\/b><\/p>\n<p><b><i>05<\/i><\/b><b><i>\/10\/18, Orizaba, Ver.- <\/i><\/b>La <a href=\"https:\/\/www.uv.mx\/orizaba\/cq\/\">Facultad de Ciencias Qu\u00edmicas<\/a> (FCQ) de la Universidad Veracruzana realiz\u00f3 los d\u00edas 27 y 28 de septiembre una campa\u00f1a intensiva de donaci\u00f3n de medicamentos, a fin de surtir la farmacia del Sistema de Informaci\u00f3n de Medicamentos (SIM) que opera en uno de los edificios de esa entidad acad\u00e9mica.<\/p>\n<p>Aldahir Ad\u00e1n Hern\u00e1ndez Arteaga, estudiante del s\u00e9ptimo semestre de la Licenciatura en Qu\u00edmica Farmac\u00e9utica Biol\u00f3gica (QFB), explic\u00f3 que los medicamentos que ya no se usen en casa (ya sean nuevos, est\u00e9n caducados y no hayan sido usados) los pueden donar al SIM donde servir\u00e1n tanto para informaci\u00f3n farmac\u00e9utica como para dispensarlos a quienes los necesiten.<\/p>\n<p>Se instalaron dos mesas \u2013una junto al Aula 2 y otra junto al Laboratorio 101\u2013 con carteles donde alumnas recibieron medicamentos donados por compa\u00f1eros.<\/p>\n<p>Viridiana Cruz Garc\u00eda, estudiante del mismo semestre y carrera, realiza su servicio social y pr\u00e1cticas profesionales en el SIM, adem\u00e1s prepara la tesis \u201cSeguimiento farmacoterape\u00fatico en la comunidad de Zapoapan, Ixtaczoquitl\u00e1n\u201d.<\/p>\n<p>Inform\u00f3 que en la farmacia del SIM los alumnos pueden surtirse de medicamentos que les hayan prescrito. Tambi\u00e9n se entregan algunos medicamentos al Desarrollo Integral de la Familia (DIF), al Centro de Rehabilitaci\u00f3n Integral de Orizaba (CRIO) y a la Cl\u00ednica del Buen Samaritano, las cuales a su vez las donan a sus pacientes.<\/p>\n<p>El acad\u00e9mico Adolfo S\u00e1nchez Flores, corresponsable del SIM, inform\u00f3 que su funci\u00f3n es gestionar todas las acciones que se realizan, entre ellas operar una farmacia piloto sin fines de lucro que se sostiene de donaciones y da servicio a la comunidad estudiantil en caso de que requieran medicamentos prescritos, consejo farmac\u00e9utico de c\u00f3mo tomarlos, saber qu\u00e9 no pueden comer o cu\u00e1les no se pueden mezclar.<\/p>\n<p>Tambi\u00e9n se brinda entrenamiento y apoyo did\u00e1ctico, con lo cual los estudiantes al graduarse saben c\u00f3mo organizar y administrar una farmacia, desde gestionar la documentaci\u00f3n, conocer y actualizarse en las leyes vigentes, as\u00ed como saber lo concerniente a la Comisi\u00f3n Federal para la Protecci\u00f3n contra Riesgos Sanitarios (<i>Cofepris<\/i>), responsable del ejercicio de las atribuciones en materia de regulaci\u00f3n, control y fomento sanitarios, en los t\u00e9rminos de la Ley General de Salud.<\/p>\n<p>Explic\u00f3 que el SIM cuenta con un centro de informaci\u00f3n de medicamentos y que la campa\u00f1a es permanente, pero se hace intensiva durante dos d\u00edas cada semestre; hacia el exterior de la Facultad se difunde a trav\u00e9s de <i>Facebook<\/i>: <a href=\"https:\/\/www.facebook.com\/adolfosanchezf\">Adolfo SF<\/a>.<\/p>\n<p>Adem\u00e1s de todo lo anterior, la donaci\u00f3n de medicamentos tiene como raz\u00f3n principal evitar la automedicaci\u00f3n y que los medicamentos que prescriban no se usen err\u00f3neamente y causen efectos adversos, pues es mejor donarlos y que sirvan a otras personas.<\/p>\n<p>&nbsp;<\/p>\n<div id=\"attachment_55405\" style=\"width: 730px\" class=\"wp-caption aligncenter\"><a href=\"https:\/\/www.uv.mx\/prensa\/files\/2018\/10\/051018-MEDICAMENTOS-03.jpg\"><img aria-describedby=\"caption-attachment-55405\" decoding=\"async\" loading=\"lazy\" class=\"size-full wp-image-55405\" src=\"https:\/\/www.uv.mx\/prensa\/files\/2018\/10\/051018-MEDICAMENTOS-03.jpg\" alt=\"\" width=\"720\" height=\"480\" srcset=\"https:\/\/www.uv.mx\/prensa\/files\/2018\/10\/051018-MEDICAMENTOS-03.jpg 720w, https:\/\/www.uv.mx\/prensa\/files\/2018\/10\/051018-MEDICAMENTOS-03-300x200.jpg 300w\" sizes=\"(max-width: 720px) 100vw, 720px\" \/><\/a><p id=\"caption-attachment-55405\" class=\"wp-caption-text\">Viridiana Cruz se encarg\u00f3 de clasificar los medicamentos<\/p><\/div>\n","protected":false},"excerpt":{"rendered":"<p>Lo colectado fue para la farmacia del Sistema de Informaci\u00f3n de Medicamentos que opera en uno de los edificios de Ciencias Qu\u00edmicas<\/p>\n","protected":false},"author":1508,"featured_media":55404,"comment_status":"closed","ping_status":"closed","sticky":false,"template":"","format":"standard","meta":[],"categories":[53],"tags":[],"_links":{"self":[{"href":"https:\/\/www.uv.mx\/prensa\/wp-json\/wp\/v2\/posts\/55402"}],"collection":[{"href":"https:\/\/www.uv.mx\/prensa\/wp-json\/wp\/v2\/posts"}],"about":[{"href":"https:\/\/www.uv.mx\/prensa\/wp-json\/wp\/v2\/types\/post"}],"author":[{"embeddable":true,"href":"https:\/\/www.uv.mx\/prensa\/wp-json\/wp\/v2\/users\/1508"}],"replies":[{"embeddable":true,"href":"https:\/\/www.uv.mx\/prensa\/wp-json\/wp\/v2\/comments?post=55402"}],"version-history":[{"count":0,"href":"https:\/\/www.uv.mx\/prensa\/wp-json\/wp\/v2\/posts\/55402\/revisions"}],"wp:featuredmedia":[{"embeddable":true,"href":"https:\/\/www.uv.mx\/prensa\/wp-json\/wp\/v2\/media\/55404"}],"wp:attachment":[{"href":"https:\/\/www.uv.mx\/prensa\/wp-json\/wp\/v2\/media?parent=55402"}],"wp:term":[{"taxonomy":"category","embeddable":true,"href":"https:\/\/www.uv.mx\/prensa\/wp-json\/wp\/v2\/categories?post=55402"},{"taxonomy":"post_tag","embeddable":true,"href":"https:\/\/www.uv.mx\/prensa\/wp-json\/wp\/v2\/tags?post=55402"}],"curies":[{"name":"wp","href":"https:\/\/api.w.org\/{rel}","templated":true}]}}