{"id":55091,"date":"2018-10-02T18:24:53","date_gmt":"2018-10-02T23:24:53","guid":{"rendered":"https:\/\/www.uv.mx\/prensa\/?p=55091"},"modified":"2021-11-08T08:29:03","modified_gmt":"2021-11-08T14:29:03","slug":"movimiento-de-1968-marco-vida-y-narrativa-de-carlos-fuentes","status":"publish","type":"post","link":"https:\/\/www.uv.mx\/prensa\/general\/movimiento-de-1968-marco-vida-y-narrativa-de-carlos-fuentes\/","title":{"rendered":"Movimiento de 1968 marc\u00f3 vida y narrativa de Carlos Fuentes"},"content":{"rendered":"<ul>\n<li>\u00a0<i>El seguir de cerca los detalles de este acontecimiento marc\u00f3 la tem\u00e1tica y po\u00e9tica del escritor mexicano<\/i><i>, plante\u00f3 la investigadora Georgina Garc\u00eda<\/i><\/li>\n<\/ul>\n<p>&nbsp;<\/p>\n<div id=\"attachment_55040\" style=\"width: 732px\" class=\"wp-caption aligncenter\"><a href=\"https:\/\/www.uv.mx\/prensa\/files\/2018\/10\/011018-CARLOS-Conferencia-Georgina-Garcia-Gutierrez.jpg\"><img loading=\"lazy\" decoding=\"async\" aria-describedby=\"caption-attachment-55040\" class=\"wp-image-55040 size-full\" src=\"https:\/\/www.uv.mx\/prensa\/files\/2018\/10\/011018-CARLOS-Conferencia-Georgina-Garcia-Gutierrez.jpg\" alt=\"\" width=\"722\" height=\"481\" srcset=\"https:\/\/www.uv.mx\/prensa\/files\/2018\/10\/011018-CARLOS-Conferencia-Georgina-Garcia-Gutierrez.jpg 722w, https:\/\/www.uv.mx\/prensa\/files\/2018\/10\/011018-CARLOS-Conferencia-Georgina-Garcia-Gutierrez-300x200.jpg 300w\" sizes=\"auto, (max-width: 722px) 100vw, 722px\" \/><\/a><p id=\"caption-attachment-55040\" class=\"wp-caption-text\">Georgina Garc\u00eda Guti\u00e9rrez V\u00e9lez<\/p><\/div>\n<p>&nbsp;<\/p>\n<p><b><i>Carlos Hugo Hermida Rosales<\/i><\/b><\/p>\n<p><b><i>02\/10\/18, Xalapa, Ver.- <\/i><\/b>Georgina Garc\u00eda Guti\u00e9rrez V\u00e9lez, investigadora del Instituto de Investigaciones Filol\u00f3gicas de la Universidad Nacional Aut\u00f3noma de M\u00e9xico (UNAM), mencion\u00f3 que el movimiento de 1968 impact\u00f3 al escritor mexicano Carlos Fuentes a nivel personal, a tal grado que marc\u00f3 su carrera como escritor.<\/p>\n<p>\u201cEl seguir de cerca los detalles de este acontecimiento, marc\u00f3 en gran medida la tem\u00e1tica y po\u00e9tica del literato\u201d, afirm\u00f3.<\/p>\n<p>La investigadora imparti\u00f3 el 28 de septiembre la conferencia \u201cCarlos Fuentes y el 68\u201d, en el auditorio del <a href=\"https:\/\/www.uv.mx\/iihs\/\">Instituto de Investigaciones Hist\u00f3rico-Sociales<\/a> (IIH-S) de la Universidad Veracruzana (UV).<\/p>\n<p>Este evento se llev\u00f3 a cabo dentro de las Jornadas Acad\u00e9micas \u201cDe Tlatelolco a Ayotzinapa. Un paso adelante y tres atr\u00e1s\u201d, realizadas por la UV en coordinaci\u00f3n con el Ayuntamiento de Xalapa del 26 de septiembre al 19 de octubre, con motivo de los 50 a\u00f1os del movimiento estudiantil de 1968.<\/p>\n<p>Georgina Garc\u00eda relat\u00f3 que en 1968 Carlos Fuentes se percat\u00f3 de que en varias partes del mundo \u2013como M\u00e9xico, Francia y Checoslovaquia\u2013 exist\u00eda un poder que se extralimit\u00f3 y que reprimi\u00f3 y asesin\u00f3 a los j\u00f3venes. \u201cPara el escritor, la juventud era un tema fundamental, hecho que qued\u00f3 reflejado en todas sus obras\u201d, asegur\u00f3.<\/p>\n<p>La investigadora mencion\u00f3 que en M\u00e9xico Carlos Fuentes fue un duro cr\u00edtico de la represi\u00f3n de 1968, ante lo cual el presidente Gustavo D\u00edaz Ordaz respondi\u00f3 al cancelar la grabaci\u00f3n de una pel\u00edcula basada en su libro <i>Zona <\/i><i>s<\/i><i>agrada<\/i>.<\/p>\n<p>Afirm\u00f3 que Fuentes fue un escritor que hac\u00eda cr\u00edtica pol\u00edtica y social muy fuerte en sus obras, y sol\u00eda atacar a quienes estaban en el poder e incluso los ridiculizaba: \u201cSiempre tuvo una visi\u00f3n cr\u00edtica, ya que estaba al tanto de lo que ocurr\u00eda en M\u00e9xico y en el mundo, por lo que fue muy criticado en el pa\u00eds por todas las corrientes pol\u00edticas\u201d.<\/p>\n<p>Georgina Garc\u00eda coment\u00f3 que a partir de 1968 la escritura de Carlos Fuentes cambi\u00f3, si bien continu\u00f3 con la cr\u00edtica hacia el gobierno, en sus obras refleja la necesidad de dejar atr\u00e1s el dolor que ocasion\u00f3 esta tragedia mexicana.<\/p>\n<p>La investigadora enunci\u00f3 que la literatura permite un gran conocimiento de la realidad, ya que permite ampliarla y ayuda a entender los movimientos aunque no se est\u00e9 de acuerdo con los autores.<\/p>\n<p>\u201cEs una excelente manera para desmontar y entender cosas que son muy terribles en esta realidad\u201d, enunci\u00f3.<\/p>\n","protected":false},"excerpt":{"rendered":"<p>El seguir de cerca los detalles de este acontecimiento marc\u00f3 la tem\u00e1tica y po\u00e9tica del escritor mexicano, explic\u00f3 la investigadora Georgina Garc\u00eda<\/p>\n","protected":false},"author":1508,"featured_media":55040,"comment_status":"closed","ping_status":"closed","sticky":false,"template":"","format":"standard","meta":{"footnotes":""},"categories":[1],"tags":[],"class_list":["post-55091","post","type-post","status-publish","format-standard","has-post-thumbnail","hentry","category-general"],"_links":{"self":[{"href":"https:\/\/www.uv.mx\/prensa\/wp-json\/wp\/v2\/posts\/55091","targetHints":{"allow":["GET"]}}],"collection":[{"href":"https:\/\/www.uv.mx\/prensa\/wp-json\/wp\/v2\/posts"}],"about":[{"href":"https:\/\/www.uv.mx\/prensa\/wp-json\/wp\/v2\/types\/post"}],"author":[{"embeddable":true,"href":"https:\/\/www.uv.mx\/prensa\/wp-json\/wp\/v2\/users\/1508"}],"replies":[{"embeddable":true,"href":"https:\/\/www.uv.mx\/prensa\/wp-json\/wp\/v2\/comments?post=55091"}],"version-history":[{"count":1,"href":"https:\/\/www.uv.mx\/prensa\/wp-json\/wp\/v2\/posts\/55091\/revisions"}],"predecessor-version":[{"id":104711,"href":"https:\/\/www.uv.mx\/prensa\/wp-json\/wp\/v2\/posts\/55091\/revisions\/104711"}],"wp:featuredmedia":[{"embeddable":true,"href":"https:\/\/www.uv.mx\/prensa\/wp-json\/wp\/v2\/media\/55040"}],"wp:attachment":[{"href":"https:\/\/www.uv.mx\/prensa\/wp-json\/wp\/v2\/media?parent=55091"}],"wp:term":[{"taxonomy":"category","embeddable":true,"href":"https:\/\/www.uv.mx\/prensa\/wp-json\/wp\/v2\/categories?post=55091"},{"taxonomy":"post_tag","embeddable":true,"href":"https:\/\/www.uv.mx\/prensa\/wp-json\/wp\/v2\/tags?post=55091"}],"curies":[{"name":"wp","href":"https:\/\/api.w.org\/{rel}","templated":true}]}}