{"id":54978,"date":"2018-10-01T14:07:05","date_gmt":"2018-10-01T19:07:05","guid":{"rendered":"https:\/\/www.uv.mx\/prensa\/?p=54978"},"modified":"2018-10-02T11:14:47","modified_gmt":"2018-10-02T16:14:47","slug":"uv-y-u-nacional-del-nordeste-de-argentina-fortalecieron-vinculos","status":"publish","type":"post","link":"https:\/\/www.uv.mx\/prensa\/general\/uv-y-u-nacional-del-nordeste-de-argentina-fortalecieron-vinculos\/","title":{"rendered":"UV y U. Nacional del Nordeste de Argentina fortalecieron v\u00ednculos"},"content":{"rendered":"<ul>\n<li><i>Delegaci\u00f3n de la<\/i><i> UNNE realiz\u00f3 una visita a las instalaciones de la Facultad de Arquitectura de la UV<\/i><\/li>\n<li><i>Plantearon dar soluci\u00f3n a problem\u00e1ticas sociales<\/i> <i>y econ\u00f3micas que comparten M\u00e9xico y Argentina<\/i><i>, <\/i><i>a<\/i><i> trav\u00e9s del intercambio de estudiantes, acad\u00e9micos e investigadores<\/i><\/li>\n<\/ul>\n<p>&nbsp;<\/p>\n<div id=\"attachment_54981\" style=\"width: 732px\" class=\"wp-caption aligncenter\"><a href=\"https:\/\/www.uv.mx\/prensa\/files\/2018\/10\/011018-DELEGACION-ARGENTINA-1.jpg\"><img loading=\"lazy\" decoding=\"async\" aria-describedby=\"caption-attachment-54981\" class=\"wp-image-54981 size-full\" src=\"https:\/\/www.uv.mx\/prensa\/files\/2018\/10\/011018-DELEGACION-ARGENTINA-1.jpg\" alt=\"\" width=\"722\" height=\"482\" srcset=\"https:\/\/www.uv.mx\/prensa\/files\/2018\/10\/011018-DELEGACION-ARGENTINA-1.jpg 722w, https:\/\/www.uv.mx\/prensa\/files\/2018\/10\/011018-DELEGACION-ARGENTINA-1-300x200.jpg 300w\" sizes=\"auto, (max-width: 722px) 100vw, 722px\" \/><\/a><p id=\"caption-attachment-54981\" class=\"wp-caption-text\">Autoridades de la UV y de la Universidad Nacional del Nordeste de Argentina sostuvieron un encuentro<\/p><\/div>\n<p>&nbsp;<\/p>\n<p><b><i>Claudia Peralta V\u00e1zquez<\/i><\/b><\/p>\n<p><b><i>01<\/i><\/b><b><i>\/<\/i><\/b><b><i>10<\/i><\/b><b><i>\/<\/i><\/b><b><i>18, Xalapa, Ver.-<\/i><\/b> Autoridades de la Universidad Veracruzana (UV) y de la Universidad Nacional del Nordeste de Argentina (UNNE) acordaron fortalecer v\u00ednculos de colaboraci\u00f3n y dar soluci\u00f3n a problem\u00e1ticas sociales y econ\u00f3micas que tanto M\u00e9xico como Argentina comparten, a trav\u00e9s del intercambio de estudiantes, acad\u00e9micos e investigadores.<\/p>\n<p>El viernes 28 de septiembre, los integrantes de la delegaci\u00f3n argentina visitaron las instalaciones de la <a href=\"https:\/\/www.uv.mx\/arquitectura\/\/\">Facultad de Arquitectura de UV<\/a>, donde fueron recibidos por Eduardo Gasca Herrera, director general del \u00c1rea Acad\u00e9mica T\u00e9cnica, y Mar\u00eda Guadalupe Nohem\u00ed Uehara Guerrero, directora de la Facultad de Arquitectura.<\/p>\n<p>Mar\u00eda Delfina Veirav\u00e9, rectora de la UNNE; Gustavo Tripaldi, secretario general de Relaciones Interinstitucionales, y Mario Hugo Urbani, decano de la Facultad de Ciencias Agrarias, dijeron sentirse complacidos por concretar esta visita e impulsar la colaboraci\u00f3n entre ambas instituciones.<\/p>\n<p>Comentaron que su viaje a M\u00e9xico tuvo la finalidad de participar en la IX Asamblea General de Rectores de la Red Macro Universidades de Am\u00e9rica Latina y el Caribe, celebrada los d\u00edas 24 y 25 de septiembre en la Universidad Nacional Aut\u00f3noma de M\u00e9xico (UNAM). Tanto la UV como la UNNE forman parte de este organismo.<\/p>\n<p>Sin embargo, no desaprovecharon la oportunidad de conocer la infraestructura de esta casa de estudios, con la que mantienen intercambios acad\u00e9micos. Uno de ellos es precisamente con la Facultad de Arquitectura y a trav\u00e9s del Programa de Intercambio Acad\u00e9mico Latinoamericano (PILA), signado entre M\u00e9xico, Colombia y Argentina.<\/p>\n<p>\u201cPara nosotros es muy importante fortalecer los v\u00ednculos con la UV, los cuales tenemos a trav\u00e9s de convenios establecidos\u201d, destac\u00f3 Mar\u00eda Delfina Veirav\u00e9, quien coment\u00f3 que la instituci\u00f3n que encabeza se ubica muy cerca de la frontera con Paraguay, Uruguay y el sur de Brasil.<\/p>\n<p>Agreg\u00f3 que \u00e9sta ha sido la matriz fundadora de todas las universidades nacionales ubicadas en la provincia del nordeste, la cual cuenta con una matr\u00edcula de 60 mil estudiantes.<\/p>\n<p>Sin embargo, esta zona es de las m\u00e1s postergadas en materia econ\u00f3mica, por lo que la UNNE ha generado diversos compromisos con temas relacionados con el desarrollo. En ese sentido, resalt\u00f3 que la universidad cuenta con el Instituto de Vivienda y H\u00e1bitat Popular, se trata del primer departamento en esta tem\u00e1tica adherido a una instituci\u00f3n nacional.<\/p>\n<p>&nbsp;<\/p>\n<div id=\"attachment_54980\" style=\"width: 732px\" class=\"wp-caption aligncenter\"><a href=\"https:\/\/www.uv.mx\/prensa\/files\/2018\/10\/011018-DELEGACION-ARGENTINA-2.jpg\"><img loading=\"lazy\" decoding=\"async\" aria-describedby=\"caption-attachment-54980\" class=\"size-full wp-image-54980\" src=\"https:\/\/www.uv.mx\/prensa\/files\/2018\/10\/011018-DELEGACION-ARGENTINA-2.jpg\" alt=\"\" width=\"722\" height=\"482\" srcset=\"https:\/\/www.uv.mx\/prensa\/files\/2018\/10\/011018-DELEGACION-ARGENTINA-2.jpg 722w, https:\/\/www.uv.mx\/prensa\/files\/2018\/10\/011018-DELEGACION-ARGENTINA-2-300x200.jpg 300w\" sizes=\"auto, (max-width: 722px) 100vw, 722px\" \/><\/a><p id=\"caption-attachment-54980\" class=\"wp-caption-text\">Integrantes de la delegaci\u00f3n de la UNNE visitaron las instalaciones de la Facultad de Arquitectura<\/p><\/div>\n<p>&nbsp;<\/p>\n<p>\u201cSomos innovadores en cuanto a algunas \u00e1reas del conocimiento, otro ejemplo de ello es el Departamento de Planeamiento Urbano, desarrollado tambi\u00e9n en esta instituci\u00f3n en la d\u00e9cada de 1960.\u201d<\/p>\n<p>Por su parte, Gustavo Tripaldi se refiri\u00f3 al convenio marco y espec\u00edfico para intercambio signado con la UV, \u201cest\u00e1 todo listo para trabajar con base en intereses rec\u00edprocos\u201d.<\/p>\n<p>Asimismo, mencion\u00f3 que la Facultad de Arquitectura y Urbanismo de la UNNE desarrolla l\u00edneas de trabajo e investigaci\u00f3n en las \u00e1reas de proyectos arquitect\u00f3nicos, planeamiento urbano, morfolog\u00eda y dise\u00f1o.<\/p>\n<p>Tambi\u00e9n plante\u00f3 la posibilidad de fortalecer el \u00e1rea de posgrados entre ambas facultades, a trav\u00e9s de la colaboraci\u00f3n no s\u00f3lo de estudiantes sino de docentes e investigadores.<\/p>\n<p>\u201cEs intenci\u00f3n de la rectora (Sara Ladr\u00f3n de Guevara) crear v\u00ednculos con ustedes\u201d, afirm\u00f3 Eduardo Gasca al celebrar este encuentro y manifest\u00f3 que actualmente uno de los prop\u00f3sitos de la UV es mantener estrecha relaci\u00f3n y signar convenios con universidades hermanas, a fin de que los estudiantes obtengan una doble titulaci\u00f3n.<\/p>\n<p>En este mismo contexto, dio a conocer que la UV tambi\u00e9n promueve la relaci\u00f3n DUAL entre empresa y academia, no como estancias o pr\u00e1cticas profesionales, sino que desde los primeros semestres los j\u00f3venes est\u00e9n inmersos en la pr\u00e1ctica profesionalizante.<\/p>\n<p>En el marco de esta reuni\u00f3n puntualiz\u00f3 que el 95 por ciento de los programas educativos (PE) del \u00c1rea Acad\u00e9mica T\u00e9cnica, de las cinco regiones universitarias, se encuentran acreditados por organismos externos. De igual forma, las maestr\u00edas y doctorados est\u00e1n consolidados.<\/p>\n<p>En su oportunidad, Uehara Guerrero precis\u00f3 que mil 250 alumnos cursan este PE, y anualmente se tiene una demanda de 500 j\u00f3venes.<\/p>\n<p>Destac\u00f3 que entre la comunidad estudiantil se promueve la atenci\u00f3n de problem\u00e1ticas sociales, la interculturalidad, derechos humanos y atenci\u00f3n de grupos vulnerables por medio de v\u00ednculos con los municipios.<\/p>\n<p>Posterior a este encuentro, las autoridades de ambas universidades hicieron un recorrido por las instalaciones de esta Facultad, espec\u00edficamente en el Centro de C\u00f3mputo, aula del Doctorado de Arquitectura y Urbanismo, Laboratorio de An\u00e1lisis Solar, y de Construcci\u00f3n.<\/p>\n<p>En esta actividad tambi\u00e9n particip\u00f3 Luis Manuel Fern\u00e1ndez S\u00e1nchez y Reyna Parroqu\u00edn P\u00e9rez, secretario y coordinadora Acad\u00e9mica de la Facultad de Arquitectura, respectivamente.<\/p>\n<p>&nbsp;<\/p>\n<div id=\"attachment_54979\" style=\"width: 730px\" class=\"wp-caption aligncenter\"><a href=\"https:\/\/www.uv.mx\/prensa\/files\/2018\/10\/011018-DELEGACION-ARGENTINA-3.jpg\"><img loading=\"lazy\" decoding=\"async\" aria-describedby=\"caption-attachment-54979\" class=\"size-full wp-image-54979\" src=\"https:\/\/www.uv.mx\/prensa\/files\/2018\/10\/011018-DELEGACION-ARGENTINA-3.jpg\" alt=\"\" width=\"720\" height=\"479\" srcset=\"https:\/\/www.uv.mx\/prensa\/files\/2018\/10\/011018-DELEGACION-ARGENTINA-3.jpg 720w, https:\/\/www.uv.mx\/prensa\/files\/2018\/10\/011018-DELEGACION-ARGENTINA-3-300x200.jpg 300w\" sizes=\"auto, (max-width: 720px) 100vw, 720px\" \/><\/a><p id=\"caption-attachment-54979\" class=\"wp-caption-text\">Autoridades de la UV y de la UNNE durante el recorrido<\/p><\/div>\n","protected":false},"excerpt":{"rendered":"<p>Delegaci\u00f3n de la instituci\u00f3n sudamericana visit\u00f3 las instalaciones de la Facultad de Arquitectura de la UV <\/p>\n","protected":false},"author":1508,"featured_media":54981,"comment_status":"closed","ping_status":"closed","sticky":false,"template":"","format":"standard","meta":{"footnotes":""},"categories":[1],"tags":[],"class_list":["post-54978","post","type-post","status-publish","format-standard","has-post-thumbnail","hentry","category-general"],"_links":{"self":[{"href":"https:\/\/www.uv.mx\/prensa\/wp-json\/wp\/v2\/posts\/54978","targetHints":{"allow":["GET"]}}],"collection":[{"href":"https:\/\/www.uv.mx\/prensa\/wp-json\/wp\/v2\/posts"}],"about":[{"href":"https:\/\/www.uv.mx\/prensa\/wp-json\/wp\/v2\/types\/post"}],"author":[{"embeddable":true,"href":"https:\/\/www.uv.mx\/prensa\/wp-json\/wp\/v2\/users\/1508"}],"replies":[{"embeddable":true,"href":"https:\/\/www.uv.mx\/prensa\/wp-json\/wp\/v2\/comments?post=54978"}],"version-history":[{"count":0,"href":"https:\/\/www.uv.mx\/prensa\/wp-json\/wp\/v2\/posts\/54978\/revisions"}],"wp:featuredmedia":[{"embeddable":true,"href":"https:\/\/www.uv.mx\/prensa\/wp-json\/wp\/v2\/media\/54981"}],"wp:attachment":[{"href":"https:\/\/www.uv.mx\/prensa\/wp-json\/wp\/v2\/media?parent=54978"}],"wp:term":[{"taxonomy":"category","embeddable":true,"href":"https:\/\/www.uv.mx\/prensa\/wp-json\/wp\/v2\/categories?post=54978"},{"taxonomy":"post_tag","embeddable":true,"href":"https:\/\/www.uv.mx\/prensa\/wp-json\/wp\/v2\/tags?post=54978"}],"curies":[{"name":"wp","href":"https:\/\/api.w.org\/{rel}","templated":true}]}}