{"id":54958,"date":"2018-10-01T09:22:34","date_gmt":"2018-10-01T14:22:34","guid":{"rendered":"https:\/\/www.uv.mx\/prensa\/?p=54958"},"modified":"2018-10-01T19:25:44","modified_gmt":"2018-10-02T00:25:44","slug":"sismo-de-2017-revivio-la-solidaridad-estudiantes","status":"publish","type":"post","link":"https:\/\/www.uv.mx\/prensa\/general\/sismo-de-2017-revivio-la-solidaridad-estudiantes\/","title":{"rendered":"Sismo de 2017 revivi\u00f3 la solidaridad: estudiantes"},"content":{"rendered":"<ul>\n<li><em><span class=\"TextRun SCXW165972405\" lang=\"ES-MX\" xml:lang=\"ES-MX\"><span class=\"NormalTextRun SCXW165972405\">Radio Totopo fue <\/span><\/span><span class=\"TextRun SCXW165972405\" lang=\"ES-MX\" xml:lang=\"ES-MX\"><span class=\"NormalTextRun SCXW165972405\">importante para tener comunicaci\u00f3n m\u00e1s all\u00e1 de las fronteras de Oaxaca<\/span><\/span><\/em><\/li>\n<\/ul>\n<p>&nbsp;<\/p>\n<div id=\"attachment_54960\" style=\"width: 732px\" class=\"wp-caption aligncenter\"><a href=\"https:\/\/www.uv.mx\/prensa\/files\/2018\/10\/011018-Mesa-4-Psicologia-1.jpg\"><img loading=\"lazy\" decoding=\"async\" aria-describedby=\"caption-attachment-54960\" class=\"size-full wp-image-54960\" src=\"https:\/\/www.uv.mx\/prensa\/files\/2018\/10\/011018-Mesa-4-Psicologia-1.jpg\" alt=\"\" width=\"722\" height=\"481\" srcset=\"https:\/\/www.uv.mx\/prensa\/files\/2018\/10\/011018-Mesa-4-Psicologia-1.jpg 722w, https:\/\/www.uv.mx\/prensa\/files\/2018\/10\/011018-Mesa-4-Psicologia-1-300x200.jpg 300w\" sizes=\"auto, (max-width: 722px) 100vw, 722px\" \/><\/a><p id=\"caption-attachment-54960\" class=\"wp-caption-text\">J\u00f3venes compartieron sus experiencias en las brigadas de apoyo a la salud mental<\/p><\/div>\n<p>&nbsp;<\/p>\n<p><b><i>Paola Cort\u00e9s P\u00e9rez<\/i><\/b><\/p>\n<p><b><i>01\/10\/2018, Xalapa, Ver.-<\/i><\/b> El sismo registrado el 19 de septiembre de 2017, uno de los m\u00e1s fuertes que ha afectado al pa\u00eds, hizo que entre los mexicanos reviviera el valor de la solidaridad, expresaron estudiantes de la Facultad de Psicolog\u00eda de la Universidad Veracruzana (UV), quienes participaron en las brigadas de apoyo a la salud mental en una comunidad de Oaxaca.<\/p>\n<p>La entidad acad\u00e9mica realiz\u00f3 el viernes 21 de septiembre el Foro \u201cFen\u00f3meno natural al desastre social: experiencias de brigadistas en salud mental en el istmo de Tehuantepec, Oaxaca\u201d.<\/p>\n<p>Ese mismo d\u00eda por la tarde tuvo lugar la Mesa 4 \u201cIntervenci\u00f3n psicosocial en comunidades afectadas en el istmo de Tehuantepec, Oaxaca\u201d, en la que participaron estudiantes que acudieron a brindar apoyo y ayuda a las personas afectadas, a trav\u00e9s de las brigadas universitarias.<\/p>\n<p>Uno de ellos fue Oscar Melchor, quien record\u00f3 que aquel d\u00eda ha sido cuando m\u00e1s impotencia ha sentido pues no sab\u00eda c\u00f3mo pod\u00eda ayudar. \u201cEn ese momento record\u00e9 a uno de mis profesores (Arturo Marinero) y me comuniqu\u00e9 de inmediato con \u00e9l, le pregunt\u00e9 si nuestra ayuda \u2013como psic\u00f3logos\u2013 se necesitar\u00eda en Oaxaca, me respondi\u00f3 que era lo m\u00e1s probable\u201d.<\/p>\n<p>De inmediato lograron conseguir un veh\u00edculo para trasladar s\u00f3lo a 15 personas, pero las capacitaciones para conformar las brigadas se abarrotaron, eran muchos los estudiantes que quer\u00edan ayudar.<\/p>\n<p>\u201cFinalmente, fuimos m\u00e1s personas de las que se hab\u00edan planeado en el inicio. Aunque desconoc\u00edamos la situaci\u00f3n real, las ganas por ayudar eran muchas, as\u00ed que seguimos ayudando con el acopio de v\u00edveres, ropa y juguetes.\u201d<\/p>\n<p>Al llegar, el golpe de realidad del desastre fue mayor a lo esperado, record\u00f3 que el semblante de sus compa\u00f1eros y de \u00e9l cambio por completo, fue tanta la sorpresa que para algunos de los j\u00f3venes les fue imposible asimilar la desgracia, as\u00ed que decidieron regresar a Xalapa.<\/p>\n<p>Oscar form\u00f3 parte de la brigada que apoyo a mujeres y ancianas de la comunidad de Huam\u00fachil, Oaxaca. Durante las pl\u00e1ticas que sostuvieron se dieron cuenta que una idea prevalec\u00eda en ellas y en toda la comunidad: pensaban que el sismo fue un castigo apocal\u00edptico y divino por el comportamiento inadecuado de los j\u00f3venes.<\/p>\n<p>\u201cFue muy complicado trabajar con ellas porque el duelo que viv\u00edan era muy marcado, adem\u00e1s ten\u00edan un miedo constante y muy arraigada la idea de que el sismo fue producto de un castigo divino.\u201d<\/p>\n<p>Ismael Casta\u00f1eda Romero, egresado de la Facultad de Psicolog\u00eda, habl\u00f3 sobre los cambios emocionales que experimentaron las personas sobrevivientes del sismo. A \u00e9l le toc\u00f3 participar en una brigada que s\u00f3lo atendi\u00f3 a ni\u00f1os y adultos \u2013en su gran mayor\u00eda mujeres.<\/p>\n<p>El desastre natural ocasion\u00f3 en los habitantes diversos cambios emocionales: ante cualquier movimiento tel\u00farico buscaban resguardo de inmediato porque tem\u00edan por sus vidas, adem\u00e1s les gener\u00f3 inquietud, ansiedad e incertidumbre.<\/p>\n<p>\u201cLo que vimos no s\u00f3lo fue el derrumbe de casas y edificios, tambi\u00e9n se hab\u00edan derrumbado los sentimientos de todas las personas, era muy dif\u00edcil ver una sonrisa o una mirada de calma entre las personas.<\/p>\n<p>\u201dAs\u00ed que fueron creados grupos sociocomunitarios de apoyo para que el trabajo psicol\u00f3gico con los ni\u00f1os y las mujeres fuera m\u00e1s sencillo.\u201d<\/p>\n<p>Los j\u00f3venes universitarios dijeron que una de las grandes lecciones que les dej\u00f3 el participar en estas brigadas, fue ver que el valor de la solidaridad surgi\u00f3 de nuevo entre los mexicanos, todos buscaron la manera de apoyar y ayudar a quienes lo hab\u00edan perdido todo a causa del terremoto.<\/p>\n<p>&nbsp;<\/p>\n<p><b>Radios comunitarias<\/b><\/p>\n<p>Las radios comunitarias han sido fundamentales, especialmente en momentos dif\u00edciles para la poblaci\u00f3n, como en el caso del sismo del 19 de septiembre de 2017, el cual afect\u00f3 a diversas comunidades de Oaxaca y Chiapas.<\/p>\n<p>Ren\u00e1n Mart\u00ednez Casas, periodista e integrante de Radio Totopo (radio comunitaria de Oaxaca), cont\u00f3 brevemente la historia de las radiodifusoras comunitarias en M\u00e9xico, \u201cno hay en el pa\u00eds dos estaciones iguales, porque cada una ha nacido por situaciones y en circunstancias diferentes\u201d.<\/p>\n<p>Lo cierto, dijo, es que son de relevancia para las comunidades donde se ubican, han ayudado en situaciones de violencia relacionada con el crimen organizado o de desastres naturales, son una forma de comunicaci\u00f3n para los habitantes.<\/p>\n<p>En el caso de Radio Totopo, coment\u00f3 que ayud\u00f3 a tener comunicaci\u00f3n m\u00e1s all\u00e1 de las fronteras de Oaxaca, especialmente se logr\u00f3 tener informaci\u00f3n certera y fidedigna sobre las necesidades que ten\u00edan las personas que fueron afectadas.<\/p>\n<p>&nbsp;<\/p>\n<div id=\"attachment_54959\" style=\"width: 732px\" class=\"wp-caption aligncenter\"><a href=\"https:\/\/www.uv.mx\/prensa\/files\/2018\/10\/011018-Mesa-4-Psicologia-2.jpg\"><img loading=\"lazy\" decoding=\"async\" aria-describedby=\"caption-attachment-54959\" class=\"size-full wp-image-54959\" src=\"https:\/\/www.uv.mx\/prensa\/files\/2018\/10\/011018-Mesa-4-Psicologia-2.jpg\" alt=\"\" width=\"722\" height=\"482\" srcset=\"https:\/\/www.uv.mx\/prensa\/files\/2018\/10\/011018-Mesa-4-Psicologia-2.jpg 722w, https:\/\/www.uv.mx\/prensa\/files\/2018\/10\/011018-Mesa-4-Psicologia-2-300x200.jpg 300w\" sizes=\"auto, (max-width: 722px) 100vw, 722px\" \/><\/a><p id=\"caption-attachment-54959\" class=\"wp-caption-text\">Hablaron sobre la importancia de las radios comunitarias<\/p><\/div>\n","protected":false},"excerpt":{"rendered":"<p>J\u00f3venes de la Facultad de Psicolog\u00eda participaron en el Foro \u201cFen\u00f3meno natural al desastre social: experiencias de brigadistas en salud mental en el istmo de Tehuantepec, Oaxaca\u201d<\/p>\n","protected":false},"author":1508,"featured_media":54960,"comment_status":"closed","ping_status":"closed","sticky":false,"template":"","format":"standard","meta":{"footnotes":""},"categories":[1],"tags":[],"class_list":["post-54958","post","type-post","status-publish","format-standard","has-post-thumbnail","hentry","category-general"],"_links":{"self":[{"href":"https:\/\/www.uv.mx\/prensa\/wp-json\/wp\/v2\/posts\/54958","targetHints":{"allow":["GET"]}}],"collection":[{"href":"https:\/\/www.uv.mx\/prensa\/wp-json\/wp\/v2\/posts"}],"about":[{"href":"https:\/\/www.uv.mx\/prensa\/wp-json\/wp\/v2\/types\/post"}],"author":[{"embeddable":true,"href":"https:\/\/www.uv.mx\/prensa\/wp-json\/wp\/v2\/users\/1508"}],"replies":[{"embeddable":true,"href":"https:\/\/www.uv.mx\/prensa\/wp-json\/wp\/v2\/comments?post=54958"}],"version-history":[{"count":0,"href":"https:\/\/www.uv.mx\/prensa\/wp-json\/wp\/v2\/posts\/54958\/revisions"}],"wp:featuredmedia":[{"embeddable":true,"href":"https:\/\/www.uv.mx\/prensa\/wp-json\/wp\/v2\/media\/54960"}],"wp:attachment":[{"href":"https:\/\/www.uv.mx\/prensa\/wp-json\/wp\/v2\/media?parent=54958"}],"wp:term":[{"taxonomy":"category","embeddable":true,"href":"https:\/\/www.uv.mx\/prensa\/wp-json\/wp\/v2\/categories?post=54958"},{"taxonomy":"post_tag","embeddable":true,"href":"https:\/\/www.uv.mx\/prensa\/wp-json\/wp\/v2\/tags?post=54958"}],"curies":[{"name":"wp","href":"https:\/\/api.w.org\/{rel}","templated":true}]}}