{"id":54943,"date":"2018-10-01T18:55:45","date_gmt":"2018-10-01T23:55:45","guid":{"rendered":"https:\/\/www.uv.mx\/prensa\/?p=54943"},"modified":"2018-10-02T10:41:53","modified_gmt":"2018-10-02T15:41:53","slug":"administracion-celebro-dia-mundial-del-turismo","status":"publish","type":"post","link":"https:\/\/www.uv.mx\/prensa\/regiones\/veracruz\/administracion-celebro-dia-mundial-del-turismo\/","title":{"rendered":"Administraci\u00f3n celebr\u00f3 D\u00eda Mundial del Turismo"},"content":{"rendered":"<div id=\"attachment_54944\" style=\"width: 732px\" class=\"wp-caption aligncenter\"><a href=\"https:\/\/www.uv.mx\/prensa\/files\/2018\/10\/011018-veracruz-dia-turismo-3.jpg\"><img loading=\"lazy\" decoding=\"async\" aria-describedby=\"caption-attachment-54944\" class=\"size-full wp-image-54944\" src=\"https:\/\/www.uv.mx\/prensa\/files\/2018\/10\/011018-veracruz-dia-turismo-3.jpg\" alt=\"\" width=\"722\" height=\"481\" srcset=\"https:\/\/www.uv.mx\/prensa\/files\/2018\/10\/011018-veracruz-dia-turismo-3.jpg 722w, https:\/\/www.uv.mx\/prensa\/files\/2018\/10\/011018-veracruz-dia-turismo-3-300x200.jpg 300w\" sizes=\"auto, (max-width: 722px) 100vw, 722px\" \/><\/a><p id=\"caption-attachment-54944\" class=\"wp-caption-text\">Hungr\u00eda fue el pa\u00eds invitado<\/p><\/div>\n<p>&nbsp;<\/p>\n<p><b><i>Shuguey<\/i><\/b> <b><i>Enr\u00edquez y Aracely Hern\u00e1ndez<\/i><\/b><\/p>\n<p><b><i>01\/10\/18, Veracruz, Ver.-<\/i><\/b> La<a href=\"https:\/\/www.uv.mx\/veracruz\/adtusi\/\"> Facultad de Administraci\u00f3n de la Universidad Veracruzana<\/a> (UV) realiz\u00f3 actividades con el lema \u201cEl turismo y la transformaci\u00f3n digital\u201d, con motivo de la celebraci\u00f3n del D\u00eda Mundial del Turismo, el jueves 27 de septiembre.<\/p>\n<p>El evento tuvo como pa\u00eds elegido a Hungr\u00eda y se impartieron las conferencias \u201cMercadotecnia digital de destinos tur\u00edsticos, \u201c<i>Marketing<\/i> digital a trav\u00e9s de canales electr\u00f3nicos\u201d y \u201cEl impacto de las tecnolog\u00edas de informaci\u00f3n en el turismo\u201d.<\/p>\n<p>En su mensaje de bienvenida, Leidy Margarita L\u00f3pez Castro, directora de la Facultad, sostuvo que eventos como \u00e9ste contribuyen a la formaci\u00f3n integral de los estudiantes, \u201ccumpliendo con ello con la misi\u00f3n que rige a nuestra casa de estudios en raz\u00f3n a la calidad, pertinencia, equidad, compromiso \u00e9tico, vocaci\u00f3n democr\u00e1tica y en vinculaci\u00f3n con los diferentes sectores sociales\u201d.<\/p>\n<p>Respecto al lema \u201cEl turismo y la transformaci\u00f3n digital\u201d, Arturo Bocardo Valle, director general del \u00c1rea Econ\u00f3mico-Administrativa, explic\u00f3 que el objetivo fue \u201cmostrar las oportunidades que la tecnolog\u00eda brinda al turismo tales como: inteligencia de datos, inteligencia artificial y plataformas digitales, adem\u00e1s de la capacidad de revolucionar la forma en que viajamos y disfrutamos del turismo, todo esto dentro del marco del turismo sostenible\u201d.<\/p>\n<p>Detall\u00f3 que actualmente los avances digitales contribuyen al desarrollo de las empresas y el sector tur\u00edstico no es la excepci\u00f3n, \u201ca trav\u00e9s de la tecnolog\u00eda se puede ser m\u00e1s incluyente y eficiente en la gesti\u00f3n de los recursos\u201d, afirm\u00f3.<\/p>\n<p>Por su parte, el vicerrector Alfonso P\u00e9rez Morales sostuvo: \u201cEl licenciado en Turismo debe ser capaz de trabajar dentro de su disciplina en nuestro pa\u00eds, en nuestro estado o en cualquier parte del mundo, pues realmente los procesos tur\u00edsticos ahora son globales\u201d.<\/p>\n<p>A los estudiantes del programa educativo de Administraci\u00f3n Tur\u00edstica les dijo: \u201cUstedes tienen la responsabilidad de impulsar las actividades tur\u00edsticas en nuestro estado\u201d.<\/p>\n<p>Los estudiantes acondicionaron el espacio seg\u00fan las tradiciones h\u00fangaras y se vistieron acorde al pa\u00eds seleccionado; hubo una muestra gastron\u00f3mica y una intervenci\u00f3n musical.<\/p>\n<p>Seg\u00fan la Organizaci\u00f3n Mundial del Turismo, el D\u00eda Mundial del Turismo 2018 \u201ces una oportunidad \u00fanica para fomentar la concienciaci\u00f3n respecto de las posibilidades que encierran las tecnolog\u00edas digitales de contribuir al desarrollo del turismo sostenible, al tiempo que proporciona una plataforma para la inversi\u00f3n, las alianzas y la colaboraci\u00f3n en aras de un sector tur\u00edstico m\u00e1s responsable e inclusivo\u201d.<\/p>\n<p>&nbsp;<\/p>\n<div id=\"attachment_54945\" style=\"width: 732px\" class=\"wp-caption aligncenter\"><a href=\"https:\/\/www.uv.mx\/prensa\/files\/2018\/10\/011018-veracruz-dia-turismo-1.jpg\"><img loading=\"lazy\" decoding=\"async\" aria-describedby=\"caption-attachment-54945\" class=\"size-full wp-image-54945\" src=\"https:\/\/www.uv.mx\/prensa\/files\/2018\/10\/011018-veracruz-dia-turismo-1.jpg\" alt=\"\" width=\"722\" height=\"481\" srcset=\"https:\/\/www.uv.mx\/prensa\/files\/2018\/10\/011018-veracruz-dia-turismo-1.jpg 722w, https:\/\/www.uv.mx\/prensa\/files\/2018\/10\/011018-veracruz-dia-turismo-1-300x200.jpg 300w\" sizes=\"auto, (max-width: 722px) 100vw, 722px\" \/><\/a><p id=\"caption-attachment-54945\" class=\"wp-caption-text\">El vicerrector Alfonso P\u00e9rez durante la inauguraci\u00f3n<\/p><\/div>\n","protected":false},"excerpt":{"rendered":"<p>Las actividades, realizadas en la regi\u00f3n Veracruz, tuvieron como lema \u201cEl turismo y la transformaci\u00f3n digital\u201d<\/p>\n","protected":false},"author":1508,"featured_media":54944,"comment_status":"closed","ping_status":"closed","sticky":false,"template":"","format":"standard","meta":{"footnotes":""},"categories":[55],"tags":[],"class_list":["post-54943","post","type-post","status-publish","format-standard","has-post-thumbnail","hentry","category-veracruz"],"_links":{"self":[{"href":"https:\/\/www.uv.mx\/prensa\/wp-json\/wp\/v2\/posts\/54943","targetHints":{"allow":["GET"]}}],"collection":[{"href":"https:\/\/www.uv.mx\/prensa\/wp-json\/wp\/v2\/posts"}],"about":[{"href":"https:\/\/www.uv.mx\/prensa\/wp-json\/wp\/v2\/types\/post"}],"author":[{"embeddable":true,"href":"https:\/\/www.uv.mx\/prensa\/wp-json\/wp\/v2\/users\/1508"}],"replies":[{"embeddable":true,"href":"https:\/\/www.uv.mx\/prensa\/wp-json\/wp\/v2\/comments?post=54943"}],"version-history":[{"count":0,"href":"https:\/\/www.uv.mx\/prensa\/wp-json\/wp\/v2\/posts\/54943\/revisions"}],"wp:featuredmedia":[{"embeddable":true,"href":"https:\/\/www.uv.mx\/prensa\/wp-json\/wp\/v2\/media\/54944"}],"wp:attachment":[{"href":"https:\/\/www.uv.mx\/prensa\/wp-json\/wp\/v2\/media?parent=54943"}],"wp:term":[{"taxonomy":"category","embeddable":true,"href":"https:\/\/www.uv.mx\/prensa\/wp-json\/wp\/v2\/categories?post=54943"},{"taxonomy":"post_tag","embeddable":true,"href":"https:\/\/www.uv.mx\/prensa\/wp-json\/wp\/v2\/tags?post=54943"}],"curies":[{"name":"wp","href":"https:\/\/api.w.org\/{rel}","templated":true}]}}