{"id":54938,"date":"2018-10-01T18:38:39","date_gmt":"2018-10-01T23:38:39","guid":{"rendered":"https:\/\/www.uv.mx\/prensa\/?p=54938"},"modified":"2018-10-02T10:43:20","modified_gmt":"2018-10-02T15:43:20","slug":"lazaro-sanchez-presento-libro-sobre-sustentabilidad","status":"publish","type":"post","link":"https:\/\/www.uv.mx\/prensa\/regiones\/veracruz\/lazaro-sanchez-presento-libro-sobre-sustentabilidad\/","title":{"rendered":"L\u00e1zaro S\u00e1nchez present\u00f3 libro sobre sustentabilidad"},"content":{"rendered":"<ul>\n<li><i>Re\u00fane experiencias <\/i><i>de acciones sustentables <\/i><i>de 11 <\/i><i>u<\/i><i>niversidades nacionales<\/i><\/li>\n<\/ul>\n<p>&nbsp;<\/p>\n<div id=\"attachment_54940\" style=\"width: 732px\" class=\"wp-caption aligncenter\"><a href=\"https:\/\/www.uv.mx\/prensa\/files\/2018\/10\/011018-veracruz-libro-sustentabilidad-1.jpg\"><img loading=\"lazy\" decoding=\"async\" aria-describedby=\"caption-attachment-54940\" class=\"size-full wp-image-54940\" src=\"https:\/\/www.uv.mx\/prensa\/files\/2018\/10\/011018-veracruz-libro-sustentabilidad-1.jpg\" alt=\"\" width=\"722\" height=\"542\" srcset=\"https:\/\/www.uv.mx\/prensa\/files\/2018\/10\/011018-veracruz-libro-sustentabilidad-1.jpg 722w, https:\/\/www.uv.mx\/prensa\/files\/2018\/10\/011018-veracruz-libro-sustentabilidad-1-300x225.jpg 300w\" sizes=\"auto, (max-width: 722px) 100vw, 722px\" \/><\/a><p id=\"caption-attachment-54940\" class=\"wp-caption-text\">L\u00e1zaro S\u00e1nchez Vel\u00e1zquez, autor del libro<\/p><\/div>\n<p>&nbsp;<\/p>\n<p><b><i>01\/10\/18, Boca del R\u00edo, <\/i><\/b><b><i>Ver.-<\/i><\/b> L\u00e1zaro Rafael S\u00e1nchez Vel\u00e1zquez, acad\u00e9mico del <a href=\"https:\/\/www.uv.mx\/inbioteca\/\">Instituto de Biotecnolog\u00eda y Ecolog\u00eda Aplicada (<\/a><i>Inbioteca<\/i>) de la Universidad Veracruzana (UV), present\u00f3 el libro <i>Experiencias y procesos en la dimensi\u00f3n ambiental y la sustentabilidad de las instituciones de e<\/i><i>ducaci\u00f3n superior del <\/i>Complexus, el pasado 26 de septiembre en la Unidad de Servicios Bibliotecarios y de Informaci\u00f3n (USBI) de Veracruz.<\/p>\n<p>Inform\u00f3 que en la edici\u00f3n del libro tambi\u00e9n participaron los acad\u00e9micos Norma Yolanda Mota Palomino, de la Universidad de Coahuila, y Benjam\u00edn Ortiz Espejel, de la Universidad Iberoamericana de Puebla.<\/p>\n<p>En la obra se comparten experiencias en el \u00e1mbito de la sustentabilidad implementadas al interior de las universidades, algunas peque\u00f1as con 500 estudiantes y grandes con m\u00e1s de 60 mil, como la Universidad Veracruzana.<\/p>\n<p>En la presentaci\u00f3n, Alfonso Gerardo P\u00e9rez Morales, vicerrector de la regi\u00f3n Veracruz, destac\u00f3 la importancia de la sustentabilidad e invit\u00f3 a los asistentes a contribuir con ella. Resalt\u00f3 la permanencia de la UV en el Consorcio Mexicano de Programas Ambientales Universitarios para el Desarrollo Sustentable (<i>Complexus<\/i>) y reconoci\u00f3 el empe\u00f1o de la Coordinaci\u00f3n Universitaria de Sustentabilidad.<\/p>\n<p>Mencion\u00f3 que la riqueza del libro radica en el conjunto de experiencias que se unen bajo un tema com\u00fan (la sustentabilidad) y c\u00f3mo son presentadas.<\/p>\n<p>S\u00e1nchez Vel\u00e1zquez comparti\u00f3 que el libro es una iniciativa del <i>Complexus<\/i>, integrado por 19 universidades del pa\u00eds, entre ellas la UV, desde hace seis a\u00f1os.<\/p>\n<p>A\u00f1adi\u00f3 que <i>Complexus<\/i> se form\u00f3 a partir de reuniones con la Asociaci\u00f3n Nacional de Universidades e Instituciones de Educaci\u00f3n Superior (ANUIES) y varios rectores de universidades, fund\u00e1ndose en el a\u00f1o 2000 con el objetivo de implementar de manera transversal en las universidades la sustentabilidad, as\u00ed como compartir las experiencias que se tienen sobre este tema.<\/p>\n<p>Destac\u00f3 que en el libro participan 11 universidades, entre ellas: Aut\u00f3noma de Chapingo, de Baja California, de Coahuila, Aut\u00f3noma de San Luis Potos\u00ed, de Colima, del Altiplano, Iberoamericana de la Ciudad de M\u00e9xico, Iberoamericana de Puebla, Michoacana de San Nicol\u00e1s de Hidalgo, Tecnol\u00f3gica de Le\u00f3n y la Veracruzana.<\/p>\n<p>\u201cEs un libro que tiene fortaleza en ciertos temas de la sustentabilidad, ser\u00e1 de mucha ayuda para aquellas personas que desean implementar un plan ambiental para la sustentabilidad; ser\u00eda muy interesante que lo consultaran porque ah\u00ed est\u00e1n plasmadas esas experiencias.\u201d<\/p>\n<p>Coment\u00f3 algunas de ellas: la separaci\u00f3n de residuos s\u00f3lidos, campa\u00f1as para hacer conciencia y reducir el consumo, el reciclaje y la parte energ\u00e9tica.<\/p>\n<p>Subray\u00f3 la transversalidad en los tres ejes del Programa de Trabajo Estrat\u00e9gico 2017-2021 de la UV, as\u00ed como el planteamiento de la Red Universitaria para la Sustentabilidad, \u201cque ninguna universidad tiene como parte de su estructura\u201d.<\/p>\n<p>Para finalizar, dijo que este libro es el esfuerzo colectivo de todas las instituciones. \u201cNo es f\u00e1cil porque cada quien tiene un estilo diferente para escribir, pero tratamos que tuviera una secuencia l\u00f3gica en cada uno de los cap\u00edtulos; los temas fueron elegidos cuidadosamente y su formato es horizontal\u201d.<\/p>\n<p>A la presentaci\u00f3n acudieron los acad\u00e9micos Enrique Vargas Madrazo, Edgar Eduardo Ruiz Cervantes, Margarita Veliz Cort\u00e9s y Martha Delia Castro Montoya, quienes compartieron comentarios de la obra.<\/p>\n<p>&nbsp;<\/p>\n<div id=\"attachment_54939\" style=\"width: 730px\" class=\"wp-caption aligncenter\"><a href=\"https:\/\/www.uv.mx\/prensa\/files\/2018\/10\/011018-veracruz-libro-sustentabilidad-2.jpg\"><img loading=\"lazy\" decoding=\"async\" aria-describedby=\"caption-attachment-54939\" class=\"size-full wp-image-54939\" src=\"https:\/\/www.uv.mx\/prensa\/files\/2018\/10\/011018-veracruz-libro-sustentabilidad-2.jpg\" alt=\"\" width=\"720\" height=\"480\" srcset=\"https:\/\/www.uv.mx\/prensa\/files\/2018\/10\/011018-veracruz-libro-sustentabilidad-2.jpg 720w, https:\/\/www.uv.mx\/prensa\/files\/2018\/10\/011018-veracruz-libro-sustentabilidad-2-300x200.jpg 300w\" sizes=\"auto, (max-width: 720px) 100vw, 720px\" \/><\/a><p id=\"caption-attachment-54939\" class=\"wp-caption-text\">El Vicerrector aplaudi\u00f3 la permanencia de la UV en el <em>Complexus<\/em><\/p><\/div>\n","protected":false},"excerpt":{"rendered":"<p>El investigador del Instituto de Biotecnolog\u00eda y Ecolog\u00eda Aplicada es coautor de <em>Experiencias y procesos en la dimensi\u00f3n ambiental y la sustentabilidad de las instituciones de educaci\u00f3n superior del Complexus<\/em><\/p>\n","protected":false},"author":1508,"featured_media":54940,"comment_status":"closed","ping_status":"closed","sticky":false,"template":"","format":"standard","meta":{"footnotes":""},"categories":[55],"tags":[],"class_list":["post-54938","post","type-post","status-publish","format-standard","has-post-thumbnail","hentry","category-veracruz"],"_links":{"self":[{"href":"https:\/\/www.uv.mx\/prensa\/wp-json\/wp\/v2\/posts\/54938","targetHints":{"allow":["GET"]}}],"collection":[{"href":"https:\/\/www.uv.mx\/prensa\/wp-json\/wp\/v2\/posts"}],"about":[{"href":"https:\/\/www.uv.mx\/prensa\/wp-json\/wp\/v2\/types\/post"}],"author":[{"embeddable":true,"href":"https:\/\/www.uv.mx\/prensa\/wp-json\/wp\/v2\/users\/1508"}],"replies":[{"embeddable":true,"href":"https:\/\/www.uv.mx\/prensa\/wp-json\/wp\/v2\/comments?post=54938"}],"version-history":[{"count":0,"href":"https:\/\/www.uv.mx\/prensa\/wp-json\/wp\/v2\/posts\/54938\/revisions"}],"wp:featuredmedia":[{"embeddable":true,"href":"https:\/\/www.uv.mx\/prensa\/wp-json\/wp\/v2\/media\/54940"}],"wp:attachment":[{"href":"https:\/\/www.uv.mx\/prensa\/wp-json\/wp\/v2\/media?parent=54938"}],"wp:term":[{"taxonomy":"category","embeddable":true,"href":"https:\/\/www.uv.mx\/prensa\/wp-json\/wp\/v2\/categories?post=54938"},{"taxonomy":"post_tag","embeddable":true,"href":"https:\/\/www.uv.mx\/prensa\/wp-json\/wp\/v2\/tags?post=54938"}],"curies":[{"name":"wp","href":"https:\/\/api.w.org\/{rel}","templated":true}]}}