{"id":5453,"date":"2015-12-01T15:24:06","date_gmt":"2015-12-01T21:24:06","guid":{"rendered":"https:\/\/www.uv.mx\/prensa\/?p=5453"},"modified":"2015-12-01T15:33:10","modified_gmt":"2015-12-01T21:33:10","slug":"tecnologias-de-la-informacion-transformaron-a-la-universidad","status":"publish","type":"post","link":"https:\/\/www.uv.mx\/prensa\/general\/tecnologias-de-la-informacion-transformaron-a-la-universidad\/","title":{"rendered":"Tecnolog\u00edas de la Informaci\u00f3n transformaron a la Universidad"},"content":{"rendered":"<ul>\n<li><i><em>Investigadores del IIE presentaron libro digital y documental sobre el desarrollo de las TIC en esta casa de estudios<\/em><\/i><\/li>\n<\/ul>\n<p>&nbsp;<\/p>\n<p><strong><em>Carlos Hugo Hermida<\/em><\/strong><\/p>\n<p>&nbsp;<\/p>\n<p>Miguel \u00c1ngel Casillas Alvarado y Alberto Ram\u00edrez Martinell, adscritos al Instituto de Investigaciones en Educaci\u00f3n (IEE) de la Universidad Veracruzana (UV), presentaron el libro y documental <em>G\u00e9nesis de las TIC en la Universidad Veracruzana<\/em>, el cual es un ensayo de periodizaci\u00f3n que abarca la historia de c\u00f3mo llegaron las computadoras a esta casa de estudios.<\/p>\n<p>Lo anterior ocurri\u00f3 el 24 de noviembre en el auditorio de la Direcci\u00f3n General de Desarrollo Acad\u00e9mico e Innovaci\u00f3n Educativa (DGDAIE).<\/p>\n<p>\u201cPara la realizaci\u00f3n de este proyecto se parti\u00f3 de un ejercicio de periodizaci\u00f3n cl\u00e1sica de las computadoras a trav\u00e9s de las generaciones; sin embargo, esto no permit\u00eda hacer cortes en la evoluci\u00f3n institucional, por lo cual se empezaron a identificar hitos en los que se modificaba la cultura del uso de la tecnolog\u00eda\u201d, afirm\u00f3 Ram\u00edrez Martinell, el manejo de la hoja de c\u00e1lculo <em>Excel<\/em> es un ejemplo de esta primera reflexi\u00f3n.<\/p>\n<div id=\"attachment_5454\" style=\"width: 310px\" class=\"wp-caption aligncenter\"><a href=\"https:\/\/www.uv.mx\/prensa\/files\/2015\/12\/Genesis-de-las-TIC-en-la-UV.jpg\"><img loading=\"lazy\" decoding=\"async\" aria-describedby=\"caption-attachment-5454\" class=\"size-medium wp-image-5454\" src=\"https:\/\/www.uv.mx\/prensa\/files\/2015\/12\/Genesis-de-las-TIC-en-la-UV-300x200.jpg\" alt=\"Alberto Ram\u00edrez Martinell y Miguel \u00c1ngel Casillas Alvarado.\" width=\"300\" height=\"200\" srcset=\"https:\/\/www.uv.mx\/prensa\/files\/2015\/12\/Genesis-de-las-TIC-en-la-UV-300x200.jpg 300w, https:\/\/www.uv.mx\/prensa\/files\/2015\/12\/Genesis-de-las-TIC-en-la-UV.jpg 610w\" sizes=\"auto, (max-width: 300px) 100vw, 300px\" \/><\/a><p id=\"caption-attachment-5454\" class=\"wp-caption-text\">Alberto Ram\u00edrez Martinell y Miguel \u00c1ngel Casillas Alvarado.<\/p><\/div>\n<p>\u201cLa historia de las computadoras la partimos en seis periodos: grandes computadoras, minicomputadoras, computadoras personales, redes de computadoras, Internet y redes sociales. La Universidad est\u00e1 presente en cinco de ellos\u201d, agreg\u00f3 el investigador.<\/p>\n<p>Las Tecnolog\u00edas de la Informaci\u00f3n y Comunicaci\u00f3n (TIC) se dirigen hacia un mejor aprovechamiento de las redes sociales, uso de tabletas y computadoras m\u00f3viles, as\u00ed como de tel\u00e9fonos inteligentes; el ancho de banda nunca ser\u00e1 suficiente, pero estar\u00e1 m\u00e1s inteligentemente planeado; se dar\u00e1 un replanteamiento de licencias y de <em>software<\/em> libre, los recursos educativos tendr\u00e1n un uso intensivo de plataformas <em>online<\/em>.<\/p>\n<p><em>G\u00e9nesis de las TIC en la Universidad Veracruzana<\/em> narra c\u00f3mo llegaron las computadoras a la m\u00e1xima casa de estudios, coment\u00f3 Miguel \u00c1ngel Casillas; es un proceso relativamente reciente pero que ha transformado la vida cotidiana de esta instituci\u00f3n.<\/p>\n<p>Es un texto que busca reconstruir una historia reciente pero poco documentada, de la cual no se tiene memoria; en la din\u00e1mica de trabajo, las entrevistas fueron un recurso de informaci\u00f3n muy valioso.<\/p>\n<p>Dentro de este trabajo se propone una perspectiva cr\u00edtica que exige de las instituciones definiciones serias para incorporar a las TIC, ya que hasta ahora las instituciones de educaci\u00f3n superior han navegado a la deriva, sin planes, programas estrat\u00e9gicos ni pol\u00edticas para su incorporaci\u00f3n.<\/p>\n<p>Con esto se brinda un homenaje a lo que ha hecho la UV en materia de tecnolog\u00eda de informaci\u00f3n, de conservar su memoria y su propia historia; se puede aprender y discutir de mejor manera teniendo informaci\u00f3n; se logra que estudiantes y docentes participen con m\u00e1s elementos de informaci\u00f3n en las discusiones sobre desarrollo tecnol\u00f3gico de la instituci\u00f3n.<\/p>\n<p>Tanto el documental como el libro son de libre acceso, siguiendo la filosof\u00eda de la Universidad, finaliz\u00f3 el investigador. Los materiales se pueden consultar en: <a href=\"https:\/\/www.uv.mx\/blogs\/brechadigital\/2015\/10\/30\/librogenesistic\/\">www.uv.mx\/blogs\/brechadigital\/2015\/10\/30\/librogenesistic\/<\/a><\/p>\n","protected":false},"excerpt":{"rendered":"<p><strong><em> Carlos Hugo Hermida.-<\/em><\/strong> Miguel \u00c1ngel Casillas Alvarado y Alberto Ram\u00edrez Martinell, adscritos al Instituto de Investigaciones en Educaci\u00f3n (IEE) de la Universidad Veracruzana (UV), presentaron el libro y documental G\u00e9nesis de las TIC en la Universidad Veracruzana, el cual es un ensayo de periodizaci\u00f3n que abarca la historia de c\u00f3mo llegaron las computadoras a esta casa de estudios.<\/p>\n","protected":false},"author":1809,"featured_media":5455,"comment_status":"closed","ping_status":"closed","sticky":false,"template":"","format":"standard","meta":{"footnotes":""},"categories":[1],"tags":[2],"class_list":["post-5453","post","type-post","status-publish","format-standard","has-post-thumbnail","hentry","category-general","tag-principal"],"_links":{"self":[{"href":"https:\/\/www.uv.mx\/prensa\/wp-json\/wp\/v2\/posts\/5453","targetHints":{"allow":["GET"]}}],"collection":[{"href":"https:\/\/www.uv.mx\/prensa\/wp-json\/wp\/v2\/posts"}],"about":[{"href":"https:\/\/www.uv.mx\/prensa\/wp-json\/wp\/v2\/types\/post"}],"author":[{"embeddable":true,"href":"https:\/\/www.uv.mx\/prensa\/wp-json\/wp\/v2\/users\/1809"}],"replies":[{"embeddable":true,"href":"https:\/\/www.uv.mx\/prensa\/wp-json\/wp\/v2\/comments?post=5453"}],"version-history":[{"count":0,"href":"https:\/\/www.uv.mx\/prensa\/wp-json\/wp\/v2\/posts\/5453\/revisions"}],"wp:featuredmedia":[{"embeddable":true,"href":"https:\/\/www.uv.mx\/prensa\/wp-json\/wp\/v2\/media\/5455"}],"wp:attachment":[{"href":"https:\/\/www.uv.mx\/prensa\/wp-json\/wp\/v2\/media?parent=5453"}],"wp:term":[{"taxonomy":"category","embeddable":true,"href":"https:\/\/www.uv.mx\/prensa\/wp-json\/wp\/v2\/categories?post=5453"},{"taxonomy":"post_tag","embeddable":true,"href":"https:\/\/www.uv.mx\/prensa\/wp-json\/wp\/v2\/tags?post=5453"}],"curies":[{"name":"wp","href":"https:\/\/api.w.org\/{rel}","templated":true}]}}