{"id":54255,"date":"2018-09-21T17:00:06","date_gmt":"2018-09-21T22:00:06","guid":{"rendered":"https:\/\/www.uv.mx\/prensa\/?p=54255"},"modified":"2018-09-24T15:34:58","modified_gmt":"2018-09-24T20:34:58","slug":"sabados-en-la-ciencia-abordara-la-magia-de-la-ciencia","status":"publish","type":"post","link":"https:\/\/www.uv.mx\/prensa\/eventos\/sabados-en-la-ciencia-abordara-la-magia-de-la-ciencia\/","title":{"rendered":"S\u00e1bados en la Ciencia abordar\u00e1 \u201cLa magia de la ciencia\u201d"},"content":{"rendered":"<ul>\n<li><em>Tendr\u00e1 lugar el 22 de septiembre en el Museo de Antropolog\u00eda de Xalapa, a las 11:00 horas; el acceso es gratuito<\/em><\/li>\n<li><em>La conferencia y el taller ser\u00e1n impartidos por Elvira Morgado Viveros, acad\u00e9mica de la Facultad de Biolog\u00eda de la UV <\/em><\/li>\n<li><em>Tambi\u00e9n participar\u00e1n alumnos de la Licenciatura de Biolog\u00eda y de las maestr\u00edas en Ciencias Biol\u00f3gicas y en Neuroetolog\u00eda<\/em><\/li>\n<\/ul>\n<p>&nbsp;<\/p>\n<div id=\"attachment_53785\" style=\"width: 732px\" class=\"wp-caption aligncenter\"><a href=\"https:\/\/www.uv.mx\/prensa\/files\/2018\/09\/140918-SABADOS-EN-LA-CIENCIA-1.jpg\"><img loading=\"lazy\" decoding=\"async\" aria-describedby=\"caption-attachment-53785\" class=\"size-full wp-image-53785\" src=\"https:\/\/www.uv.mx\/prensa\/files\/2018\/09\/140918-SABADOS-EN-LA-CIENCIA-1.jpg\" alt=\"\" width=\"722\" height=\"482\" srcset=\"https:\/\/www.uv.mx\/prensa\/files\/2018\/09\/140918-SABADOS-EN-LA-CIENCIA-1.jpg 722w, https:\/\/www.uv.mx\/prensa\/files\/2018\/09\/140918-SABADOS-EN-LA-CIENCIA-1-300x200.jpg 300w\" sizes=\"auto, (max-width: 722px) 100vw, 722px\" \/><\/a><p id=\"caption-attachment-53785\" class=\"wp-caption-text\">Elvira Morgado Viveros impartir\u00e1 la conferencia y el taller \u201cLa magia de la ciencia\u201d<\/p><\/div>\n<p>&nbsp;<\/p>\n<p><strong><em>Claudia Peralta V<\/em><\/strong><strong><em>\u00e1zquez<\/em><\/strong><\/p>\n<p><strong><em>21<\/em><\/strong><strong><em>\/09\/18, Xalapa, Ver.-<\/em><\/strong> Este 22 de septiembre inicia el segundo ciclo de conferencias y talleres de S\u00e1bados en la Ciencia, con la pl\u00e1tica \u201cLa magia de la ciencia\u201d, a cargo de Elvira Morgado Viveros, acad\u00e9mica e investigadora de la <a href=\"https:\/\/www.uv.mx\/biologia\/\">Facultad de Biolog\u00eda de la Universidad Veracruzana<\/a> (UV).<\/p>\n<p>Como es de recordar, este programa impulsado por la Direcci\u00f3n General de Investigaciones (DGI) realiza al a\u00f1o dos periodos de conferencias, las cuales tienen lugar a partir de las 11:00 horas en el Auditorio \u201cAlfonso Medell\u00edn Zenil\u201d del Museo de Antropolog\u00eda de Xalapa (MAX), con acceso gratuito para todo el p\u00fablico interesado.<\/p>\n<p>En esta ocasi\u00f3n, Morgado Viveros estar\u00e1 acompa\u00f1ada de estudiantes de la Licenciatura de Biolog\u00eda y de las maestr\u00edas en Ciencias Biol\u00f3gicas y en Neuroetolog\u00eda de la UV, quienes hablar\u00e1n a ni\u00f1os y adultos a trav\u00e9s de un lenguaje comprensible sobre \u201cLa magia de la ciencia\u201d.<\/p>\n<p>Al respecto, coment\u00f3 que la importancia del tema radica en el origen de la humanidad y el desarrollo de la ciencia y el conocimiento; en el inter\u00e9s del hombre por entender lo que ocurr\u00eda a su alrededor y explicarse por qu\u00e9 pasaban ciertas situaciones que \u00e9l observaba tanto en su cuerpo como en su entorno.<\/p>\n<p>Es decir, se cuestionaba por qu\u00e9 ocurr\u00edan las tormentas, la lluvia, el d\u00eda, la noche. Pero, con el surgimiento de la agricultura y la ganader\u00eda, el conocimiento empez\u00f3 a tener apropiaci\u00f3n sobre un mejor desarrollo de las civilizaciones.<\/p>\n<p>Tiempo despu\u00e9s, dijo, se generaron varias corrientes para explicar el entorno, pues muchos de los acontecimientos se los atribu\u00edan a dioses, entes extraordinarios y a la magia.<\/p>\n<p>\u201cTambi\u00e9n surgi\u00f3 la ciencia, que es la generaci\u00f3n de conocimiento sistematizado de manera objetiva, de cosas reales y tangibles, mediante la experimentaci\u00f3n que se puede verificar, cuantificar y debe ser compartida.\u201d<\/p>\n<p>Destac\u00f3 que si bien existen cosas extraordinarias para nosotros, la realidad es que todas tienen una explicaci\u00f3n que obedece a la raz\u00f3n del ser humano. Por este motivo, la conferencia y el taller abordar\u00e1n c\u00f3mo a partir de ese razonamiento podemos aprender del medio que nos rodea y hacer uso del conocimiento.<\/p>\n<p>Asimismo, el p\u00fablico adulto e infantil participar\u00e1 en experimentos muy sencillos utilizando burbujas de jab\u00f3n. \u201cA partir de estos ensayos, el m\u00e9todo cient\u00edfico podr\u00e1 entenderse y emplearse de una forma muy sencilla\u201d, expres\u00f3.<\/p>\n<p>La investigadora dio a conocer que la intervenci\u00f3n de los alumnos de licenciatura y posgrado es muy importante, pues la preparaci\u00f3n de todo el material que emplean les da la oportunidad de desarrollar su creatividad y repasar algunos temas.<\/p>\n<p>\u201cEsto les enriquece mucho, tengo un grupo entusiasta y creativo para este programa que se interacciona con los ni\u00f1os y padres de familia, adem\u00e1s les transmiten conocimiento.\u201d<\/p>\n","protected":false},"excerpt":{"rendered":"<p>La conferencia y el taller ser\u00e1n impartidos por Elvira Morgado Viveros, acad\u00e9mica de la Facultad de Biolog\u00eda<\/p>\n","protected":false},"author":1869,"featured_media":53785,"comment_status":"closed","ping_status":"closed","sticky":false,"template":"","format":"standard","meta":{"footnotes":""},"categories":[47],"tags":[],"class_list":["post-54255","post","type-post","status-publish","format-standard","has-post-thumbnail","hentry","category-eventos"],"_links":{"self":[{"href":"https:\/\/www.uv.mx\/prensa\/wp-json\/wp\/v2\/posts\/54255","targetHints":{"allow":["GET"]}}],"collection":[{"href":"https:\/\/www.uv.mx\/prensa\/wp-json\/wp\/v2\/posts"}],"about":[{"href":"https:\/\/www.uv.mx\/prensa\/wp-json\/wp\/v2\/types\/post"}],"author":[{"embeddable":true,"href":"https:\/\/www.uv.mx\/prensa\/wp-json\/wp\/v2\/users\/1869"}],"replies":[{"embeddable":true,"href":"https:\/\/www.uv.mx\/prensa\/wp-json\/wp\/v2\/comments?post=54255"}],"version-history":[{"count":0,"href":"https:\/\/www.uv.mx\/prensa\/wp-json\/wp\/v2\/posts\/54255\/revisions"}],"wp:featuredmedia":[{"embeddable":true,"href":"https:\/\/www.uv.mx\/prensa\/wp-json\/wp\/v2\/media\/53785"}],"wp:attachment":[{"href":"https:\/\/www.uv.mx\/prensa\/wp-json\/wp\/v2\/media?parent=54255"}],"wp:term":[{"taxonomy":"category","embeddable":true,"href":"https:\/\/www.uv.mx\/prensa\/wp-json\/wp\/v2\/categories?post=54255"},{"taxonomy":"post_tag","embeddable":true,"href":"https:\/\/www.uv.mx\/prensa\/wp-json\/wp\/v2\/tags?post=54255"}],"curies":[{"name":"wp","href":"https:\/\/api.w.org\/{rel}","templated":true}]}}