{"id":54095,"date":"2018-09-19T20:25:58","date_gmt":"2018-09-20T01:25:58","guid":{"rendered":"https:\/\/www.uv.mx\/prensa\/?p=54095"},"modified":"2018-09-20T19:42:02","modified_gmt":"2018-09-21T00:42:02","slug":"alfonso-moreno-emblema-del-arte-musical-en-veracruz-y-mexico","status":"publish","type":"post","link":"https:\/\/www.uv.mx\/prensa\/cultura\/alfonso-moreno-emblema-del-arte-musical-en-veracruz-y-mexico\/","title":{"rendered":"Alfonso Moreno, emblema del arte musical en Veracruz y M\u00e9xico"},"content":{"rendered":"<ul>\n<li><em>Recibi\u00f3 un reconocimiento a su trayectoria en la Sala \u201cManuel M. Ponce\u201d del Palacio de Bellas Artes\u00a0<\/em><\/li>\n<\/ul>\n<p>&nbsp;<\/p>\n<div id=\"attachment_54103\" style=\"width: 730px\" class=\"wp-caption aligncenter\"><a href=\"https:\/\/www.uv.mx\/prensa\/files\/2018\/09\/190918-Cultura-Homenaje-a-Alfonso-Moreno-Bellas-Artes.jpg\"><img loading=\"lazy\" decoding=\"async\" aria-describedby=\"caption-attachment-54103\" class=\"size-full wp-image-54103\" src=\"https:\/\/www.uv.mx\/prensa\/files\/2018\/09\/190918-Cultura-Homenaje-a-Alfonso-Moreno-Bellas-Artes.jpg\" alt=\"\" width=\"720\" height=\"309\" srcset=\"https:\/\/www.uv.mx\/prensa\/files\/2018\/09\/190918-Cultura-Homenaje-a-Alfonso-Moreno-Bellas-Artes.jpg 720w, https:\/\/www.uv.mx\/prensa\/files\/2018\/09\/190918-Cultura-Homenaje-a-Alfonso-Moreno-Bellas-Artes-300x129.jpg 300w, https:\/\/www.uv.mx\/prensa\/files\/2018\/09\/190918-Cultura-Homenaje-a-Alfonso-Moreno-Bellas-Artes-350x150.jpg 350w\" sizes=\"auto, (max-width: 720px) 100vw, 720px\" \/><\/a><p id=\"caption-attachment-54103\" class=\"wp-caption-text\">El representante de la UV en Ciudad de M\u00e9xico, durante el homenaje a Alfonso Moreno en Bellas Artes<\/p><\/div>\n<p>&nbsp;<\/p>\n<p><b><i>Jorge V\u00e1zquez Pacheco<\/i><\/b><\/p>\n<p><b><i>19\/09\/18, Xalapa, <\/i><\/b><b><i>Ver<\/i><\/b><b><i>.<\/i><\/b><b><i>&#8211;<\/i><\/b> La Sala \u201cManuel M. Ponce\u201d del Palacio de Bellas Artes fue el escenario donde se brind\u00f3 un reconocimiento a la trayectoria de Alfonso Moreno como impulsor de arte guitarr\u00edstico en M\u00e9xico y particularmente en Veracruz, quien por prescripci\u00f3n m\u00e9dica no pudo estar presente.<\/p>\n<p>La tarde del viernes 14 de septiembre, Jos\u00e9 Sadot Rivera Banuet, representante de la Universidad Veracruzana (UV) en la Ciudad de M\u00e9xico, ley\u00f3 un mensaje de la rectora Sara Ladr\u00f3n de Guevara, donde expresaba la satisfacci\u00f3n por el homenaje rendido a Moreno, por su intachable trayectoria y por cumplirse 50 a\u00f1os de erigirse vencedor absoluto en el Concurso Internacional de Par\u00eds.<\/p>\n<p>Se mencion\u00f3 la estrecha relaci\u00f3n de la familia Ladr\u00f3n de Guevara con Moreno, el seguimiento que la Rectora ha otorgado desde a\u00f1os atr\u00e1s a la carrera del virtuoso y el reconocimiento que la instituci\u00f3n le entreg\u00f3 mediante el Doctorado <i>Honoris Causa<\/i>, el 8 de mayo de 2016.<\/p>\n<p>Tambi\u00e9n hubo alocuciones de reconocimiento por parte del director del Instituto Veracruzano de la Cultura, Enrique M\u00e1rquez Almaz\u00e1n, as\u00ed como del promotor y coordinador del acontecimiento, C\u00e9sar Espino de la Fuente, comunicador que en Xalapa fue compa\u00f1ero del guitarrista en la escuela primaria.<\/p>\n<p>La parte musical fue protagonizada por el Ensamble Son del Llano del estado de Hidalgo, que ofreci\u00f3 un popurr\u00ed de temas veracruzanos; Hugo Alonso Esparza, guitarrista de Pachuca que interpret\u00f3 obras de Barrios Mangor\u00e9 y Mauro Giuliani, y la Orquesta de Guitarras de Xalapa bajo la direcci\u00f3n de \u00d3rvil Paz, con obras de Jos\u00e9 Pablo Moncayo, Manuel M. Ponce y Arturo M\u00e1rquez.<\/p>\n<p>&nbsp;<\/p>\n","protected":false},"excerpt":{"rendered":"<p>Recibi\u00f3 un reconocimiento a su trayectoria en la Sala \u201cManuel M. Ponce\u201d del Palacio de Bellas Artes\u00a0<\/p>\n","protected":false},"author":1508,"featured_media":54103,"comment_status":"closed","ping_status":"closed","sticky":false,"template":"","format":"standard","meta":{"footnotes":""},"categories":[11],"tags":[],"class_list":["post-54095","post","type-post","status-publish","format-standard","has-post-thumbnail","hentry","category-cultura"],"_links":{"self":[{"href":"https:\/\/www.uv.mx\/prensa\/wp-json\/wp\/v2\/posts\/54095","targetHints":{"allow":["GET"]}}],"collection":[{"href":"https:\/\/www.uv.mx\/prensa\/wp-json\/wp\/v2\/posts"}],"about":[{"href":"https:\/\/www.uv.mx\/prensa\/wp-json\/wp\/v2\/types\/post"}],"author":[{"embeddable":true,"href":"https:\/\/www.uv.mx\/prensa\/wp-json\/wp\/v2\/users\/1508"}],"replies":[{"embeddable":true,"href":"https:\/\/www.uv.mx\/prensa\/wp-json\/wp\/v2\/comments?post=54095"}],"version-history":[{"count":0,"href":"https:\/\/www.uv.mx\/prensa\/wp-json\/wp\/v2\/posts\/54095\/revisions"}],"wp:featuredmedia":[{"embeddable":true,"href":"https:\/\/www.uv.mx\/prensa\/wp-json\/wp\/v2\/media\/54103"}],"wp:attachment":[{"href":"https:\/\/www.uv.mx\/prensa\/wp-json\/wp\/v2\/media?parent=54095"}],"wp:term":[{"taxonomy":"category","embeddable":true,"href":"https:\/\/www.uv.mx\/prensa\/wp-json\/wp\/v2\/categories?post=54095"},{"taxonomy":"post_tag","embeddable":true,"href":"https:\/\/www.uv.mx\/prensa\/wp-json\/wp\/v2\/tags?post=54095"}],"curies":[{"name":"wp","href":"https:\/\/api.w.org\/{rel}","templated":true}]}}