{"id":54068,"date":"2018-09-19T11:50:42","date_gmt":"2018-09-19T16:50:42","guid":{"rendered":"https:\/\/www.uv.mx\/prensa\/?p=54068"},"modified":"2018-09-24T16:55:46","modified_gmt":"2018-09-24T21:55:46","slug":"regiones-participaron-en-simulacro-de-evacuacion-por-sismo","status":"publish","type":"post","link":"https:\/\/www.uv.mx\/prensa\/general\/regiones-participaron-en-simulacro-de-evacuacion-por-sismo\/","title":{"rendered":"Regiones participaron en simulacro de evacuaci\u00f3n"},"content":{"rendered":"<p>&nbsp;<\/p>\n<p><span style=\"font-size: 14pt\">Este mi\u00e9rcoles 19 de septiembre, en los aniversarios de los sismos de 1985 y 2017, la Universidad Veracruzana llev\u00f3 a cabo simulacros de evacuaci\u00f3n en sus cinco regiones, con amplia participaci\u00f3n de su comunidad.<\/span><\/p>\n<p>&nbsp;<\/p>\n<p><strong>Regi\u00f3n Xalapa<\/strong><\/p>\n<div id='gallery-1' class='gallery galleryid-54068 gallery-columns-3 gallery-size-full'><dl class='gallery-item'>\n\t\t\t<dt class='gallery-icon landscape'>\n\t\t\t\t<a href='https:\/\/www.uv.mx\/prensa\/files\/2018\/09\/190918-ciencias-agricolas.jpg'><img loading=\"lazy\" decoding=\"async\" width=\"722\" height=\"482\" src=\"https:\/\/www.uv.mx\/prensa\/files\/2018\/09\/190918-ciencias-agricolas.jpg\" class=\"attachment-full size-full\" alt=\"\" aria-describedby=\"gallery-1-54064\" srcset=\"https:\/\/www.uv.mx\/prensa\/files\/2018\/09\/190918-ciencias-agricolas.jpg 722w, https:\/\/www.uv.mx\/prensa\/files\/2018\/09\/190918-ciencias-agricolas-300x200.jpg 300w\" sizes=\"auto, (max-width: 722px) 100vw, 722px\" \/><\/a>\n\t\t\t<\/dt>\n\t\t\t\t<dd class='wp-caption-text gallery-caption' id='gallery-1-54064'>\n\t\t\t\tEvacuaci\u00f3n en Ciencias Agr\u00edcolas y Biolog\u00eda\n\t\t\t\t<\/dd><\/dl><dl class='gallery-item'>\n\t\t\t<dt class='gallery-icon landscape'>\n\t\t\t\t<a href='https:\/\/www.uv.mx\/prensa\/files\/2018\/09\/19092018-SIMULACRO-1-Banner.jpg'><img loading=\"lazy\" decoding=\"async\" width=\"722\" height=\"482\" src=\"https:\/\/www.uv.mx\/prensa\/files\/2018\/09\/19092018-SIMULACRO-1-Banner.jpg\" class=\"attachment-full size-full\" alt=\"\" aria-describedby=\"gallery-1-54017\" srcset=\"https:\/\/www.uv.mx\/prensa\/files\/2018\/09\/19092018-SIMULACRO-1-Banner.jpg 722w, https:\/\/www.uv.mx\/prensa\/files\/2018\/09\/19092018-SIMULACRO-1-Banner-300x200.jpg 300w\" sizes=\"auto, (max-width: 722px) 100vw, 722px\" \/><\/a>\n\t\t\t<\/dt>\n\t\t\t\t<dd class='wp-caption-text gallery-caption' id='gallery-1-54017'>\n\t\t\t\tEste ejercicio se realiz\u00f3 en todas las regiones universitarias \n\t\t\t\t<\/dd><\/dl><dl class='gallery-item'>\n\t\t\t<dt class='gallery-icon landscape'>\n\t\t\t\t<a href='https:\/\/www.uv.mx\/prensa\/files\/2018\/09\/19092018-SIMULACRO-3.jpg'><img loading=\"lazy\" decoding=\"async\" width=\"722\" height=\"482\" src=\"https:\/\/www.uv.mx\/prensa\/files\/2018\/09\/19092018-SIMULACRO-3.jpg\" class=\"attachment-full size-full\" alt=\"\" aria-describedby=\"gallery-1-54020\" srcset=\"https:\/\/www.uv.mx\/prensa\/files\/2018\/09\/19092018-SIMULACRO-3.jpg 722w, https:\/\/www.uv.mx\/prensa\/files\/2018\/09\/19092018-SIMULACRO-3-300x200.jpg 300w\" sizes=\"auto, (max-width: 722px) 100vw, 722px\" \/><\/a>\n\t\t\t<\/dt>\n\t\t\t\t<dd class='wp-caption-text gallery-caption' id='gallery-1-54020'>\n\t\t\t\tLas brigadas de evacuaci\u00f3n del SUGIR informaron de la amplia participaci\u00f3n de la comunidad UV \n\t\t\t\t<\/dd><\/dl><br style=\"clear: both\" \/><dl class='gallery-item'>\n\t\t\t<dt class='gallery-icon landscape'>\n\t\t\t\t<a href='https:\/\/www.uv.mx\/prensa\/files\/2018\/09\/19092018-SIMULACRO-2.jpg'><img loading=\"lazy\" decoding=\"async\" width=\"722\" height=\"482\" src=\"https:\/\/www.uv.mx\/prensa\/files\/2018\/09\/19092018-SIMULACRO-2.jpg\" class=\"attachment-full size-full\" alt=\"\" aria-describedby=\"gallery-1-54019\" srcset=\"https:\/\/www.uv.mx\/prensa\/files\/2018\/09\/19092018-SIMULACRO-2.jpg 722w, https:\/\/www.uv.mx\/prensa\/files\/2018\/09\/19092018-SIMULACRO-2-300x200.jpg 300w\" sizes=\"auto, (max-width: 722px) 100vw, 722px\" \/><\/a>\n\t\t\t<\/dt>\n\t\t\t\t<dd class='wp-caption-text gallery-caption' id='gallery-1-54019'>\n\t\t\t\tComunidad de la Facultad de Arquitectura mostr\u00f3 destacada participaci\u00f3n\n\t\t\t\t<\/dd><\/dl><dl class='gallery-item'>\n\t\t\t<dt class='gallery-icon landscape'>\n\t\t\t\t<a href='https:\/\/www.uv.mx\/prensa\/files\/2018\/09\/190918-simulacro-vespertino-2.jpg'><img loading=\"lazy\" decoding=\"async\" width=\"722\" height=\"481\" src=\"https:\/\/www.uv.mx\/prensa\/files\/2018\/09\/190918-simulacro-vespertino-2.jpg\" class=\"attachment-full size-full\" alt=\"\" aria-describedby=\"gallery-1-54084\" srcset=\"https:\/\/www.uv.mx\/prensa\/files\/2018\/09\/190918-simulacro-vespertino-2.jpg 722w, https:\/\/www.uv.mx\/prensa\/files\/2018\/09\/190918-simulacro-vespertino-2-300x200.jpg 300w\" sizes=\"auto, (max-width: 722px) 100vw, 722px\" \/><\/a>\n\t\t\t<\/dt>\n\t\t\t\t<dd class='wp-caption-text gallery-caption' id='gallery-1-54084'>\n\t\t\t\tLa actividad se repiti\u00f3 a las 17:20 horas\n\t\t\t\t<\/dd><\/dl><dl class='gallery-item'>\n\t\t\t<dt class='gallery-icon landscape'>\n\t\t\t\t<a href='https:\/\/www.uv.mx\/prensa\/files\/2018\/09\/190918-simulacro-vespertino.jpg'><img loading=\"lazy\" decoding=\"async\" width=\"722\" height=\"482\" src=\"https:\/\/www.uv.mx\/prensa\/files\/2018\/09\/190918-simulacro-vespertino.jpg\" class=\"attachment-full size-full\" alt=\"\" aria-describedby=\"gallery-1-54085\" srcset=\"https:\/\/www.uv.mx\/prensa\/files\/2018\/09\/190918-simulacro-vespertino.jpg 722w, https:\/\/www.uv.mx\/prensa\/files\/2018\/09\/190918-simulacro-vespertino-300x200.jpg 300w\" sizes=\"auto, (max-width: 722px) 100vw, 722px\" \/><\/a>\n\t\t\t<\/dt>\n\t\t\t\t<dd class='wp-caption-text gallery-caption' id='gallery-1-54085'>\n\t\t\t\tLos edificios de la Unidad Central fueron evacuados\n\t\t\t\t<\/dd><\/dl><br style=\"clear: both\" \/>\n\t\t<\/div>\n\n<p>&nbsp;<\/p>\n<p><strong>Regi\u00f3n Poza Rica-Tuxpan<\/strong><\/p>\n<div id='gallery-2' class='gallery galleryid-54068 gallery-columns-4 gallery-size-full'><dl class='gallery-item'>\n\t\t\t<dt class='gallery-icon landscape'>\n\t\t\t\t<a href='https:\/\/www.uv.mx\/prensa\/files\/2018\/09\/190918-POZA-RICA-Odontologia.jpg'><img loading=\"lazy\" decoding=\"async\" width=\"722\" height=\"544\" src=\"https:\/\/www.uv.mx\/prensa\/files\/2018\/09\/190918-POZA-RICA-Odontologia.jpg\" class=\"attachment-full size-full\" alt=\"\" aria-describedby=\"gallery-2-54056\" srcset=\"https:\/\/www.uv.mx\/prensa\/files\/2018\/09\/190918-POZA-RICA-Odontologia.jpg 722w, https:\/\/www.uv.mx\/prensa\/files\/2018\/09\/190918-POZA-RICA-Odontologia-300x226.jpg 300w\" sizes=\"auto, (max-width: 722px) 100vw, 722px\" \/><\/a>\n\t\t\t<\/dt>\n\t\t\t\t<dd class='wp-caption-text gallery-caption' id='gallery-2-54056'>\n\t\t\t\tEvacuaci\u00f3n en Medicina, Odontolog\u00eda, Psicolog\u00eda y Enfermer\u00eda\n\t\t\t\t<\/dd><\/dl><dl class='gallery-item'>\n\t\t\t<dt class='gallery-icon landscape'>\n\t\t\t\t<a href='https:\/\/www.uv.mx\/prensa\/files\/2018\/09\/190918-Simulacro-Poza-Rica.jpg'><img loading=\"lazy\" decoding=\"async\" width=\"722\" height=\"478\" src=\"https:\/\/www.uv.mx\/prensa\/files\/2018\/09\/190918-Simulacro-Poza-Rica.jpg\" class=\"attachment-full size-full\" alt=\"\" aria-describedby=\"gallery-2-54023\" srcset=\"https:\/\/www.uv.mx\/prensa\/files\/2018\/09\/190918-Simulacro-Poza-Rica.jpg 722w, https:\/\/www.uv.mx\/prensa\/files\/2018\/09\/190918-Simulacro-Poza-Rica-300x199.jpg 300w\" sizes=\"auto, (max-width: 722px) 100vw, 722px\" \/><\/a>\n\t\t\t<\/dt>\n\t\t\t\t<dd class='wp-caption-text gallery-caption' id='gallery-2-54023'>\n\t\t\t\tSimulacro en Poza Rica-Tuxpan\n\t\t\t\t<\/dd><\/dl><dl class='gallery-item'>\n\t\t\t<dt class='gallery-icon landscape'>\n\t\t\t\t<a href='https:\/\/www.uv.mx\/prensa\/files\/2018\/09\/190918-POZA-RICA-Pedagogia.jpg'><img loading=\"lazy\" decoding=\"async\" width=\"722\" height=\"541\" src=\"https:\/\/www.uv.mx\/prensa\/files\/2018\/09\/190918-POZA-RICA-Pedagogia.jpg\" class=\"attachment-full size-full\" alt=\"\" aria-describedby=\"gallery-2-54058\" srcset=\"https:\/\/www.uv.mx\/prensa\/files\/2018\/09\/190918-POZA-RICA-Pedagogia.jpg 722w, https:\/\/www.uv.mx\/prensa\/files\/2018\/09\/190918-POZA-RICA-Pedagogia-300x225.jpg 300w\" sizes=\"auto, (max-width: 722px) 100vw, 722px\" \/><\/a>\n\t\t\t<\/dt>\n\t\t\t\t<dd class='wp-caption-text gallery-caption' id='gallery-2-54058'>\n\t\t\t\tSimulacro en Pedagog\u00eda y Trabajo Social\n\t\t\t\t<\/dd><\/dl><dl class='gallery-item'>\n\t\t\t<dt class='gallery-icon landscape'>\n\t\t\t\t<a href='https:\/\/www.uv.mx\/prensa\/files\/2018\/09\/190918-POZA-RICA-Contaduria.jpg'><img loading=\"lazy\" decoding=\"async\" width=\"722\" height=\"403\" src=\"https:\/\/www.uv.mx\/prensa\/files\/2018\/09\/190918-POZA-RICA-Contaduria.jpg\" class=\"attachment-full size-full\" alt=\"\" aria-describedby=\"gallery-2-54055\" srcset=\"https:\/\/www.uv.mx\/prensa\/files\/2018\/09\/190918-POZA-RICA-Contaduria.jpg 722w, https:\/\/www.uv.mx\/prensa\/files\/2018\/09\/190918-POZA-RICA-Contaduria-300x167.jpg 300w\" sizes=\"auto, (max-width: 722px) 100vw, 722px\" \/><\/a>\n\t\t\t<\/dt>\n\t\t\t\t<dd class='wp-caption-text gallery-caption' id='gallery-2-54055'>\n\t\t\t\tLa Facultad de Contadur\u00eda se sum\u00f3 al ejercicio\n\t\t\t\t<\/dd><\/dl><br style=\"clear: both\" \/>\n\t\t<\/div>\n\n<p>&nbsp;<\/p>\n<p><strong>Regi\u00f3n Veracruz<\/strong><\/p>\n<div id='gallery-3' class='gallery galleryid-54068 gallery-columns-4 gallery-size-full'><dl class='gallery-item'>\n\t\t\t<dt class='gallery-icon landscape'>\n\t\t\t\t<a href='https:\/\/www.uv.mx\/prensa\/files\/2018\/09\/190918-simulacro-veracruz-4.jpg'><img loading=\"lazy\" decoding=\"async\" width=\"722\" height=\"406\" src=\"https:\/\/www.uv.mx\/prensa\/files\/2018\/09\/190918-simulacro-veracruz-4.jpg\" class=\"attachment-full size-full\" alt=\"\" aria-describedby=\"gallery-3-54050\" srcset=\"https:\/\/www.uv.mx\/prensa\/files\/2018\/09\/190918-simulacro-veracruz-4.jpg 722w, https:\/\/www.uv.mx\/prensa\/files\/2018\/09\/190918-simulacro-veracruz-4-300x169.jpg 300w\" sizes=\"auto, (max-width: 722px) 100vw, 722px\" \/><\/a>\n\t\t\t<\/dt>\n\t\t\t\t<dd class='wp-caption-text gallery-caption' id='gallery-3-54050'>\n\t\t\t\tAutoridades regionales y equipo del SUGIR-Veracruz\n\t\t\t\t<\/dd><\/dl><dl class='gallery-item'>\n\t\t\t<dt class='gallery-icon landscape'>\n\t\t\t\t<a href='https:\/\/www.uv.mx\/prensa\/files\/2018\/09\/veracruz-odontologia-1.jpg'><img loading=\"lazy\" decoding=\"async\" width=\"722\" height=\"481\" src=\"https:\/\/www.uv.mx\/prensa\/files\/2018\/09\/veracruz-odontologia-1.jpg\" class=\"attachment-full size-full\" alt=\"\" aria-describedby=\"gallery-3-54022\" srcset=\"https:\/\/www.uv.mx\/prensa\/files\/2018\/09\/veracruz-odontologia-1.jpg 722w, https:\/\/www.uv.mx\/prensa\/files\/2018\/09\/veracruz-odontologia-1-300x200.jpg 300w\" sizes=\"auto, (max-width: 722px) 100vw, 722px\" \/><\/a>\n\t\t\t<\/dt>\n\t\t\t\t<dd class='wp-caption-text gallery-caption' id='gallery-3-54022'>\n\t\t\t\tEvacuaci\u00f3n en Odontolog\u00eda\n\t\t\t\t<\/dd><\/dl><dl class='gallery-item'>\n\t\t\t<dt class='gallery-icon landscape'>\n\t\t\t\t<a href='https:\/\/www.uv.mx\/prensa\/files\/2018\/09\/190918-simulacro-veracruz-2.jpg'><img loading=\"lazy\" decoding=\"async\" width=\"722\" height=\"406\" src=\"https:\/\/www.uv.mx\/prensa\/files\/2018\/09\/190918-simulacro-veracruz-2.jpg\" class=\"attachment-full size-full\" alt=\"\" aria-describedby=\"gallery-3-54061\" srcset=\"https:\/\/www.uv.mx\/prensa\/files\/2018\/09\/190918-simulacro-veracruz-2.jpg 722w, https:\/\/www.uv.mx\/prensa\/files\/2018\/09\/190918-simulacro-veracruz-2-300x169.jpg 300w\" sizes=\"auto, (max-width: 722px) 100vw, 722px\" \/><\/a>\n\t\t\t<\/dt>\n\t\t\t\t<dd class='wp-caption-text gallery-caption' id='gallery-3-54061'>\n\t\t\t\tEvacuaci\u00f3n en la Unidad de Ciencias de la Salud\n\t\t\t\t<\/dd><\/dl><dl class='gallery-item'>\n\t\t\t<dt class='gallery-icon landscape'>\n\t\t\t\t<a href='https:\/\/www.uv.mx\/prensa\/files\/2018\/09\/veracruz-educ-fisica-1.jpg'><img loading=\"lazy\" decoding=\"async\" width=\"722\" height=\"542\" src=\"https:\/\/www.uv.mx\/prensa\/files\/2018\/09\/veracruz-educ-fisica-1.jpg\" class=\"attachment-full size-full\" alt=\"\" aria-describedby=\"gallery-3-54052\" srcset=\"https:\/\/www.uv.mx\/prensa\/files\/2018\/09\/veracruz-educ-fisica-1.jpg 722w, https:\/\/www.uv.mx\/prensa\/files\/2018\/09\/veracruz-educ-fisica-1-300x225.jpg 300w\" sizes=\"auto, (max-width: 722px) 100vw, 722px\" \/><\/a>\n\t\t\t<\/dt>\n\t\t\t\t<dd class='wp-caption-text gallery-caption' id='gallery-3-54052'>\n\t\t\t\tEn Educaci\u00f3n F\u00edsica la actividad se desarroll\u00f3 en orden\n\t\t\t\t<\/dd><\/dl><br style=\"clear: both\" \/>\n\t\t<\/div>\n\n<p>&nbsp;<\/p>\n<p><strong>Regi\u00f3n Orizaba-C\u00f3rdoba<\/strong><\/p>\n<div id='gallery-4' class='gallery galleryid-54068 gallery-columns-4 gallery-size-full'><dl class='gallery-item'>\n\t\t\t<dt class='gallery-icon landscape'>\n\t\t\t\t<a href='https:\/\/www.uv.mx\/prensa\/files\/2018\/09\/190918-ORIZABA-1.jpg'><img loading=\"lazy\" decoding=\"async\" width=\"722\" height=\"481\" src=\"https:\/\/www.uv.mx\/prensa\/files\/2018\/09\/190918-ORIZABA-1.jpg\" class=\"attachment-full size-full\" alt=\"\" aria-describedby=\"gallery-4-54048\" srcset=\"https:\/\/www.uv.mx\/prensa\/files\/2018\/09\/190918-ORIZABA-1.jpg 722w, https:\/\/www.uv.mx\/prensa\/files\/2018\/09\/190918-ORIZABA-1-300x200.jpg 300w\" sizes=\"auto, (max-width: 722px) 100vw, 722px\" \/><\/a>\n\t\t\t<\/dt>\n\t\t\t\t<dd class='wp-caption-text gallery-caption' id='gallery-4-54048'>\n\t\t\t\tUniversitarios de Orizaba-C\u00f3rdoba evacuaron las instalaciones\n\t\t\t\t<\/dd><\/dl><dl class='gallery-item'>\n\t\t\t<dt class='gallery-icon landscape'>\n\t\t\t\t<a href='https:\/\/www.uv.mx\/prensa\/files\/2018\/09\/190918-5-Orizaba.jpg'><img loading=\"lazy\" decoding=\"async\" width=\"722\" height=\"406\" src=\"https:\/\/www.uv.mx\/prensa\/files\/2018\/09\/190918-5-Orizaba.jpg\" class=\"attachment-full size-full\" alt=\"\" aria-describedby=\"gallery-4-54021\" srcset=\"https:\/\/www.uv.mx\/prensa\/files\/2018\/09\/190918-5-Orizaba.jpg 722w, https:\/\/www.uv.mx\/prensa\/files\/2018\/09\/190918-5-Orizaba-300x169.jpg 300w\" sizes=\"auto, (max-width: 722px) 100vw, 722px\" \/><\/a>\n\t\t\t<\/dt>\n\t\t\t\t<dd class='wp-caption-text gallery-caption' id='gallery-4-54021'>\n\t\t\t\tEl ejercicio tambi\u00e9n se realiz\u00f3 en Ciencias Qu\u00edmicas\n\t\t\t\t<\/dd><\/dl><dl class='gallery-item'>\n\t\t\t<dt class='gallery-icon landscape'>\n\t\t\t\t<a href='https:\/\/www.uv.mx\/prensa\/files\/2018\/09\/190918-Campus-Ixtac.jpg'><img loading=\"lazy\" decoding=\"async\" width=\"722\" height=\"481\" src=\"https:\/\/www.uv.mx\/prensa\/files\/2018\/09\/190918-Campus-Ixtac.jpg\" class=\"attachment-full size-full\" alt=\"\" aria-describedby=\"gallery-4-54053\" srcset=\"https:\/\/www.uv.mx\/prensa\/files\/2018\/09\/190918-Campus-Ixtac.jpg 722w, https:\/\/www.uv.mx\/prensa\/files\/2018\/09\/190918-Campus-Ixtac-300x200.jpg 300w\" sizes=\"auto, (max-width: 722px) 100vw, 722px\" \/><\/a>\n\t\t\t<\/dt>\n\t\t\t\t<dd class='wp-caption-text gallery-caption' id='gallery-4-54053'>\n\t\t\t\tComunidad del campus Ixtaczoquitl\u00e1n\n\t\t\t\t<\/dd><\/dl><dl class='gallery-item'>\n\t\t\t<dt class='gallery-icon landscape'>\n\t\t\t\t<a href='https:\/\/www.uv.mx\/prensa\/files\/2018\/09\/contaduria-y-admon.jpg'><img loading=\"lazy\" decoding=\"async\" width=\"722\" height=\"481\" src=\"https:\/\/www.uv.mx\/prensa\/files\/2018\/09\/contaduria-y-admon.jpg\" class=\"attachment-full size-full\" alt=\"\" aria-describedby=\"gallery-4-54049\" srcset=\"https:\/\/www.uv.mx\/prensa\/files\/2018\/09\/contaduria-y-admon.jpg 722w, https:\/\/www.uv.mx\/prensa\/files\/2018\/09\/contaduria-y-admon-300x200.jpg 300w\" sizes=\"auto, (max-width: 722px) 100vw, 722px\" \/><\/a>\n\t\t\t<\/dt>\n\t\t\t\t<dd class='wp-caption-text gallery-caption' id='gallery-4-54049'>\n\t\t\t\tEvacuaci\u00f3n en Contadur\u00eda y Administraci\u00f3n\n\t\t\t\t<\/dd><\/dl><br style=\"clear: both\" \/>\n\t\t<\/div>\n\n<p>&nbsp;<\/p>\n<p><strong>Regi\u00f3n Coatzacoalcos-Minatitl\u00e1n<\/strong><\/p>\n<div id='gallery-5' class='gallery galleryid-54068 gallery-columns-4 gallery-size-full'><dl class='gallery-item'>\n\t\t\t<dt class='gallery-icon landscape'>\n\t\t\t\t<a href='https:\/\/www.uv.mx\/prensa\/files\/2018\/09\/190918-Simulacro-Coatza-3.jpg'><img loading=\"lazy\" decoding=\"async\" width=\"722\" height=\"481\" src=\"https:\/\/www.uv.mx\/prensa\/files\/2018\/09\/190918-Simulacro-Coatza-3.jpg\" class=\"attachment-full size-full\" alt=\"\" aria-describedby=\"gallery-5-54018\" srcset=\"https:\/\/www.uv.mx\/prensa\/files\/2018\/09\/190918-Simulacro-Coatza-3.jpg 722w, https:\/\/www.uv.mx\/prensa\/files\/2018\/09\/190918-Simulacro-Coatza-3-300x200.jpg 300w\" sizes=\"auto, (max-width: 722px) 100vw, 722px\" \/><\/a>\n\t\t\t<\/dt>\n\t\t\t\t<dd class='wp-caption-text gallery-caption' id='gallery-5-54018'>\n\t\t\t\tEl simulacro se realiz\u00f3 sin contratiempos en  Coatzacoalcos-Minatitl\u00e1n \n\t\t\t\t<\/dd><\/dl><dl class='gallery-item'>\n\t\t\t<dt class='gallery-icon landscape'>\n\t\t\t\t<a href='https:\/\/www.uv.mx\/prensa\/files\/2018\/09\/190918-COATZA-1.jpg'><img loading=\"lazy\" decoding=\"async\" width=\"722\" height=\"481\" src=\"https:\/\/www.uv.mx\/prensa\/files\/2018\/09\/190918-COATZA-1.jpg\" class=\"attachment-full size-full\" alt=\"\" aria-describedby=\"gallery-5-54042\" srcset=\"https:\/\/www.uv.mx\/prensa\/files\/2018\/09\/190918-COATZA-1.jpg 722w, https:\/\/www.uv.mx\/prensa\/files\/2018\/09\/190918-COATZA-1-300x200.jpg 300w\" sizes=\"auto, (max-width: 722px) 100vw, 722px\" \/><\/a>\n\t\t\t<\/dt>\n\t\t\t\t<dd class='wp-caption-text gallery-caption' id='gallery-5-54042'>\n\t\t\t\tEquipo del SUGIR, regi\u00f3n Coatzacoalcos\n\t\t\t\t<\/dd><\/dl><dl class='gallery-item'>\n\t\t\t<dt class='gallery-icon landscape'>\n\t\t\t\t<a href='https:\/\/www.uv.mx\/prensa\/files\/2018\/09\/190918-COATZA-6.jpg'><img loading=\"lazy\" decoding=\"async\" width=\"722\" height=\"542\" src=\"https:\/\/www.uv.mx\/prensa\/files\/2018\/09\/190918-COATZA-6.jpg\" class=\"attachment-full size-full\" alt=\"\" aria-describedby=\"gallery-5-54046\" srcset=\"https:\/\/www.uv.mx\/prensa\/files\/2018\/09\/190918-COATZA-6.jpg 722w, https:\/\/www.uv.mx\/prensa\/files\/2018\/09\/190918-COATZA-6-300x225.jpg 300w\" sizes=\"auto, (max-width: 722px) 100vw, 722px\" \/><\/a>\n\t\t\t<\/dt>\n\t\t\t\t<dd class='wp-caption-text gallery-caption' id='gallery-5-54046'>\n\t\t\t\tEn Minatitl\u00e1n, los universitarios acataron las indicaciones del SUGIR\n\t\t\t\t<\/dd><\/dl><dl class='gallery-item'>\n\t\t\t<dt class='gallery-icon landscape'>\n\t\t\t\t<a href='https:\/\/www.uv.mx\/prensa\/files\/2018\/09\/190918-COATZA-2.jpg'><img loading=\"lazy\" decoding=\"async\" width=\"722\" height=\"542\" src=\"https:\/\/www.uv.mx\/prensa\/files\/2018\/09\/190918-COATZA-2.jpg\" class=\"attachment-full size-full\" alt=\"\" aria-describedby=\"gallery-5-54043\" srcset=\"https:\/\/www.uv.mx\/prensa\/files\/2018\/09\/190918-COATZA-2.jpg 722w, https:\/\/www.uv.mx\/prensa\/files\/2018\/09\/190918-COATZA-2-300x225.jpg 300w\" sizes=\"auto, (max-width: 722px) 100vw, 722px\" \/><\/a>\n\t\t\t<\/dt>\n\t\t\t\t<dd class='wp-caption-text gallery-caption' id='gallery-5-54043'>\n\t\t\t\tMiembros del SUGIR coordinaron el simulacro\n\t\t\t\t<\/dd><\/dl><br style=\"clear: both\" \/>\n\t\t<\/div>\n\n","protected":false},"excerpt":{"rendered":"<p>Este mi\u00e9rcoles 19 de septiembre, en los aniversarios de los sismos de 1985 y 2017, la Universidad Veracruzana llev\u00f3 a cabo simulacros de evacuaci\u00f3n en sus cinco regiones, con amplia participaci\u00f3n de la comunidad<\/p>\n","protected":false},"author":1508,"featured_media":54056,"comment_status":"closed","ping_status":"closed","sticky":false,"template":"","format":"standard","meta":{"footnotes":""},"categories":[1],"tags":[],"class_list":["post-54068","post","type-post","status-publish","format-standard","has-post-thumbnail","hentry","category-general"],"_links":{"self":[{"href":"https:\/\/www.uv.mx\/prensa\/wp-json\/wp\/v2\/posts\/54068","targetHints":{"allow":["GET"]}}],"collection":[{"href":"https:\/\/www.uv.mx\/prensa\/wp-json\/wp\/v2\/posts"}],"about":[{"href":"https:\/\/www.uv.mx\/prensa\/wp-json\/wp\/v2\/types\/post"}],"author":[{"embeddable":true,"href":"https:\/\/www.uv.mx\/prensa\/wp-json\/wp\/v2\/users\/1508"}],"replies":[{"embeddable":true,"href":"https:\/\/www.uv.mx\/prensa\/wp-json\/wp\/v2\/comments?post=54068"}],"version-history":[{"count":0,"href":"https:\/\/www.uv.mx\/prensa\/wp-json\/wp\/v2\/posts\/54068\/revisions"}],"wp:featuredmedia":[{"embeddable":true,"href":"https:\/\/www.uv.mx\/prensa\/wp-json\/wp\/v2\/media\/54056"}],"wp:attachment":[{"href":"https:\/\/www.uv.mx\/prensa\/wp-json\/wp\/v2\/media?parent=54068"}],"wp:term":[{"taxonomy":"category","embeddable":true,"href":"https:\/\/www.uv.mx\/prensa\/wp-json\/wp\/v2\/categories?post=54068"},{"taxonomy":"post_tag","embeddable":true,"href":"https:\/\/www.uv.mx\/prensa\/wp-json\/wp\/v2\/tags?post=54068"}],"curies":[{"name":"wp","href":"https:\/\/api.w.org\/{rel}","templated":true}]}}