{"id":54030,"date":"2018-09-19T11:59:57","date_gmt":"2018-09-19T16:59:57","guid":{"rendered":"https:\/\/www.uv.mx\/prensa\/?p=54030"},"modified":"2018-09-20T10:48:12","modified_gmt":"2018-09-20T15:48:12","slug":"artes-plasticas-invita-al-curso-produccion-audiovisual-documental","status":"publish","type":"post","link":"https:\/\/www.uv.mx\/prensa\/general\/artes-plasticas-invita-al-curso-produccion-audiovisual-documental\/","title":{"rendered":"Artes Pl\u00e1sticas invita al curso Producci\u00f3n Audiovisual Documental"},"content":{"rendered":"<div id=\"attachment_53884\" style=\"width: 732px\" class=\"wp-caption aligncenter\"><a href=\"https:\/\/www.uv.mx\/prensa\/files\/2018\/09\/170918-COLABORACION-Produccion-Audiovisual.jpg\"><img loading=\"lazy\" decoding=\"async\" aria-describedby=\"caption-attachment-53884\" class=\"wp-image-53884 size-full\" src=\"https:\/\/www.uv.mx\/prensa\/files\/2018\/09\/170918-COLABORACION-Produccion-Audiovisual.jpg\" alt=\"\" width=\"722\" height=\"467\" srcset=\"https:\/\/www.uv.mx\/prensa\/files\/2018\/09\/170918-COLABORACION-Produccion-Audiovisual.jpg 722w, https:\/\/www.uv.mx\/prensa\/files\/2018\/09\/170918-COLABORACION-Produccion-Audiovisual-300x194.jpg 300w\" sizes=\"auto, (max-width: 722px) 100vw, 722px\" \/><\/a><p id=\"caption-attachment-53884\" class=\"wp-caption-text\">Los asistentes desarrollar\u00e1n un proyecto de video documental<\/p><\/div>\n<p>&nbsp;<\/p>\n<p><b><i>19\/09\/18, Xalapa, Ver.- <\/i><\/b><a href=\"https:\/\/www.uv.mx\/artesplasticas\/\">La\u00a0Facultad de Artes Pl\u00e1sticas\u00a0<\/a><!--more-->y Oft\u00e1lmica Cine invitan al curso Producci\u00f3n Audiovisual Documental \u201cIntroducci\u00f3n al an\u00e1lisis y pr\u00e1ctica\u201d, que se desarrollar\u00e1 entre el 29 de septiembre y el 27 de octubre.<\/p>\n<p>El curso, avalado por el Departamento de Educaci\u00f3n Continua de esta casa de estudios, tiene una duraci\u00f3n de 25 horas con cinco sesiones sabatinas, de 9:00 a 14:00 horas, en la Facultad de Artes Pl\u00e1sticas, ubicada en Belisario Dom\u00ednguez n\u00famero 25, en el centro de la ciudad.<\/p>\n<p>El objetivo es entender el cine documental como una herramienta de investigaci\u00f3n y creaci\u00f3n al alcance de todos, adem\u00e1s de estudiar la importancia que juega la comunicaci\u00f3n audiovisual en la sociedad contempor\u00e1nea. De este modo, durante el curso los asistentes desarrollar\u00e1n un proyecto de video documental que culminar\u00e1 con la carpeta de producci\u00f3n del mismo.<\/p>\n<p>El p\u00fablico a captar: estudiantes, maestros, creativos y p\u00fablico en general, mayores de 15 a\u00f1os. No es necesario tener conocimientos previos ni contar con equipo propio de video. Se revisar\u00e1n temas como: historia del cine documental, televisi\u00f3n y video, etapas de producci\u00f3n audiovisual e introducci\u00f3n al an\u00e1lisis cinematogr\u00e1fico.<\/p>\n<p>Los responsables de impartir las clases son Tal\u00eda Montiel y Pablo Romo, integrantes del colectivo Oft\u00e1lmica Cine, ambos realizadores y promotores culturales, con experiencia en producci\u00f3n y an\u00e1lisis cinematogr\u00e1fico.<\/p>\n<p>La inscripci\u00f3n es de 150 pesos m\u00e1s una cuota de recuperaci\u00f3n de mil pesos. El pago se realiza en la direcci\u00f3n de la Facultad de Artes Pl\u00e1sticas, de lunes a viernes de 9:00 a 14:00 horas.<\/p>\n<p>Producci\u00f3n Audiovisual Documental \u201cIntroducci\u00f3n al an\u00e1lisis y pr\u00e1ctica\u201d, iniciar\u00e1 el s\u00e1bado 29 de septiembre y continuar\u00e1 los d\u00edas 6, 13, 20 y 27 de octubre. Para mayor informaci\u00f3n escribir a los correos: <a href=\"mailto:cualtalia@gmail.com\">cualtalia@gmail.com<\/a> y <a href=\"mailto:famosoodie@gmail.com\">famosoodie@gmail.com<\/a><\/p>\n","protected":false},"excerpt":{"rendered":"<p>Ser\u00e1 impartido por Tal\u00eda Montiel y Pablo Romo, integrantes del colectivo Oft\u00e1lmica Cine<\/p>\n","protected":false},"author":1508,"featured_media":53884,"comment_status":"closed","ping_status":"closed","sticky":false,"template":"","format":"standard","meta":{"footnotes":""},"categories":[1],"tags":[],"class_list":["post-54030","post","type-post","status-publish","format-standard","has-post-thumbnail","hentry","category-general"],"_links":{"self":[{"href":"https:\/\/www.uv.mx\/prensa\/wp-json\/wp\/v2\/posts\/54030","targetHints":{"allow":["GET"]}}],"collection":[{"href":"https:\/\/www.uv.mx\/prensa\/wp-json\/wp\/v2\/posts"}],"about":[{"href":"https:\/\/www.uv.mx\/prensa\/wp-json\/wp\/v2\/types\/post"}],"author":[{"embeddable":true,"href":"https:\/\/www.uv.mx\/prensa\/wp-json\/wp\/v2\/users\/1508"}],"replies":[{"embeddable":true,"href":"https:\/\/www.uv.mx\/prensa\/wp-json\/wp\/v2\/comments?post=54030"}],"version-history":[{"count":0,"href":"https:\/\/www.uv.mx\/prensa\/wp-json\/wp\/v2\/posts\/54030\/revisions"}],"wp:featuredmedia":[{"embeddable":true,"href":"https:\/\/www.uv.mx\/prensa\/wp-json\/wp\/v2\/media\/53884"}],"wp:attachment":[{"href":"https:\/\/www.uv.mx\/prensa\/wp-json\/wp\/v2\/media?parent=54030"}],"wp:term":[{"taxonomy":"category","embeddable":true,"href":"https:\/\/www.uv.mx\/prensa\/wp-json\/wp\/v2\/categories?post=54030"},{"taxonomy":"post_tag","embeddable":true,"href":"https:\/\/www.uv.mx\/prensa\/wp-json\/wp\/v2\/tags?post=54030"}],"curies":[{"name":"wp","href":"https:\/\/api.w.org\/{rel}","templated":true}]}}